{"id":40637,"date":"2025-10-07T13:51:56","date_gmt":"2025-10-07T11:51:56","guid":{"rendered":"https:\/\/mueblesdetena.es\/?p=40637"},"modified":"2025-10-07T13:52:00","modified_gmt":"2025-10-07T11:52:00","slug":"decoracion-calida-otono-7-novedades-en-detena","status":"publish","type":"post","link":"https:\/\/mueblesdetena.es\/ru_ru\/decoracion-calida-otono-7-novedades-en-detena\/","title":{"rendered":"Decoraci\u00f3n c\u00e1lida para oto\u00f1o: 7 novedades en Muebles Detena"},"content":{"rendered":"<p class=\"has-medium-font-size wp-block-paragraph\">El oto\u00f1o llega con su inconfundible paleta de colores y con ese aire sereno que invita a transformar nuestros hogares. Es la estaci\u00f3n en la que la naturaleza se viste de tonos tierra y nosotros buscamos acompa\u00f1ar ese cambio con una decoraci\u00f3n c\u00e1lida que abrace cada estancia con nuevas sensaciones.<\/p>\n\n\n\n<p class=\"has-medium-font-size wp-block-paragraph\">Cuando las tardes se acortan y el aire se vuelve m\u00e1s fresco, la casa pide una atm\u00f3sfera diferente. Un cambio de estaci\u00f3n es tambi\u00e9n un cambio de \u00e1nimo, y la decoraci\u00f3n c\u00e1lida del oto\u00f1o se convierte en el recurso perfecto para renovar energ\u00edas y redescubrir rincones que inspiran calma y bienestar.<\/p>\n\n\n\n<p class=\"has-medium-font-size wp-block-paragraph\">Los tonos ocres, las texturas naturales y la luz suave son los verdaderos protagonistas. Apostar por materiales nobles y detalles que transmiten confort nos permite crear refugios acogedores. As\u00ed, la <a href=\"https:\/\/mueblesdetena.es\/ru_ru\/sofa-chaise-longue-electrico-enzo\/\">decoraci\u00f3n c\u00e1lida<\/a> se convierte en un lenguaje emocional que hace del oto\u00f1o la temporada m\u00e1s hospitalaria del hogar y que te traemos a trav\u00e9s de <a href=\"https:\/\/mueblesdetena.es\/ru_ru\/\">Muebles Detena<\/a>.<\/p>\n\n\n\n<div style=\"height:25px\" aria-hidden=\"true\" class=\"wp-block-spacer\"><\/div>\n\n\n\n<div id=\"ez-toc-container\" class=\"ez-toc-v2_0_85 counter-hierarchy ez-toc-counter ez-toc-grey ez-toc-container-direction\">\n<div class=\"ez-toc-title-container\">\n<p class=\"ez-toc-title\" style=\"cursor:inherit\">Table of Contents<\/p>\n<span class=\"ez-toc-title-toggle\"><a href=\"#\" class=\"ez-toc-pull-right ez-toc-btn ez-toc-btn-xs ez-toc-btn-default ez-toc-toggle\" aria-label=\"Toggle Table of Content\"><span class=\"ez-toc-js-icon-con\"><span class=\"\"><span class=\"eztoc-hide\" style=\"display:none;\">Toggle<\/span><span class=\"ez-toc-icon-toggle-span\"><svg style=\"fill: #999;color:#999\" xmlns=\"http:\/\/www.w3.org\/2000\/svg\" class=\"list-377408\" width=\"20px\" height=\"20px\" viewbox=\"0 0 24 24\" fill=\"none\"><path d=\"M6 6H4v2h2V6zm14 0H8v2h12V6zM4 11h2v2H4v-2zm16 0H8v2h12v-2zM4 16h2v2H4v-2zm16 0H8v2h12v-2z\" fill=\"currentColor\"><\/path><\/svg><svg style=\"fill: #999;color:#999\" class=\"arrow-unsorted-368013\" xmlns=\"http:\/\/www.w3.org\/2000\/svg\" width=\"10px\" height=\"10px\" viewbox=\"0 0 24 24\" version=\"1.2\" baseprofile=\"tiny\"><path d=\"M18.2 9.3l-6.2-6.3-6.2 6.3c-.2.2-.3.4-.3.7s.1.5.3.7c.2.2.4.3.7.3h11c.3 0 .5-.1.7-.3.2-.2.3-.5.3-.7s-.1-.5-.3-.7zM5.8 14.7l6.2 6.3 6.2-6.3c.2-.2.3-.5.3-.7s-.1-.5-.3-.7c-.2-.2-.4-.3-.7-.3h-11c-.3 0-.5.1-.7.3-.2.2-.3.5-.3.7s.1.5.3.7z\"\/><\/svg><\/span><\/span><\/span><\/a><\/span><\/div>\n<nav><ul class='ez-toc-list ez-toc-list-level-1' ><li class='ez-toc-page-1 ez-toc-heading-level-2'><a class=\"ez-toc-link ez-toc-heading-1\" href=\"https:\/\/mueblesdetena.es\/ru_ru\/decoracion-calida-otono-7-novedades-en-detena\/#Idea_1_Colores_que_abrigan_las_estancias\" >Idea 1: Colores que abrigan las estancias<\/a><\/li><li class='ez-toc-page-1 ez-toc-heading-level-2'><a class=\"ez-toc-link ez-toc-heading-2\" href=\"https:\/\/mueblesdetena.es\/ru_ru\/decoracion-calida-otono-7-novedades-en-detena\/#Idea_2_Texturas_naturales_que_transforman\" >Idea 2: Texturas naturales que transforman<\/a><\/li><li class='ez-toc-page-1 ez-toc-heading-level-2'><a class=\"ez-toc-link ez-toc-heading-3\" href=\"https:\/\/mueblesdetena.es\/ru_ru\/decoracion-calida-otono-7-novedades-en-detena\/#Idea_3_Iluminacion_calida_para_tardes_mas_cortas\" >Idea 3: Iluminaci\u00f3n c\u00e1lida para tardes m\u00e1s cortas<\/a><\/li><li class='ez-toc-page-1 ez-toc-heading-level-2'><a class=\"ez-toc-link ez-toc-heading-4\" href=\"https:\/\/mueblesdetena.es\/ru_ru\/decoracion-calida-otono-7-novedades-en-detena\/#Idea_4_Revestimientos_que_cuentan_historias\" >Idea 4: Revestimientos que cuentan historias<\/a><\/li><li class='ez-toc-page-1 ez-toc-heading-level-2'><a class=\"ez-toc-link ez-toc-heading-5\" href=\"https:\/\/mueblesdetena.es\/ru_ru\/decoracion-calida-otono-7-novedades-en-detena\/#Idea_5_Arte_y_objetos_con_alma\" >Idea 5: Arte y objetos con alma<\/a><\/li><li class='ez-toc-page-1 ez-toc-heading-level-2'><a class=\"ez-toc-link ez-toc-heading-6\" href=\"https:\/\/mueblesdetena.es\/ru_ru\/decoracion-calida-otono-7-novedades-en-detena\/#Idea_6_Rincones_de_calma_y_confort\" >Idea 6: Rincones de calma y confort<\/a><\/li><li class='ez-toc-page-1 ez-toc-heading-level-2'><a class=\"ez-toc-link ez-toc-heading-7\" href=\"https:\/\/mueblesdetena.es\/ru_ru\/decoracion-calida-otono-7-novedades-en-detena\/#Idea_7_La_naturaleza_como_inspiracion\" >Idea 7: La naturaleza como inspiraci\u00f3n<\/a><\/li><li class='ez-toc-page-1 ez-toc-heading-level-2'><a class=\"ez-toc-link ez-toc-heading-8\" href=\"https:\/\/mueblesdetena.es\/ru_ru\/decoracion-calida-otono-7-novedades-en-detena\/#Consejos_finales_para_una_decoracion_calida_en_otono\" >Consejos finales para una decoraci\u00f3n c\u00e1lida en oto\u00f1o<\/a><\/li><\/ul><\/nav><\/div>\n<h2 class=\"wp-block-heading\"><span class=\"ez-toc-section\" id=\"Idea_1_Colores_que_abrigan_las_estancias\"><\/span>Idea 1: Colores que abrigan las estancias<span class=\"ez-toc-section-end\"><\/span><\/h2>\n\n\n\n<p class=\"has-medium-font-size wp-block-paragraph\">El oto\u00f1o invita a envolver cada rinc\u00f3n del hogar con <strong>tonalidades tierra, ocres suaves, terracotas y verdes oliva<\/strong>. Estos matices, inspirados en la naturaleza, transmiten calma y serenidad. Son la base de una decoraci\u00f3n c\u00e1lida que transforma cualquier estancia en un refugio acogedor donde apetece quedarse.<\/p>\n\n\n\n<p class=\"has-medium-font-size wp-block-paragraph\">Aplicar estos colores en paredes es una apuesta segura para renovar ambientes. <strong>Un tono arena en el sal\u00f3n, un verde oliva en el dormitorio o un terracota en el recibidor<\/strong> aportan car\u00e1cter sin necesidad de grandes cambios. Son elecciones que aportan calidez y acompa\u00f1an la transici\u00f3n estacional del oto\u00f1o.<\/p>\n\n\n\n<p class=\"has-medium-font-size wp-block-paragraph\">Los textiles son aliados imprescindibles para integrar esta paleta crom\u00e1tica. <strong>Cojines en mostaza apagado, alfombras en tonos \u00f3xido o mantas de lana en arcilla<\/strong> cambian la percepci\u00f3n del espacio al instante. Estos peque\u00f1os detalles logran una decoraci\u00f3n c\u00e1lida sin esfuerzo, capaz de transformar la atm\u00f3sfera con un simple gesto.<\/p>\n\n\n\n<p class=\"has-medium-font-size wp-block-paragraph\">La naturaleza es la gran inspiraci\u00f3n: <strong>hojas secas, cortezas, ramas y frutos de temporada<\/strong> inspiran gamas crom\u00e1ticas aut\u00e9nticas. Incorporarlas en el hogar, ya sea en centros de mesa o en estampados textiles, potencia esa conexi\u00f3n sensorial. El resultado es un ambiente oto\u00f1al cargado de armon\u00eda, donde los colores abrigan tanto como un abrazo.<\/p>\n\n\n\n<div style=\"height:25px\" aria-hidden=\"true\" class=\"wp-block-spacer\"><\/div>\n\n\n\n<figure class=\"wp-block-image alignfull size-full\"><img fetchpriority=\"high\" decoding=\"async\" width=\"2368\" height=\"1318\" src=\"https:\/\/mueblesdetena.es\/wp-content\/uploads\/2025\/09\/decoracion-calida-otono-2.jpg\" alt=\"decoraci\u00f3n c\u00e1lida, oto\u00f1o\" class=\"wp-image-40639\" srcset=\"https:\/\/mueblesdetena.es\/wp-content\/uploads\/2025\/09\/decoracion-calida-otono-2.jpg 2368w, https:\/\/mueblesdetena.es\/wp-content\/uploads\/2025\/09\/decoracion-calida-otono-2-300x167.jpg 300w, https:\/\/mueblesdetena.es\/wp-content\/uploads\/2025\/09\/decoracion-calida-otono-2-1024x570.jpg 1024w, https:\/\/mueblesdetena.es\/wp-content\/uploads\/2025\/09\/decoracion-calida-otono-2-768x427.jpg 768w, https:\/\/mueblesdetena.es\/wp-content\/uploads\/2025\/09\/decoracion-calida-otono-2-1536x855.jpg 1536w, https:\/\/mueblesdetena.es\/wp-content\/uploads\/2025\/09\/decoracion-calida-otono-2-2048x1140.jpg 2048w, https:\/\/mueblesdetena.es\/wp-content\/uploads\/2025\/09\/decoracion-calida-otono-2-600x334.jpg 600w\" sizes=\"(max-width: 2368px) 100vw, 2368px\" \/><figcaption class=\"wp-element-caption\"><a href=\"https:\/\/mueblesdetena.es\/ru_ru\/salon-comedor-arko-503\/\"><em>Sal\u00f3n comedor Arko 503<\/em><\/a><\/figcaption><\/figure>\n\n\n\n<div style=\"height:25px\" aria-hidden=\"true\" class=\"wp-block-spacer\"><\/div>\n\n\n\n<h2 class=\"wp-block-heading\"><span class=\"ez-toc-section\" id=\"Idea_2_Texturas_naturales_que_transforman\"><\/span>Idea 2: Texturas naturales que transforman<span class=\"ez-toc-section-end\"><\/span><\/h2>\n\n\n\n<p class=\"has-medium-font-size wp-block-paragraph\"><strong>La madera, las fibras vegetales, el lino o el terciopelo<\/strong> son materiales que este oto\u00f1o conquistan los interiores. Cada uno aporta matices \u00fanicos: desde la nobleza de una mesa en roble hasta la frescura del lino en peque\u00f1os detalles. La clave est\u00e1 en combinarlos para lograr una decoraci\u00f3n c\u00e1lida y atemporal.<\/p>\n\n\n\n<p class=\"has-medium-font-size wp-block-paragraph\">En sof\u00e1s, mantas y cortinas, los textiles se convierten en los grandes protagonistas. <strong>Un sof\u00e1 tapizado en terciopelo caramelo, una manta de lana gruesa o unas cortinas de lino<\/strong> aportan profundidad visual y una sensaci\u00f3n envolvente. Son recursos sencillos que transforman cualquier estancia en un refugio perfecto para el oto\u00f1o.<\/p>\n\n\n\n<p class=\"has-medium-font-size wp-block-paragraph\">Las capas y la superposici\u00f3n marcan la diferencia. <strong>Colocar un plaid sobre el respaldo, mezclar cojines de distintas texturas o combinar alfombras superpuestas<\/strong> genera dinamismo. Estos gestos aportan calidez inmediata y permiten personalizar la decoraci\u00f3n c\u00e1lida del hogar con un aire acogedor que acompa\u00f1a a la estaci\u00f3n oto\u00f1al.<\/p>\n\n\n\n<p class=\"has-medium-font-size wp-block-paragraph\">La tendencia del \u201ctacto sensorial\u201d invita a rodearse de piezas que transmiten sensaciones. No se trata solo de lo que se ve, sino de lo que se siente al contacto: <strong>fibras suaves, lanas mullidas o la porosidad de la cer\u00e1mica<\/strong>. Estos materiales convierten el oto\u00f1o en una experiencia completa de confort y emoci\u00f3n.<\/p>\n\n\n\n<div style=\"height:25px\" aria-hidden=\"true\" class=\"wp-block-spacer\"><\/div>\n\n\n\n<h2 class=\"wp-block-heading\"><span class=\"ez-toc-section\" id=\"Idea_3_Iluminacion_calida_para_tardes_mas_cortas\"><\/span>Idea 3: Iluminaci\u00f3n c\u00e1lida para tardes m\u00e1s cortas<span class=\"ez-toc-section-end\"><\/span><\/h2>\n\n\n\n<p class=\"has-medium-font-size wp-block-paragraph\">Las tardes de oto\u00f1o nos invitan a recogernos y disfrutar de la calma del hogar. En este contexto, las <strong><a href=\"https:\/\/www.lamparayluz.es\/iluminacion-interior\/lamparas-de-pie\" target=\"_blank\" rel=\"noopener\">l\u00e1mparas de pie<\/a> y los <a href=\"https:\/\/www.lamparayluz.es\/iluminacion-interior\/apliques-de-pared\" target=\"_blank\" rel=\"noopener\">apliques de pared<\/a><\/strong> se convierten en aliados imprescindibles para lograr una decoraci\u00f3n c\u00e1lida. <strong>Apostar por bombillas de luz c\u00e1lida<\/strong> transforma al instante la atm\u00f3sfera de cualquier estancia.<\/p>\n\n\n\n<p class=\"has-medium-font-size wp-block-paragraph\">La luz indirecta cobra protagonismo cuando buscamos un ambiente acogedor. <strong>Orientar la iluminaci\u00f3n hacia techos o paredes suaviza las sombras y realza los tonos de la temporada<\/strong>. En salones y dormitorios, este recurso aporta armon\u00eda y convierte los espacios en refugios perfectos para vivir el oto\u00f1o con serenidad.<\/p>\n\n\n\n<p class=\"has-medium-font-size wp-block-paragraph\">Las <strong>velas y faroles<\/strong> son peque\u00f1os gestos que marcan la diferencia. <strong>Colocados estrat\u00e9gicamente sobre mesas auxiliares o repisas<\/strong>, aportan un destello \u00edntimo que dialoga con la penumbra natural de los d\u00edas m\u00e1s cortos. Su luz parpadeante se integra con materiales naturales y realza la decoraci\u00f3n c\u00e1lida en rincones especiales.<\/p>\n\n\n\n<p class=\"has-medium-font-size wp-block-paragraph\">Imagina un sal\u00f3n transformado con <strong>tres puntos de luz: una l\u00e1mpara de pie junto al sof\u00e1, un aplique en la pared y un conjunto de velas en la mesa baja<\/strong>. Con esta combinaci\u00f3n sencilla, el espacio se llena de matices c\u00e1lidos y refleja el esp\u00edritu del oto\u00f1o.<\/p>\n\n\n\n<div style=\"height:25px\" aria-hidden=\"true\" class=\"wp-block-spacer\"><\/div>\n\n\n\n<h2 class=\"wp-block-heading\"><span class=\"ez-toc-section\" id=\"Idea_4_Revestimientos_que_cuentan_historias\"><\/span>Idea 4: Revestimientos que cuentan historias<span class=\"ez-toc-section-end\"><\/span><\/h2>\n\n\n\n<p class=\"has-medium-font-size wp-block-paragraph\">Las paredes se convierten en lienzos cuando se visten con <strong>estucos de acabado mate, panelados de madera o papeles pintados con textura<\/strong>. Estos recursos aportan un trasfondo rico en matices que transforma cualquier estancia. Son aliados ideales para transmitir esa sensaci\u00f3n envolvente que buscamos al renovar el hogar en oto\u00f1o.<\/p>\n\n\n\n<p class=\"has-medium-font-size wp-block-paragraph\">Lo m\u00e1s interesante de <strong>estos revestimientos es que logran aportar profundidad sin sobrecargar los espacios<\/strong>. La clave est\u00e1 en elegir acabados que respiren serenidad y dejen hablar a la luz natural. As\u00ed, la decoraci\u00f3n c\u00e1lida encuentra un equilibrio perfecto entre elegancia, armon\u00eda y una atm\u00f3sfera acogedora en cada rinc\u00f3n.<\/p>\n\n\n\n<p class=\"has-medium-font-size wp-block-paragraph\">Un <strong>detalle artesanal<\/strong> puede marcar la diferencia. <strong>Piezas en cer\u00e1mica con esmaltes \u00fanicos o fibras trenzadas a mano<\/strong> elevan la personalidad de las paredes. Estas creaciones, <strong>m\u00e1s all\u00e1 de su funci\u00f3n est\u00e9tica, aportan historia y autenticidad<\/strong>, dos ingredientes esenciales para quienes buscan una decoraci\u00f3n c\u00e1lida con alma este oto\u00f1o.<\/p>\n\n\n\n<p class=\"has-medium-font-size wp-block-paragraph\">El <strong>contraste<\/strong> juega un papel fundamental: <strong>bases neutras que aportan calma combinadas con peque\u00f1os toques decorativos en tonos tierra o rojizos<\/strong>. Esa dualidad aporta dinamismo y riqueza visual sin perder la serenidad. En esta estaci\u00f3n, la decoraci\u00f3n c\u00e1lida se enriquece con capas sutiles que invitan a disfrutar del oto\u00f1o en casa.<\/p>\n\n\n\n<div style=\"height:25px\" aria-hidden=\"true\" class=\"wp-block-spacer\"><\/div>\n\n\n\n<figure class=\"wp-block-image size-full\"><img decoding=\"async\" width=\"2368\" height=\"1318\" src=\"https:\/\/mueblesdetena.es\/wp-content\/uploads\/2025\/09\/decoracion-calida-otono-3.jpg\" alt=\"decoraci\u00f3n c\u00e1lida, oto\u00f1o\" class=\"wp-image-40641\" srcset=\"https:\/\/mueblesdetena.es\/wp-content\/uploads\/2025\/09\/decoracion-calida-otono-3.jpg 2368w, https:\/\/mueblesdetena.es\/wp-content\/uploads\/2025\/09\/decoracion-calida-otono-3-300x167.jpg 300w, https:\/\/mueblesdetena.es\/wp-content\/uploads\/2025\/09\/decoracion-calida-otono-3-1024x570.jpg 1024w, https:\/\/mueblesdetena.es\/wp-content\/uploads\/2025\/09\/decoracion-calida-otono-3-768x427.jpg 768w, https:\/\/mueblesdetena.es\/wp-content\/uploads\/2025\/09\/decoracion-calida-otono-3-1536x855.jpg 1536w, https:\/\/mueblesdetena.es\/wp-content\/uploads\/2025\/09\/decoracion-calida-otono-3-2048x1140.jpg 2048w, https:\/\/mueblesdetena.es\/wp-content\/uploads\/2025\/09\/decoracion-calida-otono-3-600x334.jpg 600w\" sizes=\"(max-width: 2368px) 100vw, 2368px\" \/><figcaption class=\"wp-element-caption\"><em><a href=\"https:\/\/mueblesdetena.es\/ru_ru\/mesa-de-comedor-extensible-pyh-c\/\">Mesa de comedor extensible PYH C<\/a><\/em><\/figcaption><\/figure>\n\n\n\n<div style=\"height:25px\" aria-hidden=\"true\" class=\"wp-block-spacer\"><\/div>\n\n\n\n<h2 class=\"wp-block-heading\"><span class=\"ez-toc-section\" id=\"Idea_5_Arte_y_objetos_con_alma\"><\/span>Idea 5: Arte y objetos con alma<span class=\"ez-toc-section-end\"><\/span><\/h2>\n\n\n\n<p class=\"has-medium-font-size wp-block-paragraph\">Seleccionar <strong>l\u00e1minas, cuadros o piezas artesanales en tonos tierra<\/strong> es una manera delicada y poderosa de introducir el esp\u00edritu del oto\u00f1o en casa. Estas elecciones aportan car\u00e1cter y transmiten una sensaci\u00f3n de refugio \u00edntimo, reforzando la decoraci\u00f3n c\u00e1lida que tanto buscamos en esta estaci\u00f3n de cambio.<\/p>\n\n\n\n<p class=\"has-medium-font-size wp-block-paragraph\">Los marcos en madera, especialmente en <strong>acabados naturales o ligeramente envejecidos, act\u00faan como un abrazo visual<\/strong> que potencia cualquier obra. M\u00e1s all\u00e1 de su funci\u00f3n pr\u00e1ctica, <strong>aportan textura, profundidad y un lenguaje est\u00e9tico coherente<\/strong> con la idea de un hogar c\u00e1lido, donde los materiales nobles conectan con la esencia del oto\u00f1o.<\/p>\n\n\n\n<p class=\"has-medium-font-size wp-block-paragraph\">La decoraci\u00f3n c\u00e1lida no se limita a colores y materiales, tambi\u00e9n se construye a partir de objetos con historia. <strong>Fotograf\u00edas familiares, piezas heredadas o recuerdos de viajes<\/strong> pueden integrarse en la decoraci\u00f3n para contar qui\u00e9nes somos, generando un ambiente emocional que enriquece cada estancia con autenticidad y significado.<\/p>\n\n\n\n<p class=\"has-medium-font-size wp-block-paragraph\">Un solo elemento puede transformar un rinc\u00f3n anodino en un espacio vibrante. <strong>Una l\u00e1mina en tonos ocres sobre una consola, o una escultura artesanal junto a una butaca<\/strong>, bastan para infundir energ\u00eda oto\u00f1al. As\u00ed, el arte se convierte en un aliado perfecto para imprimir vida a la decoraci\u00f3n c\u00e1lida de nuestro hogar.<\/p>\n\n\n\n<div style=\"height:25px\" aria-hidden=\"true\" class=\"wp-block-spacer\"><\/div>\n\n\n\n<h2 class=\"wp-block-heading\"><span class=\"ez-toc-section\" id=\"Idea_6_Rincones_de_calma_y_confort\"><\/span>Idea 6: Rincones de calma y confort<span class=\"ez-toc-section-end\"><\/span><\/h2>\n\n\n\n<p class=\"has-medium-font-size wp-block-paragraph\">Un rinc\u00f3n de calma comienza con lo esencial: <strong>una butaca c\u00f3moda, una manta suave y una mesa auxiliar con libros<\/strong> que inviten a detenerse. La decoraci\u00f3n c\u00e1lida se logra con pocos elementos bien escogidos, capaces de transformar un espacio vac\u00edo en un refugio perfecto para este oto\u00f1o.<\/p>\n\n\n\n<p class=\"has-medium-font-size wp-block-paragraph\">Los <strong>rincones de lectura o relax<\/strong> son un lujo al alcance de todos. <strong>Basta con elegir la luz adecuada y acompa\u00f1arla con piezas que transmitan serenidad<\/strong>. En oto\u00f1o, la decoraci\u00f3n c\u00e1lida juega a nuestro favor, aportando calidez emocional y convirtiendo cualquier rinc\u00f3n olvidado en protagonista de la casa.<\/p>\n\n\n\n<p class=\"has-medium-font-size wp-block-paragraph\">La elecci\u00f3n de los <strong>muebles auxiliares<\/strong> es clave. Una <strong>mesa lateral bien ubicada, una l\u00e1mpara de pie de luz c\u00e1lida o una estanter\u00eda estrecha<\/strong> con objetos personales pueden elevar la experiencia. Estos peque\u00f1os gestos marcan la diferencia y consolidan esa atm\u00f3sfera acogedora propia de la decoraci\u00f3n c\u00e1lida en oto\u00f1o.<\/p>\n\n\n\n<p class=\"has-medium-font-size wp-block-paragraph\">Imagina un rinc\u00f3n junto a la ventana, con <strong>un sill\u00f3n tapizado en tonos tierra, cojines mullidos y una planta que aporta frescura<\/strong>. A\u00f1ade una manta de lana y una taza de t\u00e9: la escena perfecta. Esa mezcla de naturaleza, textiles y luz natural refleja la esencia de una decoraci\u00f3n c\u00e1lida oto\u00f1al.<\/p>\n\n\n\n<div style=\"height:25px\" aria-hidden=\"true\" class=\"wp-block-spacer\"><\/div>\n\n\n\n<h2 class=\"wp-block-heading\"><span class=\"ez-toc-section\" id=\"Idea_7_La_naturaleza_como_inspiracion\"><\/span>Idea 7: La naturaleza como inspiraci\u00f3n<span class=\"ez-toc-section-end\"><\/span><\/h2>\n\n\n\n<p class=\"has-medium-font-size wp-block-paragraph\">Las plantas de temporada son un recurso perfecto para trasladar la esencia del oto\u00f1o al interior del hogar. <strong>Ramas secas en jarrones de barro, centros de mesa con hojas doradas o peque\u00f1os ramilletes de <a href=\"https:\/\/www.aprilplants.com\/search?q=euca\" target=\"_blank\" rel=\"noopener\">eucalipto<\/a><\/strong> aportan frescura y movimiento, convirtiendo cualquier rinc\u00f3n en un escenario de decoraci\u00f3n c\u00e1lida y viva.<\/p>\n\n\n\n<p class=\"has-medium-font-size wp-block-paragraph\">La <strong>elecci\u00f3n de materiales eco y sostenibles<\/strong> potencia a\u00fan m\u00e1s esa sensaci\u00f3n acogedora. Optar por <strong>muebles en madera certificada, alfombras de fibras vegetales o accesorios en cer\u00e1mica artesanal<\/strong> es una forma de abrazar la est\u00e9tica oto\u00f1al sin renunciar a la responsabilidad medioambiental, logrando espacios bellos y respetuosos a la vez.<\/p>\n\n\n\n<p class=\"has-medium-font-size wp-block-paragraph\">El oto\u00f1o invita a una conexi\u00f3n profunda con lo natural. <strong>La luz m\u00e1s tenue, los paseos entre hojas secas o el aire fresco<\/strong> inspiran ambientes donde la decoraci\u00f3n c\u00e1lida cobra protagonismo. Introducir en casa estos matices es recrear esa atm\u00f3sfera \u00edntima que solo esta estaci\u00f3n sabe ofrecer, como un refugio frente al exterior.<\/p>\n\n\n\n<p class=\"has-medium-font-size wp-block-paragraph\">Peque\u00f1os elementos bastan para transformar la energ\u00eda de una estancia. <strong>Una bandeja con pi\u00f1as sobre la mesa, cojines con estampados bot\u00e1nicos o l\u00e1mparas con pantalla de lino<\/strong> evocan la serenidad del oto\u00f1o. No hacen falta grandes cambios: la naturaleza siempre encuentra la manera de hacerse presente.<\/p>\n\n\n\n<div style=\"height:25px\" aria-hidden=\"true\" class=\"wp-block-spacer\"><\/div>\n\n\n\n<figure class=\"wp-block-image alignfull size-full\"><img decoding=\"async\" width=\"2368\" height=\"1318\" src=\"https:\/\/mueblesdetena.es\/wp-content\/uploads\/2025\/09\/decoracion-calida-otono-4.jpg\" alt=\"decoraci\u00f3n c\u00e1lida, oto\u00f1o\" class=\"wp-image-40642\" srcset=\"https:\/\/mueblesdetena.es\/wp-content\/uploads\/2025\/09\/decoracion-calida-otono-4.jpg 2368w, https:\/\/mueblesdetena.es\/wp-content\/uploads\/2025\/09\/decoracion-calida-otono-4-300x167.jpg 300w, https:\/\/mueblesdetena.es\/wp-content\/uploads\/2025\/09\/decoracion-calida-otono-4-1024x570.jpg 1024w, https:\/\/mueblesdetena.es\/wp-content\/uploads\/2025\/09\/decoracion-calida-otono-4-768x427.jpg 768w, https:\/\/mueblesdetena.es\/wp-content\/uploads\/2025\/09\/decoracion-calida-otono-4-1536x855.jpg 1536w, https:\/\/mueblesdetena.es\/wp-content\/uploads\/2025\/09\/decoracion-calida-otono-4-2048x1140.jpg 2048w, https:\/\/mueblesdetena.es\/wp-content\/uploads\/2025\/09\/decoracion-calida-otono-4-600x334.jpg 600w\" sizes=\"(max-width: 2368px) 100vw, 2368px\" \/><\/figure>\n\n\n\n<div style=\"height:25px\" aria-hidden=\"true\" class=\"wp-block-spacer\"><\/div>\n\n\n\n<h2 class=\"wp-block-heading\"><span class=\"ez-toc-section\" id=\"Consejos_finales_para_una_decoracion_calida_en_otono\"><\/span>Consejos finales para una decoraci\u00f3n c\u00e1lida en oto\u00f1o<span class=\"ez-toc-section-end\"><\/span><\/h2>\n\n\n\n<p class=\"has-medium-font-size wp-block-paragraph\">La clave de una buena decoraci\u00f3n c\u00e1lida en oto\u00f1o reside en combinar colores tierra, texturas suaves y una iluminaci\u00f3n envolvente. No se trata de llenar cada rinc\u00f3n, sino de elegir piezas que aporten confort visual y equilibrio, logrando un ambiente acogedor y perfectamente adaptado a la temporada.<\/p>\n\n\n\n<p class=\"has-medium-font-size wp-block-paragraph\">Lo m\u00e1s interesante es que no necesitas embarcarte en grandes reformas. Un par de cojines nuevos, una alfombra mullida o un aplique de luz tenue bastan para transformar la estancia. Estos peque\u00f1os gestos son los que realmente consiguen un cambio profundo, sin alterar la esencia del espacio ni desbordar el presupuesto.<\/p>\n\n\n\n<p class=\"has-medium-font-size wp-block-paragraph\">El hogar se convierte as\u00ed en un refugio emocional que acompa\u00f1a los ritmos m\u00e1s pausados del oto\u00f1o. Cada detalle, desde una manta de lana hasta un mueble en madera c\u00e1lida, contribuye a esa sensaci\u00f3n de cobijo, record\u00e1ndonos que la belleza tambi\u00e9n habita en lo \u00edntimo y lo sencillo.<\/p>","protected":false},"excerpt":{"rendered":"<p>El oto\u00f1o llega con su inconfundible paleta de colores y con ese aire sereno que invita a transformar nuestros hogares. Es la estaci\u00f3n en la que la naturaleza se viste de tonos tierra y nosotros buscamos acompa\u00f1ar ese cambio con una decoraci\u00f3n c\u00e1lida que abrace cada estancia con nuevas sensaciones. Cuando las tardes se acortan [&hellip;]<\/p>\n","protected":false},"author":618,"featured_media":40638,"comment_status":"closed","ping_status":"closed","sticky":false,"template":"","format":"standard","meta":{"site-sidebar-layout":"default","site-content-layout":"","ast-site-content-layout":"default","site-content-style":"default","site-sidebar-style":"default","ast-global-header-display":"","ast-banner-title-visibility":"","ast-main-header-display":"","ast-hfb-above-header-display":"","ast-hfb-below-header-display":"","ast-hfb-mobile-header-display":"","site-post-title":"","ast-breadcrumbs-content":"","ast-featured-img":"","footer-sml-layout":"","ast-disable-related-posts":"","theme-transparent-header-meta":"","adv-header-id-meta":"","stick-header-meta":"","header-above-stick-meta":"","header-main-stick-meta":"","header-below-stick-meta":"","astra-migrate-meta-layouts":"set","ast-page-background-enabled":"default","ast-page-background-meta":{"desktop":{"background-color":"var(--ast-global-color-4)","background-image":"","background-repeat":"repeat","background-position":"center center","background-size":"auto","background-attachment":"scroll","background-type":"","background-media":"","overlay-type":"","overlay-color":"","overlay-opacity":"","overlay-gradient":""},"tablet":{"background-color":"","background-image":"","background-repeat":"repeat","background-position":"center center","background-size":"auto","background-attachment":"scroll","background-type":"","background-media":"","overlay-type":"","overlay-color":"","overlay-opacity":"","overlay-gradient":""},"mobile":{"background-color":"","background-image":"","background-repeat":"repeat","background-position":"center center","background-size":"auto","background-attachment":"scroll","background-type":"","background-media":"","overlay-type":"","overlay-color":"","overlay-opacity":"","overlay-gradient":""}},"ast-content-background-meta":{"desktop":{"background-color":"var(--ast-global-color-5)","background-image":"","background-repeat":"repeat","background-position":"center center","background-size":"auto","background-attachment":"scroll","background-type":"","background-media":"","overlay-type":"","overlay-color":"","overlay-opacity":"","overlay-gradient":""},"tablet":{"background-color":"var(--ast-global-color-5)","background-image":"","background-repeat":"repeat","background-position":"center center","background-size":"auto","background-attachment":"scroll","background-type":"","background-media":"","overlay-type":"","overlay-color":"","overlay-opacity":"","overlay-gradient":""},"mobile":{"background-color":"var(--ast-global-color-5)","background-image":"","background-repeat":"repeat","background-position":"center center","background-size":"auto","background-attachment":"scroll","background-type":"","background-media":"","overlay-type":"","overlay-color":"","overlay-opacity":"","overlay-gradient":""}},"_joinchat":[],"footnotes":""},"categories":[1],"tags":[],"class_list":["post-40637","post","type-post","status-publish","format-standard","has-post-thumbnail","hentry","category-sin-categoria"],"_links":{"self":[{"href":"https:\/\/mueblesdetena.es\/ru_ru\/wp-json\/wp\/v2\/posts\/40637","targetHints":{"allow":["GET"]}}],"collection":[{"href":"https:\/\/mueblesdetena.es\/ru_ru\/wp-json\/wp\/v2\/posts"}],"about":[{"href":"https:\/\/mueblesdetena.es\/ru_ru\/wp-json\/wp\/v2\/types\/post"}],"author":[{"embeddable":true,"href":"https:\/\/mueblesdetena.es\/ru_ru\/wp-json\/wp\/v2\/users\/618"}],"replies":[{"embeddable":true,"href":"https:\/\/mueblesdetena.es\/ru_ru\/wp-json\/wp\/v2\/comments?post=40637"}],"version-history":[{"count":3,"href":"https:\/\/mueblesdetena.es\/ru_ru\/wp-json\/wp\/v2\/posts\/40637\/revisions"}],"predecessor-version":[{"id":40659,"href":"https:\/\/mueblesdetena.es\/ru_ru\/wp-json\/wp\/v2\/posts\/40637\/revisions\/40659"}],"wp:featuredmedia":[{"embeddable":true,"href":"https:\/\/mueblesdetena.es\/ru_ru\/wp-json\/wp\/v2\/media\/40638"}],"wp:attachment":[{"href":"https:\/\/mueblesdetena.es\/ru_ru\/wp-json\/wp\/v2\/media?parent=40637"}],"wp:term":[{"taxonomy":"category","embeddable":true,"href":"https:\/\/mueblesdetena.es\/ru_ru\/wp-json\/wp\/v2\/categories?post=40637"},{"taxonomy":"post_tag","embeddable":true,"href":"https:\/\/mueblesdetena.es\/ru_ru\/wp-json\/wp\/v2\/tags?post=40637"}],"curies":[{"name":"wp","href":"https:\/\/api.w.org\/{rel}","templated":true}]}}