{"id":41878,"date":"2025-12-02T11:29:53","date_gmt":"2025-12-02T10:29:53","guid":{"rendered":"https:\/\/mueblesdetena.es\/?p=41878"},"modified":"2025-12-02T11:29:57","modified_gmt":"2025-12-02T10:29:57","slug":"hogar-para-invierno-ideas-muebles-complementos","status":"publish","type":"post","link":"https:\/\/mueblesdetena.es\/ru_ru\/hogar-para-invierno-ideas-muebles-complementos\/","title":{"rendered":"Prepara tu hogar para el invierno con estilo: 9 ideas clave en muebles y complementos"},"content":{"rendered":"<p class=\"has-medium-font-size wp-block-paragraph\">Durante el invierno, el ritmo de la vida se vuelve m\u00e1s lento y la casa recupera un papel central. Pasamos m\u00e1s horas en interiores, buscando refugio y confort, y esto convierte cada estancia en un espacio esencial que debe responder a nuestras rutinas, nuestros momentos de descanso y nuestra necesidad de bienestar cotidiano.<\/p>\n\n\n\n<p class=\"has-medium-font-size wp-block-paragraph\">El mobiliario adecuado y los complementos precisos transforman ese invierno en una oportunidad para elevar la calidez y la eficiencia del hogar. Texturas, colores, iluminaci\u00f3n y piezas bien escogidas pueden suavizar el fr\u00edo exterior y crear ambientes m\u00e1s envolventes, funcionales y amables, capaces de acompa\u00f1arnos en cada plan dom\u00e9stico de la temporada.<\/p>\n\n\n\n<p class=\"has-medium-font-size wp-block-paragraph\">En las pr\u00f3ximas l\u00edneas descubrir\u00e1s <strong>9 formas pr\u00e1cticas y est\u00e9ticas de adaptar tu hogar al invierno<\/strong>. Desde la actualizaci\u00f3n de las zonas que m\u00e1s utilizas hasta estrategias textiles, iluminaci\u00f3n, almacenaje y peque\u00f1os gestos decorativos que multiplican la sensaci\u00f3n de confort sin necesidad de grandes reformas.<\/p>\n\n\n\n<div style=\"height:25px\" aria-hidden=\"true\" class=\"wp-block-spacer\"><\/div>\n\n\n\n<div id=\"ez-toc-container\" class=\"ez-toc-v2_0_85 counter-hierarchy ez-toc-counter ez-toc-grey ez-toc-container-direction\">\n<div class=\"ez-toc-title-container\">\n<p class=\"ez-toc-title\" style=\"cursor:inherit\">Table of Contents<\/p>\n<span class=\"ez-toc-title-toggle\"><a href=\"#\" class=\"ez-toc-pull-right ez-toc-btn ez-toc-btn-xs ez-toc-btn-default ez-toc-toggle\" aria-label=\"Toggle Table of Content\"><span class=\"ez-toc-js-icon-con\"><span class=\"\"><span class=\"eztoc-hide\" style=\"display:none;\">Toggle<\/span><span class=\"ez-toc-icon-toggle-span\"><svg style=\"fill: #999;color:#999\" xmlns=\"http:\/\/www.w3.org\/2000\/svg\" class=\"list-377408\" width=\"20px\" height=\"20px\" viewbox=\"0 0 24 24\" fill=\"none\"><path d=\"M6 6H4v2h2V6zm14 0H8v2h12V6zM4 11h2v2H4v-2zm16 0H8v2h12v-2zM4 16h2v2H4v-2zm16 0H8v2h12v-2z\" fill=\"currentColor\"><\/path><\/svg><svg style=\"fill: #999;color:#999\" class=\"arrow-unsorted-368013\" xmlns=\"http:\/\/www.w3.org\/2000\/svg\" width=\"10px\" height=\"10px\" viewbox=\"0 0 24 24\" version=\"1.2\" baseprofile=\"tiny\"><path d=\"M18.2 9.3l-6.2-6.3-6.2 6.3c-.2.2-.3.4-.3.7s.1.5.3.7c.2.2.4.3.7.3h11c.3 0 .5-.1.7-.3.2-.2.3-.5.3-.7s-.1-.5-.3-.7zM5.8 14.7l6.2 6.3 6.2-6.3c.2-.2.3-.5.3-.7s-.1-.5-.3-.7c-.2-.2-.4-.3-.7-.3h-11c-.3 0-.5.1-.7.3-.2.2-.3.5-.3.7s.1.5.3.7z\"\/><\/svg><\/span><\/span><\/span><\/a><\/span><\/div>\n<nav><ul class='ez-toc-list ez-toc-list-level-1' ><li class='ez-toc-page-1 ez-toc-heading-level-2'><a class=\"ez-toc-link ez-toc-heading-1\" href=\"https:\/\/mueblesdetena.es\/ru_ru\/hogar-para-invierno-ideas-muebles-complementos\/#1_Actualiza_las_zonas_en_las_que_mas_vives_salon_comedor_y_dormitorio\" >1. Actualiza las zonas en las que m\u00e1s vives: sal\u00f3n, comedor y dormitorio<\/a><\/li><li class='ez-toc-page-1 ez-toc-heading-level-2'><a class=\"ez-toc-link ez-toc-heading-2\" href=\"https:\/\/mueblesdetena.es\/ru_ru\/hogar-para-invierno-ideas-muebles-complementos\/#2_Anade_texturas_calidas_y_capas_sensoriales_el_truco_mas_efectivo_del_invierno\" >2. A\u00f1ade texturas c\u00e1lidas y capas sensoriales (el truco m\u00e1s efectivo del invierno)<\/a><\/li><li class='ez-toc-page-1 ez-toc-heading-level-2'><a class=\"ez-toc-link ez-toc-heading-3\" href=\"https:\/\/mueblesdetena.es\/ru_ru\/hogar-para-invierno-ideas-muebles-complementos\/#3_Sofas_y_butacas_el_corazon_del_invierno_moderno\" >3. Sof\u00e1s y butacas: el coraz\u00f3n del invierno moderno<\/a><\/li><li class='ez-toc-page-1 ez-toc-heading-level-2'><a class=\"ez-toc-link ez-toc-heading-4\" href=\"https:\/\/mueblesdetena.es\/ru_ru\/hogar-para-invierno-ideas-muebles-complementos\/#4_Apuesta_por_la_luz_calida_y_la_iluminacion_por_capas\" >4. Apuesta por la luz c\u00e1lida y la iluminaci\u00f3n por capas<\/a><\/li><li class='ez-toc-page-1 ez-toc-heading-level-2'><a class=\"ez-toc-link ez-toc-heading-5\" href=\"https:\/\/mueblesdetena.es\/ru_ru\/hogar-para-invierno-ideas-muebles-complementos\/#5_Complementos_imprescindibles_para_un_invierno_acogedor\" >5. Complementos imprescindibles para un invierno acogedor<\/a><\/li><li class='ez-toc-page-1 ez-toc-heading-level-2'><a class=\"ez-toc-link ez-toc-heading-6\" href=\"https:\/\/mueblesdetena.es\/ru_ru\/hogar-para-invierno-ideas-muebles-complementos\/#6_Conviertete_en_estratega_del_almacenamiento_orden_que_calienta\" >6. Convi\u00e9rtete en estratega del almacenamiento: orden que calienta<\/a><\/li><li class='ez-toc-page-1 ez-toc-heading-level-2'><a class=\"ez-toc-link ez-toc-heading-7\" href=\"https:\/\/mueblesdetena.es\/ru_ru\/hogar-para-invierno-ideas-muebles-complementos\/#7_Chimeneas_decorativas_y_electricas_el_plus_emocional_del_invierno\" >7. Chimeneas decorativas y el\u00e9ctricas: el plus emocional del invierno<\/a><\/li><li class='ez-toc-page-1 ez-toc-heading-level-2'><a class=\"ez-toc-link ez-toc-heading-8\" href=\"https:\/\/mueblesdetena.es\/ru_ru\/hogar-para-invierno-ideas-muebles-complementos\/#8_Cocina_y_comedor_espacios_calidos_sin_perder_funcionalidad\" >8. Cocina y comedor: espacios c\u00e1lidos sin perder funcionalidad<\/a><\/li><li class='ez-toc-page-1 ez-toc-heading-level-2'><a class=\"ez-toc-link ez-toc-heading-9\" href=\"https:\/\/mueblesdetena.es\/ru_ru\/hogar-para-invierno-ideas-muebles-complementos\/#9_Preparar_balcones_y_terrazas_para_disfrutarlos_tambien_en_invierno\" >9. Preparar balcones y terrazas para disfrutarlos tambi\u00e9n en invierno<\/a><\/li><li class='ez-toc-page-1 ez-toc-heading-level-2'><a class=\"ez-toc-link ez-toc-heading-10\" href=\"https:\/\/mueblesdetena.es\/ru_ru\/hogar-para-invierno-ideas-muebles-complementos\/#10_Micro-decoracion_estrategica_pequenos_gestos_que_cambian_todo\" >10. Micro-decoraci\u00f3n estrat\u00e9gica: peque\u00f1os gestos que cambian todo<\/a><\/li><li class='ez-toc-page-1 ez-toc-heading-level-2'><a class=\"ez-toc-link ez-toc-heading-11\" href=\"https:\/\/mueblesdetena.es\/ru_ru\/hogar-para-invierno-ideas-muebles-complementos\/#Un_invierno_mas_calido_empieza_con_los_muebles_adecuados\" >Un invierno m\u00e1s c\u00e1lido empieza con los muebles adecuados<\/a><\/li><\/ul><\/nav><\/div>\n<h2 class=\"wp-block-heading\"><span class=\"ez-toc-section\" id=\"1_Actualiza_las_zonas_en_las_que_mas_vives_salon_comedor_y_dormitorio\"><\/span>1. Actualiza las zonas en las que m\u00e1s vives: sal\u00f3n, comedor y dormitorio<span class=\"ez-toc-section-end\"><\/span><\/h2>\n\n\n\n<p class=\"has-medium-font-size wp-block-paragraph\">El invierno invita a convertir el hogar en un refugio emocional, y las estancias que m\u00e1s habitamos deben reflejar esa calidez. Sal\u00f3n, comedor y dormitorio se transforman en espacios refugio cuando <strong>suavizamos la luz, elegimos textiles mullidos y apostamos por colores que envuelven<\/strong>. Peque\u00f1os gestos que redefinen nuestra relaci\u00f3n con el fr\u00edo exterior.<\/p>\n\n\n\n<p class=\"has-medium-font-size wp-block-paragraph\">Actualizar estas zonas pasa por <strong>priorizar muebles funcionales y vers\u00e1tiles<\/strong>, capaces de adaptarse al ritmo dom\u00e9stico del invierno. <a href=\"https:\/\/mueblesdetena.es\/ru_ru\/mesa-de-comedor-extensible-5032\/\">Mesas extensibles<\/a>, aparadores con capacidad extra o sof\u00e1s modulares permiten reorganizar cada ambiente seg\u00fan las necesidades del d\u00eda. La clave est\u00e1 en crear estancias fluidas, acogedoras y preparadas para un confort prolongado.<\/p>\n\n\n\n<p class=\"has-medium-font-size wp-block-paragraph\">Antes de que el invierno se instale, conviene <strong>revisar <a href=\"https:\/\/mueblesdetena.es\/ru_ru\/sofas\/\">sof\u00e1s<\/a>, <a href=\"https:\/\/mueblesdetena.es\/ru_ru\/relax-butacas\/\">butacas<\/a>, mesas auxiliares y cabeceros para asegurar comodidad y presencia est\u00e9tica<\/strong>. Un asiento m\u00e1s profundo, una butaca bien orientada o un cabecero tapizado pueden cambiar por completo la experiencia diaria, multiplicando la sensaci\u00f3n de abrigo y bienestar en cada espacio.<\/p>\n\n\n\n<div style=\"height:25px\" aria-hidden=\"true\" class=\"wp-block-spacer\"><\/div>\n\n\n\n<h2 class=\"wp-block-heading\"><span class=\"ez-toc-section\" id=\"2_Anade_texturas_calidas_y_capas_sensoriales_el_truco_mas_efectivo_del_invierno\"><\/span>2. A\u00f1ade texturas c\u00e1lidas y capas sensoriales (el truco m\u00e1s efectivo del invierno)<span class=\"ez-toc-section-end\"><\/span><\/h2>\n\n\n\n<p class=\"has-medium-font-size wp-block-paragraph\">Las texturas son la herramienta m\u00e1s inmediata para transformar un espacio en invierno. <strong>Mantas de punto grueso, fundas acolchadas y cojines mullidos<\/strong> aportan ese volumen suave que invita a quedarse. Colocadas sobre sof\u00e1s o butacas, enriquecen visualmente el ambiente y lo convierten en un refugio cotidiano lleno de calidez.<\/p>\n\n\n\n<p class=\"has-medium-font-size wp-block-paragraph\">Mezclar tejidos es fundamental para dar profundidad y ritmo a la decoraci\u00f3n durante el invierno. <strong>La combinaci\u00f3n de lana, borreguito, terciopelo y algod\u00f3n denso genera un di\u00e1logo t\u00e1ctil que a\u00f1ade inter\u00e9s sin saturar<\/strong>. Cada material aporta una sensaci\u00f3n distinta, creando capas sensoriales que envuelven y armonizan el espacio con una est\u00e9tica natural y muy acogedora.<\/p>\n\n\n\n<p class=\"has-medium-font-size wp-block-paragraph\">La paleta crom\u00e1tica tambi\u00e9n influye en la percepci\u00f3n del invierno dentro de casa. <strong>Tonos tierra, beige c\u00e1lido, topo, verde bosque y roble oscuro<\/strong> construyen una atm\u00f3sfera serena y envolvente. Estos colores suavizan la luz, aportan equilibrio visual y permiten que los muebles respiren en un entorno que se siente m\u00e1s \u00edntimo y protector.<\/p>\n\n\n\n<p class=\"has-medium-font-size wp-block-paragraph\">Cuando las texturas se combinan con una iluminaci\u00f3n c\u00e1lida, el resultado es un aut\u00e9ntico efecto \u201ccocooning\u201d. Las <strong>l\u00e1mparas de pantalla textil, las luces indirectas y los puntos focales en tonos dorados<\/strong> acent\u00faan la suavidad de los tejidos. As\u00ed, cada rinc\u00f3n adquiere un brillo relajante que acompa\u00f1a perfectamente la esencia del invierno.<\/p>\n\n\n\n<div style=\"height:25px\" aria-hidden=\"true\" class=\"wp-block-spacer\"><\/div>\n\n\n\n<figure class=\"wp-block-image alignfull size-full\"><img fetchpriority=\"high\" decoding=\"async\" width=\"2392\" height=\"1344\" src=\"https:\/\/mueblesdetena.es\/wp-content\/uploads\/2025\/11\/invierno-hogar-2.jpg\" alt=\"invierno\" class=\"wp-image-41881\" srcset=\"https:\/\/mueblesdetena.es\/wp-content\/uploads\/2025\/11\/invierno-hogar-2.jpg 2392w, https:\/\/mueblesdetena.es\/wp-content\/uploads\/2025\/11\/invierno-hogar-2-300x169.jpg 300w, https:\/\/mueblesdetena.es\/wp-content\/uploads\/2025\/11\/invierno-hogar-2-1024x575.jpg 1024w, https:\/\/mueblesdetena.es\/wp-content\/uploads\/2025\/11\/invierno-hogar-2-768x432.jpg 768w, https:\/\/mueblesdetena.es\/wp-content\/uploads\/2025\/11\/invierno-hogar-2-1536x863.jpg 1536w, https:\/\/mueblesdetena.es\/wp-content\/uploads\/2025\/11\/invierno-hogar-2-2048x1151.jpg 2048w, https:\/\/mueblesdetena.es\/wp-content\/uploads\/2025\/11\/invierno-hogar-2-600x337.jpg 600w\" sizes=\"(max-width: 2392px) 100vw, 2392px\" \/><\/figure>\n\n\n\n<div style=\"height:25px\" aria-hidden=\"true\" class=\"wp-block-spacer\"><\/div>\n\n\n\n<h2 class=\"wp-block-heading\"><span class=\"ez-toc-section\" id=\"3_Sofas_y_butacas_el_corazon_del_invierno_moderno\"><\/span>3. Sof\u00e1s y butacas: el coraz\u00f3n del invierno moderno<span class=\"ez-toc-section-end\"><\/span><\/h2>\n\n\n\n<p class=\"has-medium-font-size wp-block-paragraph\">Un buen sof\u00e1 es esencial para vivir el invierno con confort real. La clave est\u00e1 en <strong>elegir modelos con una profundidad generosa, tejidos c\u00e1lidos y colores propios de la temporada<\/strong>, como topo, gris vis\u00f3n o verde bosque. Los m\u00f3dulos deslizantes permiten ampliar el asiento y crear una sensaci\u00f3n envolvente sin renunciar a la elegancia.<\/p>\n\n\n\n<p class=\"has-medium-font-size wp-block-paragraph\">Los <strong>sof\u00e1s modulares<\/strong> se han convertido en aliados indispensables del invierno moderno: cambian contigo seg\u00fan el plan del d\u00eda. Puedes abrirlos para una sesi\u00f3n de pel\u00edcula, reconfigurarlos para recibir visitas o compactarlos en modo lectura. <strong>Su versatilidad transforma el sal\u00f3n sin esfuerzo y aporta dinamismo<\/strong> incluso en los d\u00edas m\u00e1s fr\u00edos.<\/p>\n\n\n\n<p class=\"has-medium-font-size wp-block-paragraph\">Para lograr fluidez sin perder calidez, <strong>conviene distribuir los asientos creando recorridos c\u00f3modos y zonas claramente definidas<\/strong>. Colocar el sof\u00e1 orientado a la luz natural o hacia un punto focal potencia la armon\u00eda. A\u00f1adir butacas estrat\u00e9gicas equilibra el conjunto y ofrece un refugio perfecto para disfrutar del invierno en casa.<\/p>\n\n\n\n<div style=\"height:25px\" aria-hidden=\"true\" class=\"wp-block-spacer\"><\/div>\n\n\n\n<h2 class=\"wp-block-heading\"><span class=\"ez-toc-section\" id=\"4_Apuesta_por_la_luz_calida_y_la_iluminacion_por_capas\"><\/span>4. Apuesta por la luz c\u00e1lida y la iluminaci\u00f3n por capas<span class=\"ez-toc-section-end\"><\/span><\/h2>\n\n\n\n<p class=\"has-medium-font-size wp-block-paragraph\">La luz es uno de los recursos m\u00e1s poderosos para transformar un espacio en invierno sin necesidad de renovar muebles. <strong>Una buena l\u00e1mpara puede suavizar vol\u00famenes, redondear ambientes y aportar esa sensaci\u00f3n de bienestar<\/strong> que buscamos cuando los d\u00edas se acortan y la casa se convierte en refugio cotidiano.<\/p>\n\n\n\n<p class=\"has-medium-font-size wp-block-paragraph\">Para lograrlo, las <strong>temperaturas de color <a href=\"https:\/\/www.lamparayluz.es\/catalogsearch\/result\/?q=c%C3%A1lida\" target=\"_blank\" rel=\"noopener\">c\u00e1lidas<\/a> entre 2700K y 3000K son esenciales<\/strong>. Estas tonalidades envuelven cada estancia en una claridad amable, m\u00e1s parecida a la luz natural del atardecer en invierno, evitando la frialdad que a veces provocan las bombillas demasiado blancas o neutras durante los meses m\u00e1s fr\u00edos del a\u00f1o.<\/p>\n\n\n\n<p class=\"has-medium-font-size wp-block-paragraph\">Las opciones m\u00e1s efectivas pasan por <strong>l\u00e1mparas de pie con pantalla textil, tiras LED c\u00e1lidas ocultas en estanter\u00edas o z\u00f3calos, y l\u00e1mparas de mesa colocadas en rincones estrat\u00e9gicos<\/strong> como zonas de lectura o aparadores. Cada punto de luz suma una capa emocional que acompa\u00f1a la llegada del invierno y aumenta la sensaci\u00f3n de calidez.<\/p>\n\n\n\n<p class=\"has-medium-font-size wp-block-paragraph\">Para evitar sombras fr\u00edas o rincones poco acogedores, <strong>la clave es iluminar en capas: luz general tenue, puntos directos suaves y peque\u00f1as luces ambientales<\/strong>. Este equilibrio impide contrastes bruscos y permite que cada estancia mantenga continuidad visual incluso en pleno invierno, cuando buscamos ambientes m\u00e1s envolventes.<\/p>\n\n\n\n<div style=\"height:25px\" aria-hidden=\"true\" class=\"wp-block-spacer\"><\/div>\n\n\n\n<h2 class=\"wp-block-heading\"><span class=\"ez-toc-section\" id=\"5_Complementos_imprescindibles_para_un_invierno_acogedor\"><\/span>5. Complementos imprescindibles para un invierno acogedor<span class=\"ez-toc-section-end\"><\/span><\/h2>\n\n\n\n<p class=\"has-medium-font-size wp-block-paragraph\">Las <strong>alfombras<\/strong> son el gesto m\u00e1s inmediato para transformar un espacio en pleno invierno. <strong>A\u00edslan del fr\u00edo, suavizan la pisada y delimitan ambientes<\/strong> con una elegancia discreta. Las de <strong>fibras naturales o lana<\/strong> aportan una calidez visual que invita a bajar el ritmo y disfrutar de una casa mucho m\u00e1s envolvente.<\/p>\n\n\n\n<p class=\"has-medium-font-size wp-block-paragraph\">Los <strong>plaids, las mantas y los cubrecanap\u00e8s<\/strong> renuevan el dormitorio con una facilidad sorprendente. Sus texturas gruesas, desde el punto artesanal hasta el terciopelo suave, elevan el confort en los meses de invierno y <strong>permiten crear camas mullidas que abrazan<\/strong>. Jugar con capas y tonos neutros aporta serenidad y armon\u00eda inmediata.<\/p>\n\n\n\n<p class=\"has-medium-font-size wp-block-paragraph\">Los <strong>cestos de fibras naturales<\/strong> son aliados perfectos para mantener el orden sin renunciar a la est\u00e9tica. En invierno, su presencia <strong>refuerza la sensaci\u00f3n de hogar gracias a su tacto c\u00e1lido y su aire artesanal<\/strong>. Ubicados junto al sof\u00e1 o en el dormitorio, permiten guardar mantas, revistas o cojines con un encanto funcional.<\/p>\n\n\n\n<p class=\"has-medium-font-size wp-block-paragraph\">Las <strong>velas arom\u00e1ticas<\/strong> completan la experiencia sensorial del invierno con fragancias que evocan refugio: <strong>madera, canela, \u00e1mbar o vainilla<\/strong>. Su luz suave crea un ambiente \u00edntimo y equilibrado, mientras que los aromas c\u00e1lidos ayudan a transformar cada estancia en un rinc\u00f3n donde relajarse y desconectar con estilo.<\/p>\n\n\n\n<div style=\"height:25px\" aria-hidden=\"true\" class=\"wp-block-spacer\"><\/div>\n\n\n\n<figure class=\"wp-block-image alignfull size-full\"><img decoding=\"async\" width=\"2392\" height=\"1344\" src=\"https:\/\/mueblesdetena.es\/wp-content\/uploads\/2025\/12\/invierno-hogar-3.jpg\" alt=\"invierno\" class=\"wp-image-41884\" srcset=\"https:\/\/mueblesdetena.es\/wp-content\/uploads\/2025\/12\/invierno-hogar-3.jpg 2392w, https:\/\/mueblesdetena.es\/wp-content\/uploads\/2025\/12\/invierno-hogar-3-300x169.jpg 300w, https:\/\/mueblesdetena.es\/wp-content\/uploads\/2025\/12\/invierno-hogar-3-1024x575.jpg 1024w, https:\/\/mueblesdetena.es\/wp-content\/uploads\/2025\/12\/invierno-hogar-3-768x432.jpg 768w, https:\/\/mueblesdetena.es\/wp-content\/uploads\/2025\/12\/invierno-hogar-3-1536x863.jpg 1536w, https:\/\/mueblesdetena.es\/wp-content\/uploads\/2025\/12\/invierno-hogar-3-2048x1151.jpg 2048w, https:\/\/mueblesdetena.es\/wp-content\/uploads\/2025\/12\/invierno-hogar-3-600x337.jpg 600w\" sizes=\"(max-width: 2392px) 100vw, 2392px\" \/><\/figure>\n\n\n\n<div style=\"height:25px\" aria-hidden=\"true\" class=\"wp-block-spacer\"><\/div>\n\n\n\n<h2 class=\"wp-block-heading\"><span class=\"ez-toc-section\" id=\"6_Conviertete_en_estratega_del_almacenamiento_orden_que_calienta\"><\/span>6. Convi\u00e9rtete en estratega del almacenamiento: orden que calienta<span class=\"ez-toc-section-end\"><\/span><\/h2>\n\n\n\n<p class=\"has-medium-font-size wp-block-paragraph\">El orden visual es uno de los recursos m\u00e1s eficaces para transformar un hogar en pleno invierno. <strong>Cuando las superficies respiran y los objetos encuentran su lugar, la mirada descansa y la sensaci\u00f3n t\u00e9rmica parece m\u00e1s amable<\/strong>. Liberar el espacio de ruido visual crea un ambiente m\u00e1s envolvente, casi como un abrigo est\u00e9tico que envuelve cada estancia.<\/p>\n\n\n\n<p class=\"has-medium-font-size wp-block-paragraph\">Los muebles funcionales con gran capacidad se convierten en aliados silenciosos cuando bajan las temperaturas. <strong>Aparadores con l\u00edneas puras, muebles de TV que ocultan cables y estanter\u00edas cerradas aportan serenidad inmediata<\/strong>. Incluso las camas con canap\u00e9 elevable ayudan a guardar textiles de invierno, complementos y ropa volum\u00e9trica sin renunciar a un dormitorio impecable y acogedor.<\/p>\n\n\n\n<p class=\"has-medium-font-size wp-block-paragraph\">Para mejorar el orden sin invertir demasiado, basta con aplicar algunos gestos inteligentes. <strong>Mover mesas auxiliares para abrir el paso, reorganizar estantes priorizando piezas c\u00e1lidas o simplificar superficies decorativas<\/strong> son decisiones que renuevan el ambiente. Con peque\u00f1os cambios, el hogar gana armon\u00eda natural incluso en pleno invierno.<\/p>\n\n\n\n<div style=\"height:25px\" aria-hidden=\"true\" class=\"wp-block-spacer\"><\/div>\n\n\n\n<h2 class=\"wp-block-heading\"><span class=\"ez-toc-section\" id=\"7_Chimeneas_decorativas_y_electricas_el_plus_emocional_del_invierno\"><\/span>7. Chimeneas decorativas y el\u00e9ctricas: el plus emocional del invierno<span class=\"ez-toc-section-end\"><\/span><\/h2>\n\n\n\n<p class=\"has-medium-font-size wp-block-paragraph\">Las chimeneas decorativas y el\u00e9ctricas han evolucionado hasta convertirse en un recurso accesible para cualquier hogar. <strong>Existen modelos el\u00e9ctricos, de bioetanol o versiones meramente decorativas sin obra<\/strong>, capaces de transformar el ambiente en cuesti\u00f3n de segundos. Son una de las formas m\u00e1s sencillas de a\u00f1adir calidez real y est\u00e9tica durante el invierno.<\/p>\n\n\n\n<p class=\"has-medium-font-size wp-block-paragraph\">Integrarlas en la decoraci\u00f3n es m\u00e1s f\u00e1cil de lo que parece. Una chimenea <strong>puede encajar en un mueble TV moderno, enmarcarse dentro de una estanter\u00eda o protagonizar un peque\u00f1o rinc\u00f3n de lectura<\/strong>. Su presencia aporta una sensaci\u00f3n envolvente que redefine la experiencia cotidiana, especialmente cuando el invierno invita a pasar m\u00e1s horas en casa.<\/p>\n\n\n\n<p class=\"has-medium-font-size wp-block-paragraph\">El efecto psicol\u00f3gico de las llamas es profundo y universal. <strong>Incluso en versiones el\u00e9ctricas, el movimiento y la luz generan serenidad, intimidad y una conexi\u00f3n emocional dif\u00edcil de replicar con otros elementos decorativos<\/strong>. Por eso siguen siendo un s\u00edmbolo del invierno: evocan refugio, confort y esa calidez emocional que buscamos en los meses fr\u00edos.<\/p>\n\n\n\n<p class=\"has-medium-font-size wp-block-paragraph\">A la hora de elegir, conviene valorar seguridad y consumo. <strong>Los modelos el\u00e9ctricos actuales ofrecen buen rendimiento y protecci\u00f3n t\u00e9rmica, mientras que el bioetanol exige ventilaci\u00f3n adecuada<\/strong>. Optar por sistemas con regulaci\u00f3n de intensidad y bajo gasto energ\u00e9tico permite disfrutar de una chimenea plenamente integrada en el invierno sin elevar la factura dom\u00e9stica.<\/p>\n\n\n\n<div style=\"height:25px\" aria-hidden=\"true\" class=\"wp-block-spacer\"><\/div>\n\n\n\n<h2 class=\"wp-block-heading\"><span class=\"ez-toc-section\" id=\"8_Cocina_y_comedor_espacios_calidos_sin_perder_funcionalidad\"><\/span>8. Cocina y comedor: espacios c\u00e1lidos sin perder funcionalidad<span class=\"ez-toc-section-end\"><\/span><\/h2>\n\n\n\n<p class=\"has-medium-font-size wp-block-paragraph\"><strong>Mantener las encimeras despejadas<\/strong> es esencial para que la cocina respire amplitud durante el invierno. El orden visual aporta calidez inmediata y permite que cada rinc\u00f3n funcional trabaje a tu favor: una superficie limpia, una bandeja bien organizada o una balda con lo imprescindible transforman el ambiente sin renunciar a la practicidad diaria.<\/p>\n\n\n\n<p class=\"has-medium-font-size wp-block-paragraph\">Las <strong>maderas c\u00e1lidas<\/strong> son protagonistas indiscutibles cuando llega el invierno. <strong>Mesas robustas, bancos corridos o taburetes mullidos<\/strong> generan una est\u00e9tica que invita a quedarse. Estos materiales <strong>aportan una sensaci\u00f3n natural y envolvente<\/strong> que convierte la cocina y el comedor en lugares donde reunirse resulta casi inevitable, incluso en los d\u00edas m\u00e1s fr\u00edos.<\/p>\n\n\n\n<p class=\"has-medium-font-size wp-block-paragraph\">Los <strong>complementos<\/strong> adecuados elevan cualquier espacio sin grandes esfuerzos. <strong>Centros de mesa con velas, plantas arom\u00e1ticas y textiles en tonos tostados<\/strong> a\u00f1aden profundidad y car\u00e1cter, creando una atm\u00f3sfera serena que encaja con el ritmo tranquilo del invierno. Son detalles sencillos que aportan alma y hacen que cada comida o sobremesa resulte mucho m\u00e1s acogedora.<\/p>\n\n\n\n<p class=\"has-medium-font-size wp-block-paragraph\">Aprovechar la cocina en invierno significa <strong>crear peque\u00f1os micro-ambientes que acompa\u00f1en cada momento del d\u00eda<\/strong>. Un rinc\u00f3n desayuno junto a la ventana, una zona caf\u00e9 bien iluminada o una mesa central ba\u00f1ada por luz c\u00e1lida aportan contraste, intimidad y una sensaci\u00f3n de refugio que convierte la rutina en un placer cotidiano.<\/p>\n\n\n\n<div style=\"height:25px\" aria-hidden=\"true\" class=\"wp-block-spacer\"><\/div>\n\n\n\n<figure class=\"wp-block-image alignfull size-full\"><img decoding=\"async\" width=\"2392\" height=\"1344\" src=\"https:\/\/mueblesdetena.es\/wp-content\/uploads\/2025\/12\/invierno-hogar-4.jpg\" alt=\"invierno\" class=\"wp-image-41885\" srcset=\"https:\/\/mueblesdetena.es\/wp-content\/uploads\/2025\/12\/invierno-hogar-4.jpg 2392w, https:\/\/mueblesdetena.es\/wp-content\/uploads\/2025\/12\/invierno-hogar-4-300x169.jpg 300w, https:\/\/mueblesdetena.es\/wp-content\/uploads\/2025\/12\/invierno-hogar-4-1024x575.jpg 1024w, https:\/\/mueblesdetena.es\/wp-content\/uploads\/2025\/12\/invierno-hogar-4-768x432.jpg 768w, https:\/\/mueblesdetena.es\/wp-content\/uploads\/2025\/12\/invierno-hogar-4-1536x863.jpg 1536w, https:\/\/mueblesdetena.es\/wp-content\/uploads\/2025\/12\/invierno-hogar-4-2048x1151.jpg 2048w, https:\/\/mueblesdetena.es\/wp-content\/uploads\/2025\/12\/invierno-hogar-4-600x337.jpg 600w\" sizes=\"(max-width: 2392px) 100vw, 2392px\" \/><\/figure>\n\n\n\n<div style=\"height:25px\" aria-hidden=\"true\" class=\"wp-block-spacer\"><\/div>\n\n\n\n<h2 class=\"wp-block-heading\"><span class=\"ez-toc-section\" id=\"9_Preparar_balcones_y_terrazas_para_disfrutarlos_tambien_en_invierno\"><\/span>9. Preparar balcones y terrazas para disfrutarlos tambi\u00e9n en invierno<span class=\"ez-toc-section-end\"><\/span><\/h2>\n\n\n\n<p class=\"has-medium-font-size wp-block-paragraph\">Elegir muebles de exterior adecuados es el primer paso para aprovechar cualquier balc\u00f3n en invierno. <strong>La madera tratada aporta calidez visual, el aluminio garantiza una resistencia impecable y las fibras sint\u00e9ticas mantienen su aspecto<\/strong> incluso con humedad o cambios bruscos de temperatura, creando un espacio preparado para la temporada fr\u00eda con total naturalidad.<\/p>\n\n\n\n<p class=\"has-medium-font-size wp-block-paragraph\">Para a\u00f1adir confort real, conviene sumar elementos que generen calor visual y t\u00e9rmico. Las <strong>estufas port\u00e1tiles<\/strong> permiten disfrutar del exterior sin pasar fr\u00edo, mientras que las <strong>guirnaldas c\u00e1lidas<\/strong> suavizan la atm\u00f3sfera. Los <strong>textiles especiales<\/strong> para exterior (cojines, mantas y alfombras resistentes) aportan textura y un punto acogedor perfecto para los meses de invierno.<\/p>\n\n\n\n<p class=\"has-medium-font-size wp-block-paragraph\">La continuidad entre interior y exterior es clave para que el espacio se sienta arm\u00f3nico durante el invierno. <strong>Mantener una paleta crom\u00e1tica coherente, repetir materiales y jugar con una iluminaci\u00f3n c\u00e1lida<\/strong> crea una transici\u00f3n suave que extiende la sensaci\u00f3n de hogar hacia la terraza, incluso en los d\u00edas m\u00e1s fr\u00edos.<\/p>\n\n\n\n<div style=\"height:25px\" aria-hidden=\"true\" class=\"wp-block-spacer\"><\/div>\n\n\n\n<h2 class=\"wp-block-heading\"><span class=\"ez-toc-section\" id=\"10_Micro-decoracion_estrategica_pequenos_gestos_que_cambian_todo\"><\/span>10. Micro-decoraci\u00f3n estrat\u00e9gica: peque\u00f1os gestos que cambian todo<span class=\"ez-toc-section-end\"><\/span><\/h2>\n\n\n\n<p class=\"has-medium-font-size wp-block-paragraph\"><strong>Cambiar las cortinas por tejidos m\u00e1s densos o con mayor ca\u00edda<\/strong> es uno de los gestos m\u00e1s eficaces para transformar un ambiente en invierno. Las telas gruesas <strong>aportan recogimiento visual, suavizan la luz y generan una sensaci\u00f3n de abrigo<\/strong> que envuelve el espacio, incluso en estancias amplias o minimalistas.<\/p>\n\n\n\n<p class=\"has-medium-font-size wp-block-paragraph\"><strong>Incorporar bandejas decorativas, jarrones en tonos oscuros, libros seleccionados y piezas artesanales de madera<\/strong> refina cualquier rinc\u00f3n durante el invierno. Estos objetos no solo aportan calidez est\u00e9tica, sino que <strong>crean composiciones con volumen y car\u00e1cter que enriquecen la superficie sin saturarla<\/strong>, logrando una armon\u00eda discreta pero muy presente.<\/p>\n\n\n\n<p class=\"has-medium-font-size wp-block-paragraph\">Los <strong>aromas de invierno<\/strong> son un recurso emocional inesperado. <strong>Fragancias como \u00e1mbar, madera o especias suaves<\/strong> cambian la percepci\u00f3n t\u00e9rmica del hogar y lo hacen m\u00e1s acogedor. Utilizados en velas, difusores o espr\u00e1is textiles, a\u00f1aden una dimensi\u00f3n sensorial que acompa\u00f1a la decoraci\u00f3n y refuerza la sensaci\u00f3n de refugio.<\/p>\n\n\n\n<p class=\"has-medium-font-size wp-block-paragraph\">Los estilistas recomiendan <strong>vestir aparadores, mesas de centro y repisas con combinaciones que respiren invierno: velas c\u00e1lidas, piezas de cer\u00e1mica artesanal, ramas secas o libros de tapa dura<\/strong>. El equilibrio entre alturas, texturas y colores crea composiciones elegantes que embellecen el espacio sin restar serenidad.<\/p>\n\n\n\n<div style=\"height:25px\" aria-hidden=\"true\" class=\"wp-block-spacer\"><\/div>\n\n\n\n<h2 class=\"wp-block-heading\"><span class=\"ez-toc-section\" id=\"Un_invierno_mas_calido_empieza_con_los_muebles_adecuados\"><\/span>Un invierno m\u00e1s c\u00e1lido empieza con los muebles adecuados<span class=\"ez-toc-section-end\"><\/span><\/h2>\n\n\n\n<p class=\"has-medium-font-size wp-block-paragraph\">Los muebles adecuados act\u00faan como el hilo conductor que cohesiona cada estancia durante el invierno, creando espacios m\u00e1s habitables y sensoriales. Texturas mullidas, iluminaci\u00f3n c\u00e1lida y piezas vers\u00e1tiles permiten reforzar el confort sin renunciar a un estilo cuidado, demostrando que la calidez tambi\u00e9n puede construirse desde los detalles m\u00e1s cotidianos.<\/p>\n\n\n\n<p class=\"has-medium-font-size wp-block-paragraph\">Encontrar el equilibrio entre funcionalidad, est\u00e9tica y bienestar es esencial cuando el invierno nos invita a pasar m\u00e1s tiempo en casa. Sof\u00e1s con mayor profundidad, mesas auxiliares estrat\u00e9gicas y materiales nobles aportan una sensaci\u00f3n de refugio visual que transforma la rutina. El objetivo es lograr interiores que abracen, ordenen y acompa\u00f1en sin saturar ni renunciar a la elegancia.<\/p>\n\n\n\n<p class=\"has-medium-font-size wp-block-paragraph\">Basta con peque\u00f1as decisiones para convertir el invierno en una oportunidad decorativa: una l\u00e1mpara con luz suave, una alfombra c\u00e1lida o un plaid bien escogido cambian la atm\u00f3sfera sin esfuerzo. Cuando cada pieza suma, la casa evoluciona hacia un bienestar m\u00e1s \u00edntimo, intuitivo y profundamente acogedor.<\/p>","protected":false},"excerpt":{"rendered":"<p>Durante el invierno, el ritmo de la vida se vuelve m\u00e1s lento y la casa recupera un papel central. Pasamos m\u00e1s horas en interiores, buscando refugio y confort, y esto convierte cada estancia en un espacio esencial que debe responder a nuestras rutinas, nuestros momentos de descanso y nuestra necesidad de bienestar cotidiano. El mobiliario [&hellip;]<\/p>\n","protected":false},"author":618,"featured_media":41880,"comment_status":"closed","ping_status":"closed","sticky":false,"template":"","format":"standard","meta":{"site-sidebar-layout":"default","site-content-layout":"","ast-site-content-layout":"default","site-content-style":"default","site-sidebar-style":"default","ast-global-header-display":"","ast-banner-title-visibility":"","ast-main-header-display":"","ast-hfb-above-header-display":"","ast-hfb-below-header-display":"","ast-hfb-mobile-header-display":"","site-post-title":"","ast-breadcrumbs-content":"","ast-featured-img":"","footer-sml-layout":"","ast-disable-related-posts":"","theme-transparent-header-meta":"","adv-header-id-meta":"","stick-header-meta":"","header-above-stick-meta":"","header-main-stick-meta":"","header-below-stick-meta":"","astra-migrate-meta-layouts":"set","ast-page-background-enabled":"default","ast-page-background-meta":{"desktop":{"background-color":"var(--ast-global-color-4)","background-image":"","background-repeat":"repeat","background-position":"center center","background-size":"auto","background-attachment":"scroll","background-type":"","background-media":"","overlay-type":"","overlay-color":"","overlay-opacity":"","overlay-gradient":""},"tablet":{"background-color":"","background-image":"","background-repeat":"repeat","background-position":"center center","background-size":"auto","background-attachment":"scroll","background-type":"","background-media":"","overlay-type":"","overlay-color":"","overlay-opacity":"","overlay-gradient":""},"mobile":{"background-color":"","background-image":"","background-repeat":"repeat","background-position":"center center","background-size":"auto","background-attachment":"scroll","background-type":"","background-media":"","overlay-type":"","overlay-color":"","overlay-opacity":"","overlay-gradient":""}},"ast-content-background-meta":{"desktop":{"background-color":"var(--ast-global-color-5)","background-image":"","background-repeat":"repeat","background-position":"center center","background-size":"auto","background-attachment":"scroll","background-type":"","background-media":"","overlay-type":"","overlay-color":"","overlay-opacity":"","overlay-gradient":""},"tablet":{"background-color":"var(--ast-global-color-5)","background-image":"","background-repeat":"repeat","background-position":"center center","background-size":"auto","background-attachment":"scroll","background-type":"","background-media":"","overlay-type":"","overlay-color":"","overlay-opacity":"","overlay-gradient":""},"mobile":{"background-color":"var(--ast-global-color-5)","background-image":"","background-repeat":"repeat","background-position":"center center","background-size":"auto","background-attachment":"scroll","background-type":"","background-media":"","overlay-type":"","overlay-color":"","overlay-opacity":"","overlay-gradient":""}},"_joinchat":[],"footnotes":""},"categories":[1],"tags":[],"class_list":["post-41878","post","type-post","status-publish","format-standard","has-post-thumbnail","hentry","category-sin-categoria"],"_links":{"self":[{"href":"https:\/\/mueblesdetena.es\/ru_ru\/wp-json\/wp\/v2\/posts\/41878","targetHints":{"allow":["GET"]}}],"collection":[{"href":"https:\/\/mueblesdetena.es\/ru_ru\/wp-json\/wp\/v2\/posts"}],"about":[{"href":"https:\/\/mueblesdetena.es\/ru_ru\/wp-json\/wp\/v2\/types\/post"}],"author":[{"embeddable":true,"href":"https:\/\/mueblesdetena.es\/ru_ru\/wp-json\/wp\/v2\/users\/618"}],"replies":[{"embeddable":true,"href":"https:\/\/mueblesdetena.es\/ru_ru\/wp-json\/wp\/v2\/comments?post=41878"}],"version-history":[{"count":3,"href":"https:\/\/mueblesdetena.es\/ru_ru\/wp-json\/wp\/v2\/posts\/41878\/revisions"}],"predecessor-version":[{"id":41886,"href":"https:\/\/mueblesdetena.es\/ru_ru\/wp-json\/wp\/v2\/posts\/41878\/revisions\/41886"}],"wp:featuredmedia":[{"embeddable":true,"href":"https:\/\/mueblesdetena.es\/ru_ru\/wp-json\/wp\/v2\/media\/41880"}],"wp:attachment":[{"href":"https:\/\/mueblesdetena.es\/ru_ru\/wp-json\/wp\/v2\/media?parent=41878"}],"wp:term":[{"taxonomy":"category","embeddable":true,"href":"https:\/\/mueblesdetena.es\/ru_ru\/wp-json\/wp\/v2\/categories?post=41878"},{"taxonomy":"post_tag","embeddable":true,"href":"https:\/\/mueblesdetena.es\/ru_ru\/wp-json\/wp\/v2\/tags?post=41878"}],"curies":[{"name":"wp","href":"https:\/\/api.w.org\/{rel}","templated":true}]}}