{"id":41916,"date":"2025-12-16T08:56:31","date_gmt":"2025-12-16T07:56:31","guid":{"rendered":"https:\/\/mueblesdetena.es\/?p=41916"},"modified":"2025-12-16T08:56:35","modified_gmt":"2025-12-16T07:56:35","slug":"interiorismo-tecnologico-tendencias-hogar-2026","status":"publish","type":"post","link":"https:\/\/mueblesdetena.es\/ru_ru\/interiorismo-tecnologico-tendencias-hogar-2026\/","title":{"rendered":"Interiorismo tecnol\u00f3gico: 10 tendencias clave para transformar tu hogar en 2026"},"content":{"rendered":"<p class=\"has-medium-font-size wp-block-paragraph\">El interiorismo tecnol\u00f3gico se consolida en 2026 como una forma de entender el hogar donde la tecnolog\u00eda deja de ser un complemento y pasa a convertirse en un lenguaje m\u00e1s del dise\u00f1o. Los espacios ya no se conciben solo desde la est\u00e9tica, sino desde la capacidad de ofrecer experiencias m\u00e1s c\u00f3modas, intuitivas y sensoriales.<\/p>\n\n\n\n<p class=\"has-medium-font-size wp-block-paragraph\">Esta nueva mirada surge porque la tecnolog\u00eda ha dejado de percibirse como un elemento fr\u00edo o invasivo. En su lugar, se integra como un material noble que convive con maderas c\u00e1lidas, textiles naturales y arquitecturas suaves. El objetivo no es mostrar dispositivos, sino conseguir una armon\u00eda en la que todo funcione sin esfuerzo y de forma casi invisible.<\/p>\n\n\n\n<p class=\"has-medium-font-size wp-block-paragraph\">En este contexto, <strong>2026 llega marcado por diez tendencias que redefinir\u00e1n la manera de habitar<\/strong>: iluminaci\u00f3n emocional, pantallas invisibles, dom\u00f3tica silenciosa, materiales inteligentes y mobiliario con funciones ampliadas, entre muchas otras. Todas ellas comparten un mismo esp\u00edritu: transformar las necesidades diarias en gestos simples y ambientes m\u00e1s cuidados.<\/p>\n\n\n\n<p class=\"has-medium-font-size wp-block-paragraph\">Dentro de este cambio, el mobiliario adquiere un papel protagonista al ser el punto de encuentro entre dise\u00f1o y tecnolog\u00eda. Sof\u00e1s, mesas y aparadores evolucionan para incorporar funciones que mejoran el d\u00eda a d\u00eda, demostrando que el interiorismo tecnol\u00f3gico tambi\u00e9n puede ser c\u00e1lido, elegante y profundamente humano.<\/p>\n\n\n\n<div style=\"height:25px\" aria-hidden=\"true\" class=\"wp-block-spacer\"><\/div>\n\n\n\n<div id=\"ez-toc-container\" class=\"ez-toc-v2_0_85 counter-hierarchy ez-toc-counter ez-toc-grey ez-toc-container-direction\">\n<div class=\"ez-toc-title-container\">\n<p class=\"ez-toc-title\" style=\"cursor:inherit\">Table of Contents<\/p>\n<span class=\"ez-toc-title-toggle\"><a href=\"#\" class=\"ez-toc-pull-right ez-toc-btn ez-toc-btn-xs ez-toc-btn-default ez-toc-toggle\" aria-label=\"Toggle Table of Content\"><span class=\"ez-toc-js-icon-con\"><span class=\"\"><span class=\"eztoc-hide\" style=\"display:none;\">Toggle<\/span><span class=\"ez-toc-icon-toggle-span\"><svg style=\"fill: #999;color:#999\" xmlns=\"http:\/\/www.w3.org\/2000\/svg\" class=\"list-377408\" width=\"20px\" height=\"20px\" viewbox=\"0 0 24 24\" fill=\"none\"><path d=\"M6 6H4v2h2V6zm14 0H8v2h12V6zM4 11h2v2H4v-2zm16 0H8v2h12v-2zM4 16h2v2H4v-2zm16 0H8v2h12v-2z\" fill=\"currentColor\"><\/path><\/svg><svg style=\"fill: #999;color:#999\" class=\"arrow-unsorted-368013\" xmlns=\"http:\/\/www.w3.org\/2000\/svg\" width=\"10px\" height=\"10px\" viewbox=\"0 0 24 24\" version=\"1.2\" baseprofile=\"tiny\"><path d=\"M18.2 9.3l-6.2-6.3-6.2 6.3c-.2.2-.3.4-.3.7s.1.5.3.7c.2.2.4.3.7.3h11c.3 0 .5-.1.7-.3.2-.2.3-.5.3-.7s-.1-.5-.3-.7zM5.8 14.7l6.2 6.3 6.2-6.3c.2-.2.3-.5.3-.7s-.1-.5-.3-.7c-.2-.2-.4-.3-.7-.3h-11c-.3 0-.5.1-.7.3-.2.2-.3.5-.3.7s.1.5.3.7z\"\/><\/svg><\/span><\/span><\/span><\/a><\/span><\/div>\n<nav><ul class='ez-toc-list ez-toc-list-level-1' ><li class='ez-toc-page-1 ez-toc-heading-level-2'><a class=\"ez-toc-link ez-toc-heading-1\" href=\"https:\/\/mueblesdetena.es\/ru_ru\/interiorismo-tecnologico-tendencias-hogar-2026\/#Que_significa_realmente_%E2%80%9Cinteriorismo_tecnologico%E2%80%9D_en_2026\" >Qu\u00e9 significa realmente \u201cinteriorismo tecnol\u00f3gico\u201d en 2026<\/a><\/li><li class='ez-toc-page-1 ez-toc-heading-level-2'><a class=\"ez-toc-link ez-toc-heading-2\" href=\"https:\/\/mueblesdetena.es\/ru_ru\/interiorismo-tecnologico-tendencias-hogar-2026\/#Tendencia_1_Muebles_inteligentes_con_funciones_evolutivas\" >Tendencia 1: Muebles inteligentes con funciones evolutivas<\/a><\/li><li class='ez-toc-page-1 ez-toc-heading-level-2'><a class=\"ez-toc-link ez-toc-heading-3\" href=\"https:\/\/mueblesdetena.es\/ru_ru\/interiorismo-tecnologico-tendencias-hogar-2026\/#Tendencia_2_La_iluminacion_reactiva_y_emocional\" >Tendencia 2: La iluminaci\u00f3n reactiva y emocional<\/a><\/li><li class='ez-toc-page-1 ez-toc-heading-level-2'><a class=\"ez-toc-link ez-toc-heading-4\" href=\"https:\/\/mueblesdetena.es\/ru_ru\/interiorismo-tecnologico-tendencias-hogar-2026\/#Tendencia_3_Pantallas_invisibles_y_arte_digital_integrado\" >Tendencia 3: Pantallas invisibles y arte digital integrado<\/a><\/li><li class='ez-toc-page-1 ez-toc-heading-level-2'><a class=\"ez-toc-link ez-toc-heading-5\" href=\"https:\/\/mueblesdetena.es\/ru_ru\/interiorismo-tecnologico-tendencias-hogar-2026\/#Tendencia_4_Domotica_silenciosa_y_unificada\" >Tendencia 4: Dom\u00f3tica silenciosa y unificada<\/a><\/li><li class='ez-toc-page-1 ez-toc-heading-level-2'><a class=\"ez-toc-link ez-toc-heading-6\" href=\"https:\/\/mueblesdetena.es\/ru_ru\/interiorismo-tecnologico-tendencias-hogar-2026\/#Tendencia_5_Materiales_inteligentes_en_paredes_y_mobiliario\" >Tendencia 5: Materiales inteligentes en paredes y mobiliario<\/a><\/li><li class='ez-toc-page-1 ez-toc-heading-level-2'><a class=\"ez-toc-link ez-toc-heading-7\" href=\"https:\/\/mueblesdetena.es\/ru_ru\/interiorismo-tecnologico-tendencias-hogar-2026\/#Tendencia_6_Cocinas_hiperconectadas_y_visualmente_limpias\" >Tendencia 6: Cocinas hiperconectadas y visualmente limpias<\/a><\/li><li class='ez-toc-page-1 ez-toc-heading-level-2'><a class=\"ez-toc-link ez-toc-heading-8\" href=\"https:\/\/mueblesdetena.es\/ru_ru\/interiorismo-tecnologico-tendencias-hogar-2026\/#Tendencia_7_Dormitorios_disenados_para_el_bienestar\" >Tendencia 7: Dormitorios dise\u00f1ados para el bienestar<\/a><\/li><li class='ez-toc-page-1 ez-toc-heading-level-2'><a class=\"ez-toc-link ez-toc-heading-9\" href=\"https:\/\/mueblesdetena.es\/ru_ru\/interiorismo-tecnologico-tendencias-hogar-2026\/#Tendencia_8_Salones_multipantalla_y_sonido_envolvente_oculto\" >Tendencia 8: Salones multipantalla y sonido envolvente oculto<\/a><\/li><li class='ez-toc-page-1 ez-toc-heading-level-2'><a class=\"ez-toc-link ez-toc-heading-10\" href=\"https:\/\/mueblesdetena.es\/ru_ru\/interiorismo-tecnologico-tendencias-hogar-2026\/#Tendencia_9_Espacios_flexibles_con_tecnologia_camuflada\" >Tendencia 9: Espacios flexibles con tecnolog\u00eda camuflada<\/a><\/li><li class='ez-toc-page-1 ez-toc-heading-level-2'><a class=\"ez-toc-link ez-toc-heading-11\" href=\"https:\/\/mueblesdetena.es\/ru_ru\/interiorismo-tecnologico-tendencias-hogar-2026\/#Tendencia_10_IA_aplicada_al_interiorismo_diseno_predictivo_y_personalizacion\" >Tendencia 10: IA aplicada al interiorismo: dise\u00f1o predictivo y personalizaci\u00f3n<\/a><\/li><li class='ez-toc-page-1 ez-toc-heading-level-2'><a class=\"ez-toc-link ez-toc-heading-12\" href=\"https:\/\/mueblesdetena.es\/ru_ru\/interiorismo-tecnologico-tendencias-hogar-2026\/#Que_estilo_decorativo_encaja_mejor_con_el_interiorismo_tecnologico\" >Qu\u00e9 estilo decorativo encaja mejor con el interiorismo tecnol\u00f3gico<\/a><\/li><li class='ez-toc-page-1 ez-toc-heading-level-2'><a class=\"ez-toc-link ez-toc-heading-13\" href=\"https:\/\/mueblesdetena.es\/ru_ru\/interiorismo-tecnologico-tendencias-hogar-2026\/#Presente_vs_futuro_como_sera_un_hogar_estandar_en_2026\" >Presente vs. futuro: c\u00f3mo ser\u00e1 un hogar est\u00e1ndar en 2026<\/a><\/li><\/ul><\/nav><\/div>\n<h2 class=\"wp-block-heading\"><span class=\"ez-toc-section\" id=\"Que_significa_realmente_%E2%80%9Cinteriorismo_tecnologico%E2%80%9D_en_2026\"><\/span>Qu\u00e9 significa realmente \u201cinteriorismo tecnol\u00f3gico\u201d en 2026<span class=\"ez-toc-section-end\"><\/span><\/h2>\n\n\n\n<p class=\"has-medium-font-size wp-block-paragraph\">El <em>interiorismo tecnol\u00f3gico<\/em> ha vivido una evoluci\u00f3n sorprendente en la \u00faltima d\u00e9cada. Lo que empez\u00f3 como la simple incorporaci\u00f3n de dispositivos aislados ha dado paso a un <strong>enfoque integral donde dise\u00f1o, funcionalidad y conectividad trabajan juntos<\/strong>. Hoy, la tecnolog\u00eda se ha convertido en un material m\u00e1s con el que proyectar hogares sensibles y contempor\u00e1neos.<\/p>\n\n\n\n<p class=\"has-medium-font-size wp-block-paragraph\">La nueva regla del dise\u00f1o es clara: tecnolog\u00eda invisible para espacios m\u00e1s humanos. <strong>Las casas abandonan la est\u00e9tica fr\u00eda y futurista y abrazan una integraci\u00f3n silenciosa donde los sistemas se camuflan en muebles, tejidos o revestimientos<\/strong>. El objetivo es crear ambientes calmados, sofisticados y totalmente adaptados al ritmo de vida actual sin renunciar al confort digital.<\/p>\n\n\n\n<p class=\"has-medium-font-size wp-block-paragraph\">2026 ser\u00e1 un punto de inflexi\u00f3n para el <em>interiorismo tecnol\u00f3gico<\/em> gracias a <strong>la madurez del <a href=\"https:\/\/es.wikipedia.org\/wiki\/Internet_de_las_cosas\" target=\"_blank\" rel=\"noopener\">IoT<\/a>, la accesibilidad de los materiales inteligentes y la llegada de la IA dom\u00e9stica<\/strong>. Estas innovaciones permitir\u00e1n que iluminaci\u00f3n, climatizaci\u00f3n, sonido y mobiliario reaccionen autom\u00e1ticamente a nuestras rutinas, ofreciendo bienestar sin esfuerzo y una est\u00e9tica depurada que transforma la experiencia de habitar.<\/p>\n\n\n\n<p class=\"has-medium-font-size wp-block-paragraph\">Tras el auge del teletrabajo y la automatizaci\u00f3n, las viviendas han cambiado sus prioridades. <strong>Los hogares buscan versatilidad, ambientes que se adapten al momento y soluciones que acompa\u00f1en cada actividad<\/strong>. El <em>interiorismo tecnol\u00f3gico<\/em> responde a esta necesidad con espacios flexibles, capaces de reconfigurarse, mejorar la concentraci\u00f3n y elevar la calidad de vida sin perder belleza ni armon\u00eda.<\/p>\n\n\n\n<div style=\"height:25px\" aria-hidden=\"true\" class=\"wp-block-spacer\"><\/div>\n\n\n\n<figure class=\"wp-block-image alignfull size-full\"><img fetchpriority=\"high\" decoding=\"async\" width=\"2392\" height=\"1344\" src=\"https:\/\/mueblesdetena.es\/wp-content\/uploads\/2025\/11\/interiorismo-tecnologico-2.jpg\" alt=\"interiorismo tecnol\u00f3gico\" class=\"wp-image-41932\" srcset=\"https:\/\/mueblesdetena.es\/wp-content\/uploads\/2025\/11\/interiorismo-tecnologico-2.jpg 2392w, https:\/\/mueblesdetena.es\/wp-content\/uploads\/2025\/11\/interiorismo-tecnologico-2-300x169.jpg 300w, https:\/\/mueblesdetena.es\/wp-content\/uploads\/2025\/11\/interiorismo-tecnologico-2-1024x575.jpg 1024w, https:\/\/mueblesdetena.es\/wp-content\/uploads\/2025\/11\/interiorismo-tecnologico-2-768x432.jpg 768w, https:\/\/mueblesdetena.es\/wp-content\/uploads\/2025\/11\/interiorismo-tecnologico-2-1536x863.jpg 1536w, https:\/\/mueblesdetena.es\/wp-content\/uploads\/2025\/11\/interiorismo-tecnologico-2-2048x1151.jpg 2048w, https:\/\/mueblesdetena.es\/wp-content\/uploads\/2025\/11\/interiorismo-tecnologico-2-600x337.jpg 600w\" sizes=\"(max-width: 2392px) 100vw, 2392px\" \/><\/figure>\n\n\n\n<div style=\"height:25px\" aria-hidden=\"true\" class=\"wp-block-spacer\"><\/div>\n\n\n\n<h2 class=\"wp-block-heading\"><span class=\"ez-toc-section\" id=\"Tendencia_1_Muebles_inteligentes_con_funciones_evolutivas\"><\/span>Tendencia 1: Muebles inteligentes con funciones evolutivas<span class=\"ez-toc-section-end\"><\/span><\/h2>\n\n\n\n<p class=\"has-medium-font-size wp-block-paragraph\">Los muebles inteligentes se consolidan como pieza central del interiorismo tecnol\u00f3gico en 2026. <strong><a href=\"https:\/\/mueblesdetena.es\/ru_ru\/sofa-relax-electrico\/\">Sof\u00e1s<\/a>, <a href=\"https:\/\/mueblesdetena.es\/ru_ru\/canapes-electricos-articulados\/\">camas<\/a>, mesas y aparadores integran sensores casi invisibles que regulan la postura, ajustan el confort y automatizan peque\u00f1as rutinas dom\u00e9sticas<\/strong>. Son piezas que transforman el hogar sin renunciar a una est\u00e9tica c\u00e1lida y perfectamente integrada.<\/p>\n\n\n\n<p class=\"has-medium-font-size wp-block-paragraph\">Las nuevas funciones previstas para 2026 refuerzan esta idea de confort evolutivo: <strong>regulaci\u00f3n t\u00e9rmica adaptativa, iluminaci\u00f3n ambiental incorporada, asistentes de inteligencia artificial y superficies que reaccionan al uso<\/strong>. El resultado son muebles capaces de anticiparse a las necesidades del usuario, manteniendo un di\u00e1logo constante entre tecnolog\u00eda, bienestar y dise\u00f1o interior.<\/p>\n\n\n\n<p class=\"has-medium-font-size wp-block-paragraph\">Para elegir mobiliario inteligente dentro del interiorismo tecnol\u00f3gico, conviene <strong>priorizar modelos con l\u00edneas depuradas, materiales nobles y tecnolog\u00eda discreta<\/strong>. La clave est\u00e1 en que los dispositivos no \u201cocupen\u201d, sino que acompa\u00f1en el ambiente. As\u00ed, la innovaci\u00f3n suma sin romper la calidez, creando espacios acogedores y completamente actuales.<\/p>\n\n\n\n<div style=\"height:25px\" aria-hidden=\"true\" class=\"wp-block-spacer\"><\/div>\n\n\n\n<h2 class=\"wp-block-heading\"><span class=\"ez-toc-section\" id=\"Tendencia_2_La_iluminacion_reactiva_y_emocional\"><\/span>Tendencia 2: La iluminaci\u00f3n reactiva y emocional<span class=\"ez-toc-section-end\"><\/span><\/h2>\n\n\n\n<p class=\"has-medium-font-size wp-block-paragraph\">La nueva generaci\u00f3n de iluminaci\u00f3n reactiva transforma por completo la experiencia dom\u00e9stica, <strong>adapt\u00e1ndose de forma autom\u00e1tica a la actividad, la hora del d\u00eda o incluso al estado de \u00e1nimo<\/strong>. En el contexto del interiorismo tecnol\u00f3gico, estas luces inteligentes crean escenas que acompa\u00f1an cada momento: energ\u00eda suave por la ma\u00f1ana, claridad funcional al trabajar o una calidez envolvente para relajarse al final del d\u00eda.<\/p>\n\n\n\n<p class=\"has-medium-font-size wp-block-paragraph\">La <strong>integraci\u00f3n de <mark style=\"background-color:rgba(0, 0, 0, 0);color:#0693e3\" class=\"has-inline-color\">sistemas LED y <a href=\"https:\/\/www.xatakahome.com\/iluminacion-y-energia\/iluminacion-oled-asi-como-esta-luz-futurista-pretende-desbancar-a-tus-actuales-bombillas-led\" target=\"_blank\" rel=\"noopener\">OLED<\/a><\/mark> en muebles y paredes<\/strong> permite un dise\u00f1o continuo, sin elementos visibles que rompan la armon\u00eda visual. Estas superficies luminosas <strong>se activan con gestos o sensores<\/strong> y aportan una est\u00e9tica delicada y contempor\u00e1nea, clave para un interiorismo tecnol\u00f3gico que prioriza la limpieza visual y la sensaci\u00f3n de orden absoluto.<\/p>\n\n\n\n<p class=\"has-medium-font-size wp-block-paragraph\">El dise\u00f1o lum\u00ednico <strong>se convierte as\u00ed en una herramienta de bienestar capaz de modular emociones y mejorar la calidad de vida<\/strong>. La luz ya no solo ilumina: acompa\u00f1a, suaviza y equilibra los ambientes mediante una planificaci\u00f3n pensada al detalle, propia del interiorismo tecnol\u00f3gico m\u00e1s avanzado.<\/p>\n\n\n\n<div style=\"height:25px\" aria-hidden=\"true\" class=\"wp-block-spacer\"><\/div>\n\n\n\n<h2 class=\"wp-block-heading\"><span class=\"ez-toc-section\" id=\"Tendencia_3_Pantallas_invisibles_y_arte_digital_integrado\"><\/span>Tendencia 3: Pantallas invisibles y arte digital integrado<span class=\"ez-toc-section-end\"><\/span><\/h2>\n\n\n\n<p class=\"has-medium-font-size wp-block-paragraph\">Los <strong><mark style=\"background-color:rgba(0, 0, 0, 0);color:#0693e3\" class=\"has-inline-color\">televisores ultrafinos<\/mark><\/strong> se han convertido en un aliado esencial del interiorismo tecnol\u00f3gico. Sus paneles casi imperceptibles <strong>permiten que desaparezcan cuando no est\u00e1n en uso, integr\u00e1ndose en paredes lisas o en muebles de l\u00edneas depuradas<\/strong>. Esta discreci\u00f3n transforma el sal\u00f3n en un espacio m\u00e1s sereno, donde la tecnolog\u00eda acompa\u00f1a sin imponerse visualmente.<\/p>\n\n\n\n<p class=\"has-medium-font-size wp-block-paragraph\">Los <strong><mark style=\"background-color:rgba(0, 0, 0, 0);color:#0693e3\" class=\"has-inline-color\">cuadros digitales<\/mark><\/strong> dan un paso m\u00e1s y convierten la decoraci\u00f3n en un elemento vivo. <strong>Seg\u00fan el clima, la hora del d\u00eda o el estado de \u00e1nimo, estas piezas cambian de imagen con suavidad, aportando dinamismo y creando atm\u00f3sferas personalizadas<\/strong>. Su capacidad para mimetizarse con materiales nobles los convierte en un recurso exquisito dentro del interiorismo tecnol\u00f3gico.<\/p>\n\n\n\n<p class=\"has-medium-font-size wp-block-paragraph\">Para integrar pantallas sin perder est\u00e9tica, <strong>la clave est\u00e1 en el dise\u00f1o: marcos artesanales, panelados a medida y muebles que ocultan dispositivos con elegancia<\/strong>. Estas soluciones permiten que cada elemento tecnol\u00f3gico se funda con el estilo del hogar, manteniendo una armon\u00eda visual impecable.<\/p>\n\n\n\n<div style=\"height:25px\" aria-hidden=\"true\" class=\"wp-block-spacer\"><\/div>\n\n\n\n<h2 class=\"wp-block-heading\"><span class=\"ez-toc-section\" id=\"Tendencia_4_Domotica_silenciosa_y_unificada\"><\/span>Tendencia 4: Dom\u00f3tica silenciosa y unificada<span class=\"ez-toc-section-end\"><\/span><\/h2>\n\n\n\n<p class=\"has-medium-font-size wp-block-paragraph\">La revoluci\u00f3n del interiorismo tecnol\u00f3gico en 2026 pasa por <strong>una dom\u00f3tica que act\u00faa sin hacerse notar<\/strong>. Los sistemas de control centralizado funcionan de manera fluida, ajustando el hogar sin interrupciones ni pantallas invasivas. <strong>La casa responde en segundo plano, creando una sensaci\u00f3n de orden natural<\/strong> donde la tecnolog\u00eda acompa\u00f1a, pero nunca domina visualmente el espacio.<\/p>\n\n\n\n<p class=\"has-medium-font-size wp-block-paragraph\">Los sensores evolucionan hasta convertirse en un aliado invisible que anticipa cada necesidad. <strong>Regulan el clima antes de que la temperatura cambie, modulan la luz seg\u00fan la actividad y garantizan privacidad sin intervenci\u00f3n manual<\/strong>. Esta capa silenciosa redefine el interiorismo tecnol\u00f3gico como un ecosistema sensible, capaz de leer h\u00e1bitos y transformar ambientes con una precisi\u00f3n casi intuitiva.<\/p>\n\n\n\n<p class=\"has-medium-font-size wp-block-paragraph\">Las interfaces tambi\u00e9n abandonan su est\u00e9tica tradicional. <strong>Los interruptores se sustituyen por comandos de voz, gestos suaves, superficies t\u00e1ctiles y apps que armonizan con la decoraci\u00f3n<\/strong>. Esta nueva interacci\u00f3n convierte el interiorismo tecnol\u00f3gico en una experiencia natural, elegante y totalmente integrada.<\/p>\n\n\n\n<div style=\"height:25px\" aria-hidden=\"true\" class=\"wp-block-spacer\"><\/div>\n\n\n\n<h2 class=\"wp-block-heading\"><span class=\"ez-toc-section\" id=\"Tendencia_5_Materiales_inteligentes_en_paredes_y_mobiliario\"><\/span>Tendencia 5: Materiales inteligentes en paredes y mobiliario<span class=\"ez-toc-section-end\"><\/span><\/h2>\n\n\n\n<p class=\"has-medium-font-size wp-block-paragraph\">Las nuevas superficies inteligentes se est\u00e1n convirtiendo en una pieza esencial del interiorismo tecnol\u00f3gico. <strong>Paredes y muebles capaces de cambiar de color, brillo o textura responden a la luz, la temperatura o incluso al estado de \u00e1nimo del usuario<\/strong>. El resultado son ambientes que evolucionan a lo largo del d\u00eda y generan una sensaci\u00f3n de bienestar silenciosa y sofisticada.<\/p>\n\n\n\n<p class=\"has-medium-font-size wp-block-paragraph\">Los <strong><mark style=\"background-color:rgba(0, 0, 0, 0);color:#0693e3\" class=\"has-inline-color\">paneles ac\u00fasticos activos<\/mark><\/strong> representan otro avance decisivo. <strong>No solo absorben el sonido con precisi\u00f3n, sino que lo modulan seg\u00fan la actividad del espacio: relajaci\u00f3n, trabajo o entretenimiento<\/strong>. Esta capacidad de adaptaci\u00f3n convierte cualquier estancia en un refugio sensorial, integr\u00e1ndose visualmente en proyectos de interiorismo tecnol\u00f3gico de l\u00edneas limpias y modernas.<\/p>\n\n\n\n<p class=\"has-medium-font-size wp-block-paragraph\">En paralelo,<strong> los <mark style=\"background-color:rgba(0, 0, 0, 0);color:#0693e3\" class=\"has-inline-color\">espejos-pantalla<\/mark> y los <mark style=\"background-color:rgba(0, 0, 0, 0);color:#0693e3\" class=\"has-inline-color\">revestimientos con microiluminaci\u00f3n<\/mark><\/strong> integrada aportan una est\u00e9tica futurista sin excesos. Funcionan como <strong>piezas decorativas durante el d\u00eda y como centros de informaci\u00f3n o luz ambiental al activarse<\/strong>. Su discreci\u00f3n y su funcionalidad los han posicionado como elementos ic\u00f3nicos del interiorismo tecnol\u00f3gico contempor\u00e1neo.<\/p>\n\n\n\n<div style=\"height:25px\" aria-hidden=\"true\" class=\"wp-block-spacer\"><\/div>\n\n\n\n<figure class=\"wp-block-image alignfull size-full\"><img decoding=\"async\" width=\"2392\" height=\"1344\" src=\"https:\/\/mueblesdetena.es\/wp-content\/uploads\/2025\/11\/interiorismo-tecnologico-3.jpg\" alt=\"interiorismo tecnol\u00f3gico\" class=\"wp-image-41933\" srcset=\"https:\/\/mueblesdetena.es\/wp-content\/uploads\/2025\/11\/interiorismo-tecnologico-3.jpg 2392w, https:\/\/mueblesdetena.es\/wp-content\/uploads\/2025\/11\/interiorismo-tecnologico-3-300x169.jpg 300w, https:\/\/mueblesdetena.es\/wp-content\/uploads\/2025\/11\/interiorismo-tecnologico-3-1024x575.jpg 1024w, https:\/\/mueblesdetena.es\/wp-content\/uploads\/2025\/11\/interiorismo-tecnologico-3-768x432.jpg 768w, https:\/\/mueblesdetena.es\/wp-content\/uploads\/2025\/11\/interiorismo-tecnologico-3-1536x863.jpg 1536w, https:\/\/mueblesdetena.es\/wp-content\/uploads\/2025\/11\/interiorismo-tecnologico-3-2048x1151.jpg 2048w, https:\/\/mueblesdetena.es\/wp-content\/uploads\/2025\/11\/interiorismo-tecnologico-3-600x337.jpg 600w\" sizes=\"(max-width: 2392px) 100vw, 2392px\" \/><\/figure>\n\n\n\n<div style=\"height:25px\" aria-hidden=\"true\" class=\"wp-block-spacer\"><\/div>\n\n\n\n<h2 class=\"wp-block-heading\"><span class=\"ez-toc-section\" id=\"Tendencia_6_Cocinas_hiperconectadas_y_visualmente_limpias\"><\/span>Tendencia 6: Cocinas hiperconectadas y visualmente limpias<span class=\"ez-toc-section-end\"><\/span><\/h2>\n\n\n\n<p class=\"has-medium-font-size wp-block-paragraph\">Los <strong>electrodom\u00e9sticos que se esconden<\/strong> (desde frigor\u00edficos panelables hasta campanas integradas en la encimera) redefinen el minimalismo contempor\u00e1neo. En 2026, el interiorismo tecnol\u00f3gico <strong>prioriza cocinas donde nada interrumpe la continuidad visual<\/strong>: superficies limpias, vol\u00famenes puros y tecnolog\u00eda que trabaja en silencio, manteniendo la est\u00e9tica como eje del espacio.<\/p>\n\n\n\n<p class=\"has-medium-font-size wp-block-paragraph\">Las <strong><mark style=\"background-color:rgba(0, 0, 0, 0);color:#0693e3\" class=\"has-inline-color\">encimeras inteligentes<\/mark><\/strong> consolidan esta revoluci\u00f3n. La <strong>carga inal\u00e1mbrica, los sensores t\u00e1ctiles y las pantallas invisibles permiten cocinar, trabajar o reunirse sin dispositivos a la vista<\/strong>. Este avance del interiorismo tecnol\u00f3gico convierte la cocina en un espacio h\u00edbrido, eficiente y altamente intuitivo, donde la tecnolog\u00eda solo aparece cuando se necesita y desaparece al instante.<\/p>\n\n\n\n<p class=\"has-medium-font-size wp-block-paragraph\">Los <strong><mark style=\"background-color:rgba(0, 0, 0, 0);color:#0693e3\" class=\"has-inline-color\">armarios automatizados<\/mark> y los <mark style=\"background-color:rgba(0, 0, 0, 0);color:#0693e3\" class=\"has-inline-color\">sistemas push-to-open<\/mark><\/strong> completan esta nueva forma de habitar la cocina. Su <strong>apertura suave, la regulaci\u00f3n autom\u00e1tica de estantes y la integraci\u00f3n de iluminaci\u00f3n reactiva<\/strong> aportan un confort discreto. El interiorismo tecnol\u00f3gico convierte la ergonom\u00eda en una experiencia sofisticada y cotidiana.<\/p>\n\n\n\n<div style=\"height:25px\" aria-hidden=\"true\" class=\"wp-block-spacer\"><\/div>\n\n\n\n<h2 class=\"wp-block-heading\"><span class=\"ez-toc-section\" id=\"Tendencia_7_Dormitorios_disenados_para_el_bienestar\"><\/span>Tendencia 7: Dormitorios dise\u00f1ados para el bienestar<span class=\"ez-toc-section-end\"><\/span><\/h2>\n\n\n\n<p class=\"has-medium-font-size wp-block-paragraph\">Las <strong><mark style=\"background-color:rgba(0, 0, 0, 0);color:#0693e3\" class=\"has-inline-color\">camas inteligentes<\/mark><\/strong> se consolidan como el gran eje del interiorismo tecnol\u00f3gico en el dormitorio. <strong>Modelos capaces de regular la firmeza, adaptar la temperatura de cada lado y analizar el ciclo del sue\u00f1o<\/strong> convierten el descanso en una experiencia totalmente personalizada. Todo ello sin renunciar a l\u00edneas suaves, tapicer\u00edas naturales y una est\u00e9tica c\u00e1lida y envolvente.<\/p>\n\n\n\n<p class=\"has-medium-font-size wp-block-paragraph\">Junto a ellas, los <strong><mark style=\"background-color:rgba(0, 0, 0, 0);color:#0693e3\" class=\"has-inline-color\">sistemas de climatizaci\u00f3n personal<\/mark><\/strong> representan un avance decisivo. Un dormitorio equilibrado no depende tanto del termostato general como de microclimas dise\u00f1ados para favorecer el bienestar nocturno. <strong>Sensores integrados, regulaciones silenciosas y un consumo optimizado<\/strong> permiten mantener la atm\u00f3sfera perfecta sin interferencias visuales ni ac\u00fasticas, respetando la armon\u00eda decorativa del espacio.<\/p>\n\n\n\n<p class=\"has-medium-font-size wp-block-paragraph\">Las <strong><mark style=\"background-color:rgba(0, 0, 0, 0);color:#0693e3\" class=\"has-inline-color\">cortinas automatizadas<\/mark><\/strong> completan esta tendencia, combinando interiorismo tecnol\u00f3gico y confort sensorial. Su <strong>capacidad para ajustar la luz de forma gradual crea despertares suaves y noches m\u00e1s reparadoras<\/strong>. Vinculadas a rutinas dom\u00f3ticas, coordinan iluminaci\u00f3n, privacidad y temperatura para lograr un dormitorio que cuida del cuerpo casi sin intervenci\u00f3n humana.<\/p>\n\n\n\n<div style=\"height:25px\" aria-hidden=\"true\" class=\"wp-block-spacer\"><\/div>\n\n\n\n<h2 class=\"wp-block-heading\"><span class=\"ez-toc-section\" id=\"Tendencia_8_Salones_multipantalla_y_sonido_envolvente_oculto\"><\/span>Tendencia 8: Salones multipantalla y sonido envolvente oculto<span class=\"ez-toc-section-end\"><\/span><\/h2>\n\n\n\n<p class=\"has-medium-font-size wp-block-paragraph\">La evoluci\u00f3n del interiorismo tecnol\u00f3gico ha llevado los salones hacia soluciones ac\u00fasticas invisibles que transforman la experiencia sin alterar la est\u00e9tica. <strong>Barras de sonido ocultas, paneles decorativos fonoabsorbentes y altavoces empotrados<\/strong> permiten disfrutar de un sonido envolvente impecable mientras el espacio mantiene un dise\u00f1o limpio, equilibrado y visualmente ligero.<\/p>\n\n\n\n<p class=\"has-medium-font-size wp-block-paragraph\">En 2026, el concepto de <strong>\u201ccine en casa\u201d deja atr\u00e1s los dispositivos voluminosos y apuesta por una integraci\u00f3n elegante<\/strong> que prioriza la sensaci\u00f3n de amplitud. Las nuevas <strong>pantallas ultrafinas y los <mark style=\"background-color:rgba(0, 0, 0, 0);color:#0693e3\" class=\"has-inline-color\">sistemas auditivos camuflados<\/mark><\/strong> convierten el sal\u00f3n en un entorno inmersivo donde la tecnolog\u00eda desaparece a la vista, reforzando la sofisticaci\u00f3n propia del interiorismo tecnol\u00f3gico contempor\u00e1neo.<\/p>\n\n\n\n<p class=\"has-medium-font-size wp-block-paragraph\">Para combinar ocio, confort y dise\u00f1o, <strong>la clave est\u00e1 en elegir mobiliario que dialogue con la tecnolog\u00eda sin competir con ella<\/strong>. Muebles modulares, panelados c\u00e1lidos y textiles neutros permiten integrar pantallas y sonido de forma sutil, creando un ambiente acogedor donde el interiorismo tecnol\u00f3gico se siente natural, sereno y perfectamente equilibrado.<\/p>\n\n\n\n<div style=\"height:25px\" aria-hidden=\"true\" class=\"wp-block-spacer\"><\/div>\n\n\n\n<h2 class=\"wp-block-heading\"><span class=\"ez-toc-section\" id=\"Tendencia_9_Espacios_flexibles_con_tecnologia_camuflada\"><\/span>Tendencia 9: Espacios flexibles con tecnolog\u00eda camuflada<span class=\"ez-toc-section-end\"><\/span><\/h2>\n\n\n\n<p class=\"has-medium-font-size wp-block-paragraph\">Las <strong><mark style=\"background-color:rgba(0, 0, 0, 0);color:#0693e3\" class=\"has-inline-color\">paredes m\u00f3viles inteligentes<\/mark><\/strong> se han convertido en una de las soluciones m\u00e1s elegantes del interiorismo tecnol\u00f3gico. Funcionan mediante sistemas deslizantes casi invisibles y permiten redefinir una estancia con un simple gesto. Su dise\u00f1o, discreto y silencioso, <strong>facilita crear zonas independientes o ampliar el espacio seg\u00fan la actividad del momento<\/strong> sin alterar la est\u00e9tica global.<\/p>\n\n\n\n<p class=\"has-medium-font-size wp-block-paragraph\">Los <strong><mark style=\"background-color:rgba(0, 0, 0, 0);color:#0693e3\" class=\"has-inline-color\">muebles capaces de detectar su uso y cambiar de funci\u00f3n<\/mark><\/strong> son otra revoluci\u00f3n silenciosa. Mesas que pasan de rinc\u00f3n de trabajo a comedor en segundos, encimeras que se elevan autom\u00e1ticamente o m\u00f3dulos que se expanden cuando reconocen presencia. Estas piezas <strong>responden al movimiento y optimizan cada metro cuadrado<\/strong>, manteniendo siempre una est\u00e9tica c\u00e1lida y coherente con el interiorismo tecnol\u00f3gico contempor\u00e1neo.<\/p>\n\n\n\n<p class=\"has-medium-font-size wp-block-paragraph\">Gracias a estos sistemas, <strong>transformar un mini piso sin obras es m\u00e1s accesible que nunca<\/strong>. La tecnolog\u00eda se integra en estructuras, bisagras y sensores ocultos, permitiendo multiplicar usos y ambientes sin a\u00f1adir volumen. As\u00ed, incluso viviendas peque\u00f1as ganan amplitud visual, funcionalidad y una sensaci\u00f3n de orden sofisticado.<\/p>\n\n\n\n<div style=\"height:25px\" aria-hidden=\"true\" class=\"wp-block-spacer\"><\/div>\n\n\n\n<h2 class=\"wp-block-heading\"><span class=\"ez-toc-section\" id=\"Tendencia_10_IA_aplicada_al_interiorismo_diseno_predictivo_y_personalizacion\"><\/span>Tendencia 10: IA aplicada al interiorismo: dise\u00f1o predictivo y personalizaci\u00f3n<span class=\"ez-toc-section-end\"><\/span><\/h2>\n\n\n\n<p class=\"has-medium-font-size wp-block-paragraph\">Las nuevas plataformas basadas en inteligencia artificial est\u00e1n revolucionando el interiorismo tecnol\u00f3gico al generar propuestas decorativas en apenas unos segundos. <strong>El usuario introduce sus preferencias, fotograf\u00eda su estancia y obtiene ideas adaptadas a su estilo, su distribuci\u00f3n y sus necesidades reales<\/strong>, con una precisi\u00f3n que antes solo era posible mediante proyectos profesionales a medida.<\/p>\n\n\n\n<p class=\"has-medium-font-size wp-block-paragraph\">Estas herramientas tambi\u00e9n <strong>permiten visualizar simulaciones hiperrealistas antes de comprar muebles, tejidos o luminarias<\/strong>. El resultado es una experiencia inmersiva donde cada cambio (un color, una textura, una pieza de almacenaje) se integra en la escena con total naturalidad. El interiorismo tecnol\u00f3gico consigue as\u00ed reducir los errores y mejorar la toma de decisiones est\u00e9ticas.<\/p>\n\n\n\n<p class=\"has-medium-font-size wp-block-paragraph\">La \u00faltima gran evoluci\u00f3n llega con sistemas capaces de aprender h\u00e1bitos y anticiparse a ellos. Analizan rutinas de luz, temperatura o uso del espacio y sugieren mejoras discretas que elevan confort y eficiencia. Una nueva forma de interiorismo tecnol\u00f3gico que combina inteligencia y sensibilidad. Algunas apps interesantes son: <a href=\"https:\/\/interiorai.com\/\" target=\"_blank\" rel=\"noopener\">Interior AI<\/a>, <a href=\"https:\/\/home.by.me\/es\/\" target=\"_blank\" rel=\"noopener\">Home by Me<\/a>, <a href=\"https:\/\/www.homestyler.com\/solution\/design_floor-planner?adid=330252&amp;source_page=330252_2&amp;utm_source=google&amp;utm_medium=pmax&amp;gad_source=1&amp;gad_campaignid=22899301387&amp;gclid=CjwKCAiA55rJBhByEiwAFkY1QMJSH-gc1P2TEQYZFRS7GydA6Lhqvz2AGzpwuyCcpqtaoNHYH4U1tRoChCcQAvD_BwE\" target=\"_blank\" rel=\"noopener\">Home Styler<\/a> o <a href=\"https:\/\/www.roomgpt.io\/\" target=\"_blank\" rel=\"noopener\">Room GPT<\/a>.<\/p>\n\n\n\n<div style=\"height:25px\" aria-hidden=\"true\" class=\"wp-block-spacer\"><\/div>\n\n\n\n<figure class=\"wp-block-image alignfull size-full\"><img decoding=\"async\" width=\"2392\" height=\"1344\" src=\"https:\/\/mueblesdetena.es\/wp-content\/uploads\/2025\/11\/interiorismo-tecnologico-4.jpg\" alt=\"interiorismo tecnol\u00f3gico\" class=\"wp-image-41935\" srcset=\"https:\/\/mueblesdetena.es\/wp-content\/uploads\/2025\/11\/interiorismo-tecnologico-4.jpg 2392w, https:\/\/mueblesdetena.es\/wp-content\/uploads\/2025\/11\/interiorismo-tecnologico-4-300x169.jpg 300w, https:\/\/mueblesdetena.es\/wp-content\/uploads\/2025\/11\/interiorismo-tecnologico-4-1024x575.jpg 1024w, https:\/\/mueblesdetena.es\/wp-content\/uploads\/2025\/11\/interiorismo-tecnologico-4-768x432.jpg 768w, https:\/\/mueblesdetena.es\/wp-content\/uploads\/2025\/11\/interiorismo-tecnologico-4-1536x863.jpg 1536w, https:\/\/mueblesdetena.es\/wp-content\/uploads\/2025\/11\/interiorismo-tecnologico-4-2048x1151.jpg 2048w, https:\/\/mueblesdetena.es\/wp-content\/uploads\/2025\/11\/interiorismo-tecnologico-4-600x337.jpg 600w\" sizes=\"(max-width: 2392px) 100vw, 2392px\" \/><\/figure>\n\n\n\n<div style=\"height:25px\" aria-hidden=\"true\" class=\"wp-block-spacer\"><\/div>\n\n\n\n<h2 class=\"wp-block-heading\"><span class=\"ez-toc-section\" id=\"Que_estilo_decorativo_encaja_mejor_con_el_interiorismo_tecnologico\"><\/span>Qu\u00e9 estilo decorativo encaja mejor con el interiorismo tecnol\u00f3gico<span class=\"ez-toc-section-end\"><\/span><\/h2>\n\n\n\n<ul class=\"wp-block-list has-medium-font-size\">\n<li>El <strong>minimalismo c\u00e1lido<\/strong> es uno de los estilos que mejor dialoga con el interiorismo tecnol\u00f3gico, porque apuesta por l\u00edneas puras, espacios ordenados y materiales que suavizan la presencia de dispositivos inteligentes. La tecnolog\u00eda se integra sin estridencias gracias a tonos naturales, tejidos acogedores y muebles ligeros que permiten una convivencia equilibrada y elegante.<\/li>\n\n\n\n<li>El <strong>Japandi futurista<\/strong> combina la serenidad n\u00f3rdica con la precisi\u00f3n japonesa, dando lugar a interiores donde el interiorismo tecnol\u00f3gico se disimula entre superficies limpias y texturas org\u00e1nicas. Las luces ambientales ocultas, los paneles interactivos y los muebles de dise\u00f1o silencioso encuentran aqu\u00ed un escenario perfecto para brillar sin alterar la calma del espacio.<\/li>\n\n\n\n<li>El <strong>estilo industrial inteligente<\/strong> recupera materiales como el acero, el hormig\u00f3n o la madera envejecida y los reinterpreta desde una mirada contempor\u00e1nea. En este entorno, el interiorismo tecnol\u00f3gico adquiere un car\u00e1cter sofisticado gracias a pantallas semitransparentes, proyectores integrados y sistemas de sonido ocultos que conviven con estructuras vistas y vol\u00famenes contundentes.<\/li>\n\n\n\n<li>El <strong>Mediterr\u00e1neo contempor\u00e1neo<\/strong> con tecnolog\u00eda discreta apuesta por la luminosidad, la frescura y la naturalidad. La integraci\u00f3n de soluciones propias del interiorismo tecnol\u00f3gico \u2014como climatizaci\u00f3n automatizada, cortinas motorizadas o iluminaci\u00f3n reactiva\u2014 se realiza de forma suave, manteniendo la esencia artesanal del estilo y reforzando su car\u00e1cter mediterr\u00e1neo sin romper su armon\u00eda crom\u00e1tica.<\/li>\n<\/ul>\n\n\n\n<p class=\"has-medium-font-size wp-block-paragraph\">Adaptar cada estilo a un hogar conectado implica comprender c\u00f3mo se fusionan est\u00e9tica y funcionalidad sin renunciar a la personalidad del espacio. El interiorismo tecnol\u00f3gico puede adoptar m\u00faltiples interpretaciones: desde esconder dispositivos en muebles a medida hasta convertirlos en elementos protagonistas, siempre respetando materiales, proporciones y ritmos visuales propios de cada propuesta decorativa.<\/p>\n\n\n\n<div aria-hidden=\"true\" class=\"wp-block-spacer\"><\/div>\n\n\n\n<div style=\"height:25px\" aria-hidden=\"true\" class=\"wp-block-spacer\"><\/div>\n\n\n\n<h2 class=\"wp-block-heading\"><span class=\"ez-toc-section\" id=\"Presente_vs_futuro_como_sera_un_hogar_estandar_en_2026\"><\/span>Presente vs. futuro: c\u00f3mo ser\u00e1 un hogar est\u00e1ndar en 2026<span class=\"ez-toc-section-end\"><\/span><\/h2>\n\n\n\n<p class=\"has-medium-font-size wp-block-paragraph\">En 2026, un hogar est\u00e1ndar mostrar\u00e1 <strong>diferencias claras respecto a los de 2023\u20132025<\/strong>, sobre todo en la forma de relacionarnos con el espacio. El interiorismo tecnol\u00f3gico <strong>pasar\u00e1 de ser un a\u00f1adido discreto a convertirse en parte estructural del dise\u00f1o<\/strong>, con dispositivos que aprenden rutinas y ajustan clima, luz o privacidad sin intervenci\u00f3n manual.<\/p>\n\n\n\n<p class=\"has-medium-font-size wp-block-paragraph\">La <strong>expansi\u00f3n de termostatos inteligentes como Nest o Ecobee<\/strong> marcar\u00e1 un cambio notable. Su inteligencia artificial permitir\u00e1 un control clim\u00e1tico predictivo y completamente integrado, algo impensable hace unos a\u00f1os. Estas funciones, <strong>junto con la coordinaci\u00f3n fluida entre asistentes como Echo o Google Home<\/strong>, ser\u00e1n ya comunes en cualquier hogar medio sin alterar la est\u00e9tica.<\/p>\n\n\n\n<p class=\"has-medium-font-size wp-block-paragraph\">La seguridad tambi\u00e9n vivir\u00e1 un salto cualitativo. <strong>C\u00e1maras 4K, reconocimiento facial y detecci\u00f3n de amenazas basada en IA<\/strong> (como las soluciones avanzadas de Ring o Arlo) dejar\u00e1n de ser prestaciones premium. Formar\u00e1n parte natural del interiorismo tecnol\u00f3gico, incorpor\u00e1ndose a entradas, jardines o pasillos sin elementos invasivos ni dispositivos visibles.<\/p>\n\n\n\n<p class=\"has-medium-font-size wp-block-paragraph\">En paralelo, los electrodom\u00e9sticos eficientes consolidar\u00e1n su protagonismo. <strong>Frigor\u00edficos capaces de gestionar inventarios, lavadoras que optimizan agua y detergente o sistemas LED<\/strong> con brillo adaptativo ser\u00e1n habituales en hogares de 2026. Estas tecnolog\u00edas, antes exclusivas, se democratizar\u00e1n gracias a un mercado m\u00e1s competitivo y a incentivos destinados a reducir consumo energ\u00e9tico.<\/p>\n\n\n\n<p class=\"has-medium-font-size wp-block-paragraph\"><strong>Esta democratizaci\u00f3n vendr\u00e1 impulsada por plataformas conectadas que centralizan toda la experiencia dom\u00e9stica<\/strong>. La gesti\u00f3n desde el m\u00f3vil, el control por voz contextual y la automatizaci\u00f3n profunda permitir\u00e1n que cualquier vivienda adopte soluciones de interiorismo tecnol\u00f3gico sin necesidad de grandes reformas. En 2026, lo inteligente ser\u00e1 simplemente lo normal.<\/p>","protected":false},"excerpt":{"rendered":"<p>El interiorismo tecnol\u00f3gico se consolida en 2026 como una forma de entender el hogar donde la tecnolog\u00eda deja de ser un complemento y pasa a convertirse en un lenguaje m\u00e1s del dise\u00f1o. Los espacios ya no se conciben solo desde la est\u00e9tica, sino desde la capacidad de ofrecer experiencias m\u00e1s c\u00f3modas, intuitivas y sensoriales. Esta [&hellip;]<\/p>\n","protected":false},"author":618,"featured_media":41929,"comment_status":"closed","ping_status":"closed","sticky":false,"template":"","format":"standard","meta":{"site-sidebar-layout":"default","site-content-layout":"","ast-site-content-layout":"default","site-content-style":"default","site-sidebar-style":"default","ast-global-header-display":"","ast-banner-title-visibility":"","ast-main-header-display":"","ast-hfb-above-header-display":"","ast-hfb-below-header-display":"","ast-hfb-mobile-header-display":"","site-post-title":"","ast-breadcrumbs-content":"","ast-featured-img":"","footer-sml-layout":"","ast-disable-related-posts":"","theme-transparent-header-meta":"","adv-header-id-meta":"","stick-header-meta":"","header-above-stick-meta":"","header-main-stick-meta":"","header-below-stick-meta":"","astra-migrate-meta-layouts":"set","ast-page-background-enabled":"default","ast-page-background-meta":{"desktop":{"background-color":"var(--ast-global-color-4)","background-image":"","background-repeat":"repeat","background-position":"center center","background-size":"auto","background-attachment":"scroll","background-type":"","background-media":"","overlay-type":"","overlay-color":"","overlay-opacity":"","overlay-gradient":""},"tablet":{"background-color":"","background-image":"","background-repeat":"repeat","background-position":"center center","background-size":"auto","background-attachment":"scroll","background-type":"","background-media":"","overlay-type":"","overlay-color":"","overlay-opacity":"","overlay-gradient":""},"mobile":{"background-color":"","background-image":"","background-repeat":"repeat","background-position":"center center","background-size":"auto","background-attachment":"scroll","background-type":"","background-media":"","overlay-type":"","overlay-color":"","overlay-opacity":"","overlay-gradient":""}},"ast-content-background-meta":{"desktop":{"background-color":"var(--ast-global-color-5)","background-image":"","background-repeat":"repeat","background-position":"center center","background-size":"auto","background-attachment":"scroll","background-type":"","background-media":"","overlay-type":"","overlay-color":"","overlay-opacity":"","overlay-gradient":""},"tablet":{"background-color":"var(--ast-global-color-5)","background-image":"","background-repeat":"repeat","background-position":"center center","background-size":"auto","background-attachment":"scroll","background-type":"","background-media":"","overlay-type":"","overlay-color":"","overlay-opacity":"","overlay-gradient":""},"mobile":{"background-color":"var(--ast-global-color-5)","background-image":"","background-repeat":"repeat","background-position":"center center","background-size":"auto","background-attachment":"scroll","background-type":"","background-media":"","overlay-type":"","overlay-color":"","overlay-opacity":"","overlay-gradient":""}},"_joinchat":[],"footnotes":""},"categories":[1],"tags":[],"class_list":["post-41916","post","type-post","status-publish","format-standard","has-post-thumbnail","hentry","category-sin-categoria"],"_links":{"self":[{"href":"https:\/\/mueblesdetena.es\/ru_ru\/wp-json\/wp\/v2\/posts\/41916","targetHints":{"allow":["GET"]}}],"collection":[{"href":"https:\/\/mueblesdetena.es\/ru_ru\/wp-json\/wp\/v2\/posts"}],"about":[{"href":"https:\/\/mueblesdetena.es\/ru_ru\/wp-json\/wp\/v2\/types\/post"}],"author":[{"embeddable":true,"href":"https:\/\/mueblesdetena.es\/ru_ru\/wp-json\/wp\/v2\/users\/618"}],"replies":[{"embeddable":true,"href":"https:\/\/mueblesdetena.es\/ru_ru\/wp-json\/wp\/v2\/comments?post=41916"}],"version-history":[{"count":1,"href":"https:\/\/mueblesdetena.es\/ru_ru\/wp-json\/wp\/v2\/posts\/41916\/revisions"}],"predecessor-version":[{"id":41936,"href":"https:\/\/mueblesdetena.es\/ru_ru\/wp-json\/wp\/v2\/posts\/41916\/revisions\/41936"}],"wp:featuredmedia":[{"embeddable":true,"href":"https:\/\/mueblesdetena.es\/ru_ru\/wp-json\/wp\/v2\/media\/41929"}],"wp:attachment":[{"href":"https:\/\/mueblesdetena.es\/ru_ru\/wp-json\/wp\/v2\/media?parent=41916"}],"wp:term":[{"taxonomy":"category","embeddable":true,"href":"https:\/\/mueblesdetena.es\/ru_ru\/wp-json\/wp\/v2\/categories?post=41916"},{"taxonomy":"post_tag","embeddable":true,"href":"https:\/\/mueblesdetena.es\/ru_ru\/wp-json\/wp\/v2\/tags?post=41916"}],"curies":[{"name":"wp","href":"https:\/\/api.w.org\/{rel}","templated":true}]}}