{"id":42457,"date":"2026-01-06T09:00:00","date_gmt":"2026-01-06T08:00:00","guid":{"rendered":"https:\/\/mueblesdetena.es\/?p=42457"},"modified":"2026-01-06T11:56:30","modified_gmt":"2026-01-06T10:56:30","slug":"decoracion-viva-modular-7-claves-estilo-adaptado","status":"publish","type":"post","link":"https:\/\/mueblesdetena.es\/ru_ru\/decoracion-viva-modular-7-claves-estilo-adaptado\/","title":{"rendered":"Decoraci\u00f3n Viva Modular: 7 claves del nuevo minimalismo que se adapta a tu vida"},"content":{"rendered":"<p class=\"has-medium-font-size wp-block-paragraph\">La forma de habitar nuestros hogares est\u00e1 viviendo un cambio profundo. Ya no concebimos la casa como un escenario fijo, sino como un espacio que acompa\u00f1a los ritmos de la vida. La decoraci\u00f3n deja de ser una foto est\u00e1tica para convertirse en un proceso abierto, sensible al tiempo y a quienes lo transitan.<\/p>\n\n\n\n<p class=\"has-medium-font-size wp-block-paragraph\">Durante d\u00e9cadas, el interiorismo ha impuesto casas r\u00edgidas, compartimentadas y pensadas para durar sin alterarse. Hoy esa idea se diluye. El hogar se entiende como un organismo vivo, capaz de transformarse, adaptarse y respirar. Espacios que se mueven, muebles que cambian de funci\u00f3n y una est\u00e9tica que evoluciona sin perder coherencia.<\/p>\n\n\n\n<p class=\"has-medium-font-size wp-block-paragraph\">Este nuevo enfoque conecta directamente con los estilos de vida actuales: juventud prolongada, teletrabajo, creatividad h\u00edbrida y biograf\u00edas no lineales. Vivimos, trabajamos, recibimos y descansamos en los mismos metros cuadrados. La casa necesita responder a estos cambios sin esfuerzo, sin imponer l\u00edmites ni narrativas cerradas.<\/p>\n\n\n\n<p class=\"has-medium-font-size wp-block-paragraph\">En este contexto nace la <strong>decoraci\u00f3n viva modular<\/strong>, una manera contempor\u00e1nea de entender el minimalismo desde la flexibilidad y la l\u00f3gica del uso. No propone m\u00e1s objetos, sino mejores decisiones; no busca decorar, sino activar el espacio. Una base neutra, piezas m\u00f3viles y una casa pensada para crecer con quien la habita.<\/p>\n\n\n\n<div style=\"height:25px\" aria-hidden=\"true\" class=\"wp-block-spacer\"><\/div>\n\n\n\n<div id=\"ez-toc-container\" class=\"ez-toc-v2_0_85 counter-hierarchy ez-toc-counter ez-toc-grey ez-toc-container-direction\">\n<div class=\"ez-toc-title-container\">\n<p class=\"ez-toc-title\" style=\"cursor:inherit\">Table of Contents<\/p>\n<span class=\"ez-toc-title-toggle\"><a href=\"#\" class=\"ez-toc-pull-right ez-toc-btn ez-toc-btn-xs ez-toc-btn-default ez-toc-toggle\" aria-label=\"Toggle Table of Content\"><span class=\"ez-toc-js-icon-con\"><span class=\"\"><span class=\"eztoc-hide\" style=\"display:none;\">Toggle<\/span><span class=\"ez-toc-icon-toggle-span\"><svg style=\"fill: #999;color:#999\" xmlns=\"http:\/\/www.w3.org\/2000\/svg\" class=\"list-377408\" width=\"20px\" height=\"20px\" viewbox=\"0 0 24 24\" fill=\"none\"><path d=\"M6 6H4v2h2V6zm14 0H8v2h12V6zM4 11h2v2H4v-2zm16 0H8v2h12v-2zM4 16h2v2H4v-2zm16 0H8v2h12v-2z\" fill=\"currentColor\"><\/path><\/svg><svg style=\"fill: #999;color:#999\" class=\"arrow-unsorted-368013\" xmlns=\"http:\/\/www.w3.org\/2000\/svg\" width=\"10px\" height=\"10px\" viewbox=\"0 0 24 24\" version=\"1.2\" baseprofile=\"tiny\"><path d=\"M18.2 9.3l-6.2-6.3-6.2 6.3c-.2.2-.3.4-.3.7s.1.5.3.7c.2.2.4.3.7.3h11c.3 0 .5-.1.7-.3.2-.2.3-.5.3-.7s-.1-.5-.3-.7zM5.8 14.7l6.2 6.3 6.2-6.3c.2-.2.3-.5.3-.7s-.1-.5-.3-.7c-.2-.2-.4-.3-.7-.3h-11c-.3 0-.5.1-.7.3-.2.2-.3.5-.3.7s.1.5.3.7z\"\/><\/svg><\/span><\/span><\/span><\/a><\/span><\/div>\n<nav><ul class='ez-toc-list ez-toc-list-level-1' ><li class='ez-toc-page-1 ez-toc-heading-level-2'><a class=\"ez-toc-link ez-toc-heading-1\" href=\"https:\/\/mueblesdetena.es\/ru_ru\/decoracion-viva-modular-7-claves-estilo-adaptado\/#%C2%BFQue_es_la_Decoracion_Viva_Modular\" >\u00bfQu\u00e9 es la Decoraci\u00f3n Viva Modular?<\/a><ul class='ez-toc-list-level-3' ><li class='ez-toc-heading-level-3'><a class=\"ez-toc-link ez-toc-heading-2\" href=\"https:\/\/mueblesdetena.es\/ru_ru\/decoracion-viva-modular-7-claves-estilo-adaptado\/#Un_minimalismo_que_no_es_frio_ni_estatico\" >Un minimalismo que no es fr\u00edo ni est\u00e1tico<\/a><\/li><\/ul><\/li><li class='ez-toc-page-1 ez-toc-heading-level-2'><a class=\"ez-toc-link ez-toc-heading-3\" href=\"https:\/\/mueblesdetena.es\/ru_ru\/decoracion-viva-modular-7-claves-estilo-adaptado\/#Clave_1_El_espacio_como_recorrido_no_como_suma_de_habitaciones\" >Clave 1: El espacio como recorrido, no como suma de habitaciones<\/a><\/li><li class='ez-toc-page-1 ez-toc-heading-level-2'><a class=\"ez-toc-link ez-toc-heading-4\" href=\"https:\/\/mueblesdetena.es\/ru_ru\/decoracion-viva-modular-7-claves-estilo-adaptado\/#Clave_2_Muebles_con_identidad_propia_no_sets_cerrados\" >Clave 2: Muebles con identidad propia (no sets cerrados)<\/a><\/li><li class='ez-toc-page-1 ez-toc-heading-level-2'><a class=\"ez-toc-link ez-toc-heading-5\" href=\"https:\/\/mueblesdetena.es\/ru_ru\/decoracion-viva-modular-7-claves-estilo-adaptado\/#Clave_3_Multifuncionalidad_real_no_teorica\" >Clave 3: Multifuncionalidad real, no te\u00f3rica<\/a><ul class='ez-toc-list-level-3' ><li class='ez-toc-heading-level-3'><a class=\"ez-toc-link ez-toc-heading-6\" href=\"https:\/\/mueblesdetena.es\/ru_ru\/decoracion-viva-modular-7-claves-estilo-adaptado\/#Pensar_el_mueble_como_infraestructura_domestica\" >Pensar el mueble como infraestructura dom\u00e9stica<\/a><\/li><\/ul><\/li><li class='ez-toc-page-1 ez-toc-heading-level-2'><a class=\"ez-toc-link ez-toc-heading-7\" href=\"https:\/\/mueblesdetena.es\/ru_ru\/decoracion-viva-modular-7-claves-estilo-adaptado\/#Clave_4_Base_neutra_vida_en_movimiento\" >Clave 4: Base neutra, vida en movimiento<\/a><\/li><li class='ez-toc-page-1 ez-toc-heading-level-2'><a class=\"ez-toc-link ez-toc-heading-8\" href=\"https:\/\/mueblesdetena.es\/ru_ru\/decoracion-viva-modular-7-claves-estilo-adaptado\/#Clave_5_Casas_que_crecen_con_las_personas\" >Clave 5: Casas que crecen con las personas<\/a><ul class='ez-toc-list-level-3' ><li class='ez-toc-heading-level-3'><a class=\"ez-toc-link ez-toc-heading-9\" href=\"https:\/\/mueblesdetena.es\/ru_ru\/decoracion-viva-modular-7-claves-estilo-adaptado\/#Decorar_sin_fechar_tu_casa\" >Decorar sin fechar tu casa<\/a><\/li><\/ul><\/li><li class='ez-toc-page-1 ez-toc-heading-level-2'><a class=\"ez-toc-link ez-toc-heading-10\" href=\"https:\/\/mueblesdetena.es\/ru_ru\/decoracion-viva-modular-7-claves-estilo-adaptado\/#Clave_6_Menos_puertas_mas_posibilidades\" >Clave 6: Menos puertas, m\u00e1s posibilidades<\/a><\/li><li class='ez-toc-page-1 ez-toc-heading-level-2'><a class=\"ez-toc-link ez-toc-heading-11\" href=\"https:\/\/mueblesdetena.es\/ru_ru\/decoracion-viva-modular-7-claves-estilo-adaptado\/#Clave_7_Imperfeccion_consciente_y_autenticidad\" >Clave 7: Imperfecci\u00f3n consciente y autenticidad<\/a><\/li><li class='ez-toc-page-1 ez-toc-heading-level-2'><a class=\"ez-toc-link ez-toc-heading-12\" href=\"https:\/\/mueblesdetena.es\/ru_ru\/decoracion-viva-modular-7-claves-estilo-adaptado\/#El_papel_del_mobiliario_contemporaneo_en_los_hogares_del_futuro\" >El papel del mobiliario contempor\u00e1neo en los hogares del futuro<\/a><\/li><\/ul><\/nav><\/div>\n<h2 class=\"wp-block-heading\"><span class=\"ez-toc-section\" id=\"%C2%BFQue_es_la_Decoracion_Viva_Modular\"><\/span>\u00bfQu\u00e9 es la Decoraci\u00f3n Viva Modular?<span class=\"ez-toc-section-end\"><\/span><\/h2>\n\n\n\n<p class=\"has-medium-font-size wp-block-paragraph\">La decoraci\u00f3n viva modular es una forma contempor\u00e1nea de entender el hogar como un sistema flexible, adaptable y abierto. <strong>Parte de una base neutra que permite cambios constantes, donde el espacio se ajusta a la vida real<\/strong> y no al rev\u00e9s, priorizando movilidad, libertad y evoluci\u00f3n cotidiana de los hogares.<\/p>\n\n\n\n<p class=\"has-medium-font-size wp-block-paragraph\">En la decoraci\u00f3n viva modular, los espacios <strong>no se dise\u00f1an para una \u00fanica funci\u00f3n cerrada, sino para m\u00faltiples usos que se activan seg\u00fan el momento<\/strong>. Salones que trabajan, cocinas que socializan y estancias que mutan reflejan una manera m\u00e1s honesta de habitar hoy en nuestros hogares contempor\u00e1neos actuales urbanos flexibles.<\/p>\n\n\n\n<p class=\"has-medium-font-size wp-block-paragraph\">Aqu\u00ed <strong>los muebles dejan de ser elementos decorativos pasivos para convertirse en herramientas que activan usos<\/strong>. Una <a href=\"https:\/\/mueblesdetena.es\/ru_ru\/mesas\/\">mesa<\/a> puede reunir, trabajar o crear; un <a href=\"https:\/\/mueblesdetena.es\/ru_ru\/sillas\/\">asiento<\/a> se desplaza, se comparte y cambia el ritmo del espacio, reforzando la idea de movimiento constante dentro de la decoraci\u00f3n viva modular contempor\u00e1nea y consciente.<\/p>\n\n\n\n<h3 class=\"wp-block-heading\"><span class=\"ez-toc-section\" id=\"Un_minimalismo_que_no_es_frio_ni_estatico\"><\/span>Un minimalismo que no es fr\u00edo ni est\u00e1tico<span class=\"ez-toc-section-end\"><\/span><\/h3>\n\n\n\n<p class=\"has-medium-font-size wp-block-paragraph\">Este enfoque <strong>se aleja del minimalismo cl\u00e1sico, r\u00edgido y casi muse\u00edstico, para proponer una versi\u00f3n m\u00e1s c\u00e1lida y din\u00e1mica<\/strong>. La decoraci\u00f3n viva modular no busca eliminar la vida del espacio, sino crear un escenario neutro donde esta pueda desplegarse libremente con naturalidad, tiempo, cambios, personas, usos, historias reales, cotidianas aut\u00e9nticas.<\/p>\n\n\n\n<p class=\"has-medium-font-size wp-block-paragraph\">La imperfecci\u00f3n y lo vivido adquieren un papel central en este tipo de interiores. <strong>Marcas de uso, mezclas no planificadas y piezas con historia aportan profundidad emocional<\/strong>, alej\u00e1ndose de composiciones cerradas y perfectas para abrazar espacios que evolucionan con quien los habita dentro de la decoraci\u00f3n viva modular actual consciente.<\/p>\n\n\n\n<p class=\"has-medium-font-size wp-block-paragraph\">Las casas que siguen esta filosof\u00eda no buscan parecer una revista, sino funcionar de verdad. Son <strong>hogares pensados para ser usados, transformados y vividos, donde la est\u00e9tica acompa\u00f1a sin imponerse<\/strong>, y cada cambio cotidiano refuerza la conexi\u00f3n entre espacio y persona en la decoraci\u00f3n viva modular contempor\u00e1nea, flexible, humana real.<\/p>\n\n\n\n<div style=\"height:25px\" aria-hidden=\"true\" class=\"wp-block-spacer\"><\/div>\n\n\n\n<figure class=\"wp-block-image alignfull size-full\"><img fetchpriority=\"high\" decoding=\"async\" width=\"2392\" height=\"1344\" src=\"https:\/\/mueblesdetena.es\/wp-content\/uploads\/2026\/01\/decoracion-viva-modular-2.jpg\" alt=\"decoraci\u00f3n viva modular\" class=\"wp-image-42469\" srcset=\"https:\/\/mueblesdetena.es\/wp-content\/uploads\/2026\/01\/decoracion-viva-modular-2.jpg 2392w, https:\/\/mueblesdetena.es\/wp-content\/uploads\/2026\/01\/decoracion-viva-modular-2-300x169.jpg 300w, https:\/\/mueblesdetena.es\/wp-content\/uploads\/2026\/01\/decoracion-viva-modular-2-1024x575.jpg 1024w, https:\/\/mueblesdetena.es\/wp-content\/uploads\/2026\/01\/decoracion-viva-modular-2-768x432.jpg 768w, https:\/\/mueblesdetena.es\/wp-content\/uploads\/2026\/01\/decoracion-viva-modular-2-1536x863.jpg 1536w, https:\/\/mueblesdetena.es\/wp-content\/uploads\/2026\/01\/decoracion-viva-modular-2-2048x1151.jpg 2048w, https:\/\/mueblesdetena.es\/wp-content\/uploads\/2026\/01\/decoracion-viva-modular-2-600x337.jpg 600w\" sizes=\"(max-width: 2392px) 100vw, 2392px\" \/><\/figure>\n\n\n\n<div style=\"height:25px\" aria-hidden=\"true\" class=\"wp-block-spacer\"><\/div>\n\n\n\n<h2 class=\"wp-block-heading\"><span class=\"ez-toc-section\" id=\"Clave_1_El_espacio_como_recorrido_no_como_suma_de_habitaciones\"><\/span>Clave 1: El espacio como recorrido, no como suma de habitaciones<span class=\"ez-toc-section-end\"><\/span><\/h2>\n\n\n\n<p class=\"has-medium-font-size wp-block-paragraph\">En la decoraci\u00f3n viva modular, el espacio deja de entenderse como una secuencia de estancias cerradas para convertirse en un recorrido continuo.<strong> Las zonas se enlazan sin interrupciones, creando una sensaci\u00f3n casi circular donde el movimiento es natural<\/strong>. El hogar se percibe como un todo coherente, pensado para fluir con quien lo habita.<\/p>\n\n\n\n<p class=\"has-medium-font-size wp-block-paragraph\">Este enfoque implica la eliminaci\u00f3n de jerarqu\u00edas tradicionales. Ya no existe una estancia principal que domine sobre las dem\u00e1s, ni usos r\u00edgidos predefinidos. En la decoraci\u00f3n viva modular, <strong>cada \u00e1rea tiene la misma importancia y puede asumir distintos roles seg\u00fan el momento<\/strong>, favoreciendo una forma de habitar m\u00e1s libre, contempor\u00e1nea y menos condicionada por convenciones heredadas.<\/p>\n\n\n\n<p class=\"has-medium-font-size wp-block-paragraph\">La casa se transforma as\u00ed en una experiencia fluida. Caminar por ella es recorrer un paisaje dom\u00e9stico que se adapta al ritmo diario, a los encuentros espont\u00e1neos y a los cambios vitales. La decoraci\u00f3n viva modular propone interiores que acompa\u00f1an la vida real, con transiciones suaves y espacios que se redefinen sin esfuerzo ni rupturas.<\/p>\n\n\n\n<p class=\"has-medium-font-size wp-block-paragraph\">La percepci\u00f3n visual y la movilidad juegan un papel esencial. <strong>La continuidad de materiales, la profundidad de las vistas y la posibilidad de mover el mobiliario amplifican el espacio<\/strong>. En la decoraci\u00f3n viva modular, ver y desplazarse se convierte en una experiencia activa, donde el dise\u00f1o invita a explorar y habitar sin l\u00edmites.<\/p>\n\n\n\n<div style=\"height:25px\" aria-hidden=\"true\" class=\"wp-block-spacer\"><\/div>\n\n\n\n<h2 class=\"wp-block-heading\"><span class=\"ez-toc-section\" id=\"Clave_2_Muebles_con_identidad_propia_no_sets_cerrados\"><\/span>Clave 2: Muebles con identidad propia (no sets cerrados)<span class=\"ez-toc-section-end\"><\/span><\/h2>\n\n\n\n<p class=\"has-medium-font-size wp-block-paragraph\">En la decoraci\u00f3n viva modular, <strong>cada mueble se concibe como una pieza aut\u00f3noma, con car\u00e1cter propio y capacidad para dialogar con el espacio<\/strong> sin depender de un conjunto predeterminado. No se trata de llenar la casa, sino de <strong>elegir objetos que funcionen por s\u00ed mismos<\/strong>, como peque\u00f1as arquitecturas dom\u00e9sticas cargadas de intenci\u00f3n y presencia.<\/p>\n\n\n\n<p class=\"has-medium-font-size wp-block-paragraph\"><strong>Esta libertad permite una mezcla consciente de materiales y estilos<\/strong>, donde la madera convive con el metal, las texturas c\u00e1lidas equilibran superficies m\u00e1s austeras y lo artesanal se cruza con lo contempor\u00e1neo. En la decoraci\u00f3n viva modular, la coherencia no nace de la uniformidad, sino de una armon\u00eda visual construida con criterio y sensibilidad.<\/p>\n\n\n\n<p class=\"has-medium-font-size wp-block-paragraph\"><strong>El verdadero valor est\u00e1 en el mueble capaz de moverse, cambiar de funci\u00f3n y envejecer con dignidad<\/strong>. Piezas que se desplazan, se reutilizan o asumen nuevos roles seg\u00fan el momento vital de quien habita la casa. As\u00ed, la decoraci\u00f3n viva modular apuesta por objetos que acompa\u00f1an el tiempo, no que lo congelan.<\/p>\n\n\n\n<p class=\"has-medium-font-size wp-block-paragraph\">Frente al \u201ctodo combinado\u201d, surge una mirada m\u00e1s libre y madura sobre el interiorismo. <strong>Rechazar los sets cerrados es permitir que la casa evolucione sin quedar atrapada en una est\u00e9tica fija<\/strong>. La decoraci\u00f3n viva modular entiende el hogar como una composici\u00f3n abierta, donde cada incorporaci\u00f3n suma sin imponer un final definitivo.<\/p>\n\n\n\n<div style=\"height:25px\" aria-hidden=\"true\" class=\"wp-block-spacer\"><\/div>\n\n\n\n<h2 class=\"wp-block-heading\"><span class=\"ez-toc-section\" id=\"Clave_3_Multifuncionalidad_real_no_teorica\"><\/span>Clave 3: Multifuncionalidad real, no te\u00f3rica<span class=\"ez-toc-section-end\"><\/span><\/h2>\n\n\n\n<p class=\"has-medium-font-size wp-block-paragraph\">La multifuncionalidad real define la decoraci\u00f3n viva modular cuando un mismo espacio asume distintos usos seg\u00fan el momento del d\u00eda. <strong>No se trata de forzar funciones, sino de permitir que el entorno responda con naturalidad<\/strong> al trabajo, al descanso o a la vida social cotidiana de forma flexible y coherente.<\/p>\n\n\n\n<p class=\"has-medium-font-size wp-block-paragraph\">El sal\u00f3n se convierte as\u00ed en estudio, comedor y espacio social sin necesidad de transformaciones complejas. En la decoraci\u00f3n viva modular, <strong>los l\u00edmites se diluyen y el mobiliario acompa\u00f1a reuniones improvisadas, jornadas de concentraci\u00f3n o cenas informales<\/strong>, manteniendo siempre una atm\u00f3sfera serena, equilibrada y visualmente continua para distintos ritmos cotidianos.<\/p>\n\n\n\n<p class=\"has-medium-font-size wp-block-paragraph\">En este enfoque, el mobiliario deja de ser decorativo para convertirse en herramienta de transformaci\u00f3n. <strong>Piezas m\u00f3viles, mesas desplazables o asientos ligeros permiten redefinir el espacio sin esfuerzo<\/strong>, reforzando la idea de decoraci\u00f3n viva modular como sistema adaptable, pr\u00e1ctico y pensado para el uso real de hogares contempor\u00e1neos y cambiantes.<\/p>\n\n\n\n<h3 class=\"wp-block-heading\"><span class=\"ez-toc-section\" id=\"Pensar_el_mueble_como_infraestructura_domestica\"><\/span>Pensar el mueble como infraestructura dom\u00e9stica<span class=\"ez-toc-section-end\"><\/span><\/h3>\n\n\n\n<p class=\"has-medium-font-size wp-block-paragraph\">Pensar el mueble como infraestructura dom\u00e9stica implica <strong>elegir mesas, asientos y m\u00f3dulos auxiliares capaces de sostener m\u00faltiples escenas cotidianas<\/strong>. En la decoraci\u00f3n viva modular, estas piezas act\u00faan como <strong>arquitectura blanda, organizando el espacio sin rigidez y facilitando transiciones fluidas<\/strong> entre funciones diurnas, nocturnas y sociales de forma coherente y flexible.<\/p>\n\n\n\n<p class=\"has-medium-font-size wp-block-paragraph\">El peso visual y f\u00edsico del mueble es clave para mantener el equilibrio. <strong>Vol\u00famenes bien proporcionados, materiales honestos y estabilidad real<\/strong> aportan presencia sin imponerse, permitiendo que cada elemento se mueva, se reubique y dialogue con el espacio dentro de la decoraci\u00f3n viva modular dom\u00e9stico contempor\u00e1neo flexible y duradero actual.<\/p>\n\n\n\n<div style=\"height:25px\" aria-hidden=\"true\" class=\"wp-block-spacer\"><\/div>\n\n\n\n<figure class=\"wp-block-image alignfull size-full\"><img decoding=\"async\" width=\"2392\" height=\"1344\" src=\"https:\/\/mueblesdetena.es\/wp-content\/uploads\/2026\/01\/decoracion-viva-modular-3.jpg\" alt=\"decoraci\u00f3n viva modular\" class=\"wp-image-42470\" srcset=\"https:\/\/mueblesdetena.es\/wp-content\/uploads\/2026\/01\/decoracion-viva-modular-3.jpg 2392w, https:\/\/mueblesdetena.es\/wp-content\/uploads\/2026\/01\/decoracion-viva-modular-3-300x169.jpg 300w, https:\/\/mueblesdetena.es\/wp-content\/uploads\/2026\/01\/decoracion-viva-modular-3-1024x575.jpg 1024w, https:\/\/mueblesdetena.es\/wp-content\/uploads\/2026\/01\/decoracion-viva-modular-3-768x432.jpg 768w, https:\/\/mueblesdetena.es\/wp-content\/uploads\/2026\/01\/decoracion-viva-modular-3-1536x863.jpg 1536w, https:\/\/mueblesdetena.es\/wp-content\/uploads\/2026\/01\/decoracion-viva-modular-3-2048x1151.jpg 2048w, https:\/\/mueblesdetena.es\/wp-content\/uploads\/2026\/01\/decoracion-viva-modular-3-600x337.jpg 600w\" sizes=\"(max-width: 2392px) 100vw, 2392px\" \/><\/figure>\n\n\n\n<div style=\"height:25px\" aria-hidden=\"true\" class=\"wp-block-spacer\"><\/div>\n\n\n\n<h2 class=\"wp-block-heading\"><span class=\"ez-toc-section\" id=\"Clave_4_Base_neutra_vida_en_movimiento\"><\/span>Clave 4: Base neutra, vida en movimiento<span class=\"ez-toc-section-end\"><\/span><\/h2>\n\n\n\n<p class=\"has-medium-font-size wp-block-paragraph\"><strong>Suelos claros, paredes limpias y materiales honestos<\/strong> definen la base de la decoraci\u00f3n viva modular. Maderas naturales, cales suaves y textiles sin artificio construyen escenarios serenos donde la luz circula libremente. Esta neutralidad consciente no impone estilo: lo sostiene, permitiendo que el espacio respire y evolucione con naturalidad cotidiana actual.<\/p>\n\n\n\n<p class=\"has-medium-font-size wp-block-paragraph\">En la decoraci\u00f3n viva modular, la neutralidad act\u00faa como un lienzo activo, nunca como vac\u00edo. <strong>No se trata de ausencia, sino de intenci\u00f3n: superficies tranquilas que realzan gestos, usos y movimientos<\/strong>. El espacio se convierte en soporte flexible, preparado para acoger cambios vitales sin perder coherencia est\u00e9tica ni rigidez formal.<\/p>\n\n\n\n<p class=\"has-medium-font-size wp-block-paragraph\">El color, en la decoraci\u00f3n viva modular, aparece de forma estrat\u00e9gica en objetos m\u00f3viles y piezas desplazables. <strong>Cojines, asientos, <a href=\"https:\/\/www.lamparayluz.es\/iluminacion-interior\/lamparas-de-pie\" target=\"_blank\" rel=\"noopener\">l\u00e1mparas<\/a> o arte introducen acentos expresivos sin anclarse al espacio<\/strong>. As\u00ed, el hogar puede transformarse f\u00e1cilmente, cambiando atm\u00f3sferas seg\u00fan momentos, personas o estados de \u00e1nimo sin perder equilibrio visual sereno duradero.<\/p>\n\n\n\n<div style=\"height:25px\" aria-hidden=\"true\" class=\"wp-block-spacer\"><\/div>\n\n\n\n<h2 class=\"wp-block-heading\"><span class=\"ez-toc-section\" id=\"Clave_5_Casas_que_crecen_con_las_personas\"><\/span>Clave 5: Casas que crecen con las personas<span class=\"ez-toc-section-end\"><\/span><\/h2>\n\n\n\n<p class=\"has-medium-font-size wp-block-paragraph\">Pensar una casa desde la decoraci\u00f3n viva modular implica asumir que la vida no es lineal ni estable. El dise\u00f1o deja de responder a una fotograf\u00eda fija para anticipar cambios, transiciones y nuevos ritmos. <strong>Los espacios se conciben como escenarios abiertos<\/strong>, preparados para adaptarse sin renunciar a coherencia ni identidad est\u00e9tica.<\/p>\n\n\n\n<p class=\"has-medium-font-size wp-block-paragraph\"><strong>La <a href=\"https:\/\/mueblesdetena.es\/ru_ru\/muebles-juveniles\/\">juventud<\/a> demanda flexibilidad, movimiento y espontaneidad; la <a href=\"https:\/\/mueblesdetena.es\/ru_ru\/dormitorios-matrimonio\/\">madurez<\/a>, calma, orden y funcionalidad<\/strong>. Una casa bien pensada es capaz de acompa\u00f1ar ambas etapas sin transformaciones radicales. La decoraci\u00f3n viva modular permite que los mismos espacios respondan a necesidades distintas, ajust\u00e1ndose con naturalidad al paso del tiempo.<\/p>\n\n\n\n<p class=\"has-medium-font-size wp-block-paragraph\">Invertir en piezas que acompa\u00f1an etapas es apostar por mobiliario honesto, bien dise\u00f1ado y duradero. <strong>Mesas, asientos o sistemas de almacenaje que pueden cambiar de lugar, funci\u00f3n o protagonismo<\/strong>. En este enfoque, la decoraci\u00f3n viva modular convierte cada mueble en un aliado silencioso de la evoluci\u00f3n personal.<\/p>\n\n\n\n<h3 class=\"wp-block-heading\"><span class=\"ez-toc-section\" id=\"Decorar_sin_fechar_tu_casa\"><\/span>Decorar sin fechar tu casa<span class=\"ez-toc-section-end\"><\/span><\/h3>\n\n\n\n<p class=\"has-medium-font-size wp-block-paragraph\"><strong>Evitar modas cerradas es una de las decisiones m\u00e1s elegantes y conscientes en interiorismo<\/strong>. Tendencias demasiado marcadas envejecen r\u00e1pido y condicionan el uso del espacio. La decoraci\u00f3n viva modular apuesta por una base serena, capaz de absorber cambios sin perder equilibrio ni actualidad.<\/p>\n\n\n\n<p class=\"has-medium-font-size wp-block-paragraph\">Elegir materiales nobles y formas atemporales es clave para construir hogares que perduran. <strong>Maderas naturales, l\u00edneas sencillas y acabados honestos crean un lenguaje duradero<\/strong>. As\u00ed, la decoraci\u00f3n viva modular no impone una \u00e9poca concreta, sino que permite que cada etapa vital deje su huella de forma arm\u00f3nica.<\/p>\n\n\n\n<div style=\"height:25px\" aria-hidden=\"true\" class=\"wp-block-spacer\"><\/div>\n\n\n\n<h2 class=\"wp-block-heading\"><span class=\"ez-toc-section\" id=\"Clave_6_Menos_puertas_mas_posibilidades\"><\/span>Clave 6: Menos puertas, m\u00e1s posibilidades<span class=\"ez-toc-section-end\"><\/span><\/h2>\n\n\n\n<p class=\"has-medium-font-size wp-block-paragraph\">En la decoraci\u00f3n viva modular, la continuidad visual se convierte en una herramienta esencial para que la vivienda respire y se adapte. <strong>Los espacios conectados permiten que la luz, las miradas y los recorridos fluyan sin interrupciones, generando una sensaci\u00f3n de amplitud<\/strong> serena donde cada estancia dialoga con la siguiente de forma natural.<\/p>\n\n\n\n<p class=\"has-medium-font-size wp-block-paragraph\">Las <strong>alturas completas y las aperturas amplias<\/strong> <strong>refuerzan esta idea de hogar flexible y contempor\u00e1neo<\/strong>. Puertas que alcanzan el techo, paneles correderos o huecos generosos diluyen los l\u00edmites tradicionales y transforman cada transici\u00f3n en una oportunidad. En la decoraci\u00f3n viva modular, abrir es sumar posibilidades de uso y percepci\u00f3n.<\/p>\n\n\n\n<p class=\"has-medium-font-size wp-block-paragraph\"><strong>Eliminar<\/strong> <strong>barreras f\u00edsicas y mentales<\/strong> implica repensar c\u00f3mo habitamos el espacio. Menos puertas no significa menos intimidad, sino una arquitectura dom\u00e9stica m\u00e1s consciente, capaz de adaptarse a distintos ritmos de vida. As\u00ed, la decoraci\u00f3n viva modular propone hogares abiertos, vers\u00e1tiles y emocionalmente m\u00e1s libres.<\/p>\n\n\n\n<div style=\"height:25px\" aria-hidden=\"true\" class=\"wp-block-spacer\"><\/div>\n\n\n\n<figure class=\"wp-block-image alignfull size-full\"><img decoding=\"async\" width=\"2392\" height=\"1344\" src=\"https:\/\/mueblesdetena.es\/wp-content\/uploads\/2026\/01\/decoracion-viva-modular-4.jpg\" alt=\"decoraci\u00f3n viva modular\" class=\"wp-image-42471\" srcset=\"https:\/\/mueblesdetena.es\/wp-content\/uploads\/2026\/01\/decoracion-viva-modular-4.jpg 2392w, https:\/\/mueblesdetena.es\/wp-content\/uploads\/2026\/01\/decoracion-viva-modular-4-300x169.jpg 300w, https:\/\/mueblesdetena.es\/wp-content\/uploads\/2026\/01\/decoracion-viva-modular-4-1024x575.jpg 1024w, https:\/\/mueblesdetena.es\/wp-content\/uploads\/2026\/01\/decoracion-viva-modular-4-768x432.jpg 768w, https:\/\/mueblesdetena.es\/wp-content\/uploads\/2026\/01\/decoracion-viva-modular-4-1536x863.jpg 1536w, https:\/\/mueblesdetena.es\/wp-content\/uploads\/2026\/01\/decoracion-viva-modular-4-2048x1151.jpg 2048w, https:\/\/mueblesdetena.es\/wp-content\/uploads\/2026\/01\/decoracion-viva-modular-4-600x337.jpg 600w\" sizes=\"(max-width: 2392px) 100vw, 2392px\" \/><\/figure>\n\n\n\n<div style=\"height:25px\" aria-hidden=\"true\" class=\"wp-block-spacer\"><\/div>\n\n\n\n<h2 class=\"wp-block-heading\"><span class=\"ez-toc-section\" id=\"Clave_7_Imperfeccion_consciente_y_autenticidad\"><\/span>Clave 7: Imperfecci\u00f3n consciente y autenticidad<span class=\"ez-toc-section-end\"><\/span><\/h2>\n\n\n\n<p class=\"has-medium-font-size wp-block-paragraph\">La casa deja de ser un escenario perfecto para convertirse en un reflejo honesto de quien la habita. En la decoraci\u00f3n viva modular, <strong>los espacios se adaptan a gestos cotidianos, decisiones cambiantes y usos reales, construyendo interiores coherentes, personales y vivos<\/strong>, donde la identidad pesa m\u00e1s que cualquier tendencia decorativa.<\/p>\n\n\n\n<p class=\"has-medium-font-size wp-block-paragraph\">Lejos de los objetos neutros y sin alma, la decoraci\u00f3n viva modular <strong>reivindica piezas con historia, marcas del tiempo y materiales sinceros<\/strong>. Muebles que han vivido, se han movido y se mover\u00e1n, aportando capas de significado al hogar y creando una atm\u00f3sfera emocional imposible de replicar en interiores contempor\u00e1neos actuales.<\/p>\n\n\n\n<p class=\"has-medium-font-size wp-block-paragraph\">En este enfoque, <strong>nada se concibe como definitivo<\/strong>. La decoraci\u00f3n viva modular asume el cambio como valor, permitiendo reorganizar, sustituir o reinventar sin miedo. Lo inacabado se convierte en virtud, y la casa permanece abierta a nuevas etapas, ritmos y formas de habitar propias del tiempo, la vida cotidiana contempor\u00e1nea.<\/p>\n\n\n\n<div style=\"height:25px\" aria-hidden=\"true\" class=\"wp-block-spacer\"><\/div>\n\n\n\n<h2 class=\"wp-block-heading\"><span class=\"ez-toc-section\" id=\"El_papel_del_mobiliario_contemporaneo_en_los_hogares_del_futuro\"><\/span>El papel del mobiliario contempor\u00e1neo en los hogares del futuro<span class=\"ez-toc-section-end\"><\/span><\/h2>\n\n\n\n<p class=\"has-medium-font-size wp-block-paragraph\">En los hogares del futuro, la sostenibilidad deja de ser un a\u00f1adido y se integra en la esencia del proyecto. La decoraci\u00f3n viva modular apuesta por <strong>mobiliario concebido para durar, fabricado con materiales honestos y procesos responsables<\/strong>, capaz de acompa\u00f1ar distintas etapas vitales sin perder sentido, funci\u00f3n ni presencia est\u00e9tica.<\/p>\n\n\n\n<p class=\"has-medium-font-size wp-block-paragraph\">Este enfoque impulsa una compra consciente, alejada de impulsos y tendencias ef\u00edmeras. En la decoraci\u00f3n viva modular, <strong>cada pieza se elige por su utilidad real<\/strong>, su capacidad de adaptaci\u00f3n y su calidad constructiva, entendiendo el mobiliario como una inversi\u00f3n funcional que dialoga con la vida y evoluciona con ella naturalmente.<\/p>\n\n\n\n<p class=\"has-medium-font-size wp-block-paragraph\">Frente a modas r\u00e1pidas, <strong>los hogares del futuro reclaman muebles que no caduquen est\u00e9ticamente<\/strong>. La decoraci\u00f3n viva modular prioriza formas atemporales, proporciones equilibradas y dise\u00f1os sobrios capaces de convivir con distintos estilos, demostrando que la verdadera modernidad no consiste en cambiar constantemente, sino en saber permanecer en el tiempo contempor\u00e1neo.<\/p>","protected":false},"excerpt":{"rendered":"<p>La forma de habitar nuestros hogares est\u00e1 viviendo un cambio profundo. Ya no concebimos la casa como un escenario fijo, sino como un espacio que acompa\u00f1a los ritmos de la vida. La decoraci\u00f3n deja de ser una foto est\u00e1tica para convertirse en un proceso abierto, sensible al tiempo y a quienes lo transitan. Durante d\u00e9cadas, [&hellip;]<\/p>\n","protected":false},"author":618,"featured_media":42468,"comment_status":"closed","ping_status":"closed","sticky":false,"template":"","format":"standard","meta":{"site-sidebar-layout":"default","site-content-layout":"","ast-site-content-layout":"default","site-content-style":"default","site-sidebar-style":"default","ast-global-header-display":"","ast-banner-title-visibility":"","ast-main-header-display":"","ast-hfb-above-header-display":"","ast-hfb-below-header-display":"","ast-hfb-mobile-header-display":"","site-post-title":"","ast-breadcrumbs-content":"","ast-featured-img":"","footer-sml-layout":"","ast-disable-related-posts":"","theme-transparent-header-meta":"","adv-header-id-meta":"","stick-header-meta":"","header-above-stick-meta":"","header-main-stick-meta":"","header-below-stick-meta":"","astra-migrate-meta-layouts":"set","ast-page-background-enabled":"default","ast-page-background-meta":{"desktop":{"background-color":"var(--ast-global-color-4)","background-image":"","background-repeat":"repeat","background-position":"center center","background-size":"auto","background-attachment":"scroll","background-type":"","background-media":"","overlay-type":"","overlay-color":"","overlay-opacity":"","overlay-gradient":""},"tablet":{"background-color":"","background-image":"","background-repeat":"repeat","background-position":"center center","background-size":"auto","background-attachment":"scroll","background-type":"","background-media":"","overlay-type":"","overlay-color":"","overlay-opacity":"","overlay-gradient":""},"mobile":{"background-color":"","background-image":"","background-repeat":"repeat","background-position":"center center","background-size":"auto","background-attachment":"scroll","background-type":"","background-media":"","overlay-type":"","overlay-color":"","overlay-opacity":"","overlay-gradient":""}},"ast-content-background-meta":{"desktop":{"background-color":"var(--ast-global-color-5)","background-image":"","background-repeat":"repeat","background-position":"center center","background-size":"auto","background-attachment":"scroll","background-type":"","background-media":"","overlay-type":"","overlay-color":"","overlay-opacity":"","overlay-gradient":""},"tablet":{"background-color":"var(--ast-global-color-5)","background-image":"","background-repeat":"repeat","background-position":"center center","background-size":"auto","background-attachment":"scroll","background-type":"","background-media":"","overlay-type":"","overlay-color":"","overlay-opacity":"","overlay-gradient":""},"mobile":{"background-color":"var(--ast-global-color-5)","background-image":"","background-repeat":"repeat","background-position":"center center","background-size":"auto","background-attachment":"scroll","background-type":"","background-media":"","overlay-type":"","overlay-color":"","overlay-opacity":"","overlay-gradient":""}},"_joinchat":[],"footnotes":""},"categories":[1],"tags":[],"class_list":["post-42457","post","type-post","status-publish","format-standard","has-post-thumbnail","hentry","category-sin-categoria"],"_links":{"self":[{"href":"https:\/\/mueblesdetena.es\/ru_ru\/wp-json\/wp\/v2\/posts\/42457","targetHints":{"allow":["GET"]}}],"collection":[{"href":"https:\/\/mueblesdetena.es\/ru_ru\/wp-json\/wp\/v2\/posts"}],"about":[{"href":"https:\/\/mueblesdetena.es\/ru_ru\/wp-json\/wp\/v2\/types\/post"}],"author":[{"embeddable":true,"href":"https:\/\/mueblesdetena.es\/ru_ru\/wp-json\/wp\/v2\/users\/618"}],"replies":[{"embeddable":true,"href":"https:\/\/mueblesdetena.es\/ru_ru\/wp-json\/wp\/v2\/comments?post=42457"}],"version-history":[{"count":3,"href":"https:\/\/mueblesdetena.es\/ru_ru\/wp-json\/wp\/v2\/posts\/42457\/revisions"}],"predecessor-version":[{"id":42472,"href":"https:\/\/mueblesdetena.es\/ru_ru\/wp-json\/wp\/v2\/posts\/42457\/revisions\/42472"}],"wp:featuredmedia":[{"embeddable":true,"href":"https:\/\/mueblesdetena.es\/ru_ru\/wp-json\/wp\/v2\/media\/42468"}],"wp:attachment":[{"href":"https:\/\/mueblesdetena.es\/ru_ru\/wp-json\/wp\/v2\/media?parent=42457"}],"wp:term":[{"taxonomy":"category","embeddable":true,"href":"https:\/\/mueblesdetena.es\/ru_ru\/wp-json\/wp\/v2\/categories?post=42457"},{"taxonomy":"post_tag","embeddable":true,"href":"https:\/\/mueblesdetena.es\/ru_ru\/wp-json\/wp\/v2\/tags?post=42457"}],"curies":[{"name":"wp","href":"https:\/\/api.w.org\/{rel}","templated":true}]}}