{"id":44083,"date":"2026-03-10T07:50:00","date_gmt":"2026-03-10T06:50:00","guid":{"rendered":"https:\/\/mueblesdetena.es\/?p=44083"},"modified":"2026-03-10T07:54:39","modified_gmt":"2026-03-10T06:54:39","slug":"10-claves-tu-habitacion-piso-compartido-sea-hogar","status":"publish","type":"post","link":"https:\/\/mueblesdetena.es\/ru_ru\/10-claves-tu-habitacion-piso-compartido-sea-hogar\/","title":{"rendered":"Transformar tu habitaci\u00f3n de piso compartido en un hogar en miniatura: 10 claves"},"content":{"rendered":"<p class=\"has-medium-font-size wp-block-paragraph\">Vivir en una habitaci\u00f3n dentro de un piso compartido es un ejercicio constante de equilibrio. En pocos metros deben convivir el descanso, el trabajo, el orden y tambi\u00e9n los momentos de desconexi\u00f3n. No se trata solo de colocar muebles, sino de aprender a dise\u00f1ar un espacio que responda a todas tus necesidades diarias.<\/p>\n\n\n\n<p class=\"has-medium-font-size wp-block-paragraph\">Cuando cada cent\u00edmetro cuenta, la distribuci\u00f3n se convierte en tu mejor aliada. La cama, el escritorio y el armario deben dialogar sin invadir el paso ni saturar la estancia. Una habitaci\u00f3n bien pensada en un piso compartido puede ofrecer comodidad real, siempre que se prioricen proporciones, funcionalidad y coherencia visual.<\/p>\n\n\n\n<p class=\"has-medium-font-size wp-block-paragraph\">El verdadero desaf\u00edo no est\u00e1 en el tama\u00f1o, sino en c\u00f3mo interpretarlo. Transformar una habitaci\u00f3n en un peque\u00f1o refugio implica elegir con intenci\u00f3n, integrar almacenaje inteligente y cuidar la atm\u00f3sfera. Con decisiones estrat\u00e9gicas, ese espacio reducido puede convertirse en un aut\u00e9ntico hogar en miniatura, equilibrado, pr\u00e1ctico y acogedor.<\/p>\n\n\n\n<div style=\"height:25px\" aria-hidden=\"true\" class=\"wp-block-spacer\"><\/div>\n\n\n\n<div id=\"ez-toc-container\" class=\"ez-toc-v2_0_85 counter-hierarchy ez-toc-counter ez-toc-grey ez-toc-container-direction\">\n<div class=\"ez-toc-title-container\">\n<p class=\"ez-toc-title\" style=\"cursor:inherit\">Table of Contents<\/p>\n<span class=\"ez-toc-title-toggle\"><a href=\"#\" class=\"ez-toc-pull-right ez-toc-btn ez-toc-btn-xs ez-toc-btn-default ez-toc-toggle\" aria-label=\"Toggle Table of Content\"><span class=\"ez-toc-js-icon-con\"><span class=\"\"><span class=\"eztoc-hide\" style=\"display:none;\">Toggle<\/span><span class=\"ez-toc-icon-toggle-span\"><svg style=\"fill: #999;color:#999\" xmlns=\"http:\/\/www.w3.org\/2000\/svg\" class=\"list-377408\" width=\"20px\" height=\"20px\" viewbox=\"0 0 24 24\" fill=\"none\"><path d=\"M6 6H4v2h2V6zm14 0H8v2h12V6zM4 11h2v2H4v-2zm16 0H8v2h12v-2zM4 16h2v2H4v-2zm16 0H8v2h12v-2z\" fill=\"currentColor\"><\/path><\/svg><svg style=\"fill: #999;color:#999\" class=\"arrow-unsorted-368013\" xmlns=\"http:\/\/www.w3.org\/2000\/svg\" width=\"10px\" height=\"10px\" viewbox=\"0 0 24 24\" version=\"1.2\" baseprofile=\"tiny\"><path d=\"M18.2 9.3l-6.2-6.3-6.2 6.3c-.2.2-.3.4-.3.7s.1.5.3.7c.2.2.4.3.7.3h11c.3 0 .5-.1.7-.3.2-.2.3-.5.3-.7s-.1-.5-.3-.7zM5.8 14.7l6.2 6.3 6.2-6.3c.2-.2.3-.5.3-.7s-.1-.5-.3-.7c-.2-.2-.4-.3-.7-.3h-11c-.3 0-.5.1-.7.3-.2.2-.3.5-.3.7s.1.5.3.7z\"\/><\/svg><\/span><\/span><\/span><\/a><\/span><\/div>\n<nav><ul class='ez-toc-list ez-toc-list-level-1' ><li class='ez-toc-page-1 ez-toc-heading-level-2'><a class=\"ez-toc-link ez-toc-heading-1\" href=\"https:\/\/mueblesdetena.es\/ru_ru\/10-claves-tu-habitacion-piso-compartido-sea-hogar\/#1_Piensa_en_tu_habitacion_como_un_micro-hogar_no_solo_como_un_dormitorio\" >1. Piensa en tu habitaci\u00f3n como un micro-hogar, no solo como un dormitorio<\/a><\/li><li class='ez-toc-page-1 ez-toc-heading-level-2'><a class=\"ez-toc-link ez-toc-heading-2\" href=\"https:\/\/mueblesdetena.es\/ru_ru\/10-claves-tu-habitacion-piso-compartido-sea-hogar\/#2_La_cama_lo_es_todo_descanso_orden_y_proporcion\" >2. La cama lo es todo: descanso, orden y proporci\u00f3n<\/a><\/li><li class='ez-toc-page-1 ez-toc-heading-level-2'><a class=\"ez-toc-link ez-toc-heading-3\" href=\"https:\/\/mueblesdetena.es\/ru_ru\/10-claves-tu-habitacion-piso-compartido-sea-hogar\/#3_Escritorio_y_zona_de_estudio_sin_invadir_el_espacio\" >3. Escritorio y zona de estudio sin invadir el espacio<\/a><\/li><li class='ez-toc-page-1 ez-toc-heading-level-2'><a class=\"ez-toc-link ez-toc-heading-4\" href=\"https:\/\/mueblesdetena.es\/ru_ru\/10-claves-tu-habitacion-piso-compartido-sea-hogar\/#4_Aprovecha_la_altura_el_truco_que_multiplica_metros\" >4. Aprovecha la altura: el truco que multiplica metros<\/a><\/li><li class='ez-toc-page-1 ez-toc-heading-level-2'><a class=\"ez-toc-link ez-toc-heading-5\" href=\"https:\/\/mueblesdetena.es\/ru_ru\/10-claves-tu-habitacion-piso-compartido-sea-hogar\/#5_Menos_muebles_mas_inteligentes\" >5. Menos muebles, m\u00e1s inteligentes<\/a><\/li><li class='ez-toc-page-1 ez-toc-heading-level-2'><a class=\"ez-toc-link ez-toc-heading-6\" href=\"https:\/\/mueblesdetena.es\/ru_ru\/10-claves-tu-habitacion-piso-compartido-sea-hogar\/#6_Orden_visual_el_secreto_para_que_no_parezca_pequena\" >6. Orden visual: el secreto para que no parezca peque\u00f1a<\/a><\/li><li class='ez-toc-page-1 ez-toc-heading-level-2'><a class=\"ez-toc-link ez-toc-heading-7\" href=\"https:\/\/mueblesdetena.es\/ru_ru\/10-claves-tu-habitacion-piso-compartido-sea-hogar\/#7_Colores_y_luz_que_amplian_el_espacio\" >7. Colores y luz que ampl\u00edan el espacio<\/a><\/li><li class='ez-toc-page-1 ez-toc-heading-level-2'><a class=\"ez-toc-link ez-toc-heading-8\" href=\"https:\/\/mueblesdetena.es\/ru_ru\/10-claves-tu-habitacion-piso-compartido-sea-hogar\/#8_Textiles_que_aportan_sensacion_de_hogar\" >8. Textiles que aportan sensaci\u00f3n de hogar<\/a><\/li><li class='ez-toc-page-1 ez-toc-heading-level-2'><a class=\"ez-toc-link ez-toc-heading-9\" href=\"https:\/\/mueblesdetena.es\/ru_ru\/10-claves-tu-habitacion-piso-compartido-sea-hogar\/#9_Tu_toque_personal_sin_perder_amplitud\" >9. Tu toque personal sin perder amplitud<\/a><\/li><li class='ez-toc-page-1 ez-toc-heading-level-2'><a class=\"ez-toc-link ez-toc-heading-10\" href=\"https:\/\/mueblesdetena.es\/ru_ru\/10-claves-tu-habitacion-piso-compartido-sea-hogar\/#10_El_equilibrio_final_coherencia_y_calma\" >10. El equilibrio final: coherencia y calma<\/a><\/li><li class='ez-toc-page-1 ez-toc-heading-level-2'><a class=\"ez-toc-link ez-toc-heading-11\" href=\"https:\/\/mueblesdetena.es\/ru_ru\/10-claves-tu-habitacion-piso-compartido-sea-hogar\/#Cuando_cada_metro_cuenta_diseno_inteligente_para_sentirte_en_casa\" >Cuando cada metro cuenta: dise\u00f1o inteligente para sentirte en casa<\/a><\/li><\/ul><\/nav><\/div>\n<h2 class=\"wp-block-heading\"><span class=\"ez-toc-section\" id=\"1_Piensa_en_tu_habitacion_como_un_micro-hogar_no_solo_como_un_dormitorio\"><\/span>1. Piensa en tu habitaci\u00f3n como un micro-hogar, no solo como un dormitorio<span class=\"ez-toc-section-end\"><\/span><\/h2>\n\n\n\n<p class=\"has-medium-font-size wp-block-paragraph\">En una habitaci\u00f3n de piso compartido, el primer gesto inteligente es <strong>cambiar la mirada: no es solo un dormitorio, es tu peque\u00f1o universo privado<\/strong>. Cuando entiendes el espacio como un micro-hogar, cada decisi\u00f3n cobra sentido y deja de ser improvisada para convertirse en parte de un conjunto coherente y equilibrado.<\/p>\n\n\n\n<p class=\"has-medium-font-size wp-block-paragraph\">Divide mentalmente la habitaci\u00f3n en <strong>tres zonas claras: descanso, trabajo y almacenaje<\/strong>. No necesitan tabiques, sino intenci\u00f3n. La cama marca el \u00e1rea m\u00e1s \u00edntima, el escritorio define tu rinc\u00f3n productivo y los armarios o estanter\u00edas estructuran el orden. Esta organizaci\u00f3n visual aporta armon\u00eda inmediata al piso compartido.<\/p>\n\n\n\n<p class=\"has-medium-font-size wp-block-paragraph\">Tan importante como distribuir es respetar el espacio de circulaci\u00f3n. <strong>Deja respirar la habitaci\u00f3n evitando muebles desproporcionados o colocaciones forzadas<\/strong>. Antes de comprar, mide, dibuja y visualiza. Planificar evita errores y convierte cada pieza en una aliada estrat\u00e9gica dentro de tu nuevo hogar.<\/p>\n\n\n\n<div style=\"height:25px\" aria-hidden=\"true\" class=\"wp-block-spacer\"><\/div>\n\n\n\n<h2 class=\"wp-block-heading\"><span class=\"ez-toc-section\" id=\"2_La_cama_lo_es_todo_descanso_orden_y_proporcion\"><\/span>2. La cama lo es todo: descanso, orden y proporci\u00f3n<span class=\"ez-toc-section-end\"><\/span><\/h2>\n\n\n\n<p class=\"has-medium-font-size wp-block-paragraph\">Elegir el tama\u00f1o adecuado de la cama es el primer gesto inteligente al amueblar una habitaci\u00f3n en un piso compartido. <strong>No se trata de colocar la m\u00e1s grande posible, sino la m\u00e1s proporcionada al espacio disponible<\/strong>. Una cama equilibrada permite circular con comodidad, integrar otros muebles y evitar que la habitaci\u00f3n se perciba saturada o desordenada visualmente.<\/p>\n\n\n\n<p class=\"has-medium-font-size wp-block-paragraph\">En pocos metros, <strong>las camas con almacenaje se convierten en la soluci\u00f3n estrella<\/strong>. <a href=\"https:\/\/mueblesdetena.es\/ru_ru\/canapes\/\">Canap\u00e9s abatibles<\/a> o modelos con cajones inferiores permiten guardar ropa de cama, maletas o prendas de otra temporada sin a\u00f1adir muebles extra. En un piso compartido, donde el armario suele ser limitado, aprovechar el volumen bajo la cama transforma por completo la funcionalidad de la habitaci\u00f3n.<\/p>\n\n\n\n<p class=\"has-medium-font-size wp-block-paragraph\">La ubicaci\u00f3n estrat\u00e9gica tambi\u00e9n marca la diferencia. <strong>Colocar la cama apoyada en una pared larga libera superficie \u00fatil y mejora la sensaci\u00f3n de amplitud en la habitaci\u00f3n<\/strong>. Si es posible, conviene evitar situarla justo frente a la puerta. En un piso compartido, esta decisi\u00f3n refuerza la intimidad y crea una distribuci\u00f3n m\u00e1s arm\u00f3nica.<\/p>\n\n\n\n<div style=\"height:25px\" aria-hidden=\"true\" class=\"wp-block-spacer\"><\/div>\n\n\n\n<h2 class=\"wp-block-heading\"><span class=\"ez-toc-section\" id=\"3_Escritorio_y_zona_de_estudio_sin_invadir_el_espacio\"><\/span>3. Escritorio y zona de estudio sin invadir el espacio<span class=\"ez-toc-section-end\"><\/span><\/h2>\n\n\n\n<p class=\"has-medium-font-size wp-block-paragraph\">En una habitaci\u00f3n de piso compartido, <strong>el escritorio debe ser ligero, proporcionado y casi silencioso a nivel visual<\/strong>. Los modelos compactos, de l\u00edneas rectas y fondo reducido, permiten crear una zona de trabajo sin robar metros al descanso. Si el espacio es ajustado, los escritorios suspendidos o anclados a pared resultan especialmente eficaces.<\/p>\n\n\n\n<p class=\"has-medium-font-size wp-block-paragraph\">La colocaci\u00f3n es tan importante como el dise\u00f1o. <strong>Situar el escritorio junto a la ventana transforma la habitaci\u00f3n en un peque\u00f1o estudio luminoso<\/strong>, donde la luz natural favorece la concentraci\u00f3n y ampl\u00eda visualmente el ambiente. En un piso compartido, aprovechar cada fuente de claridad ayuda a diferenciar funciones sin necesidad de a\u00f1adir divisiones.<\/p>\n\n\n\n<p class=\"has-medium-font-size wp-block-paragraph\">Cuando la habitaci\u00f3n apenas permite incorporar una mesa convencional, conviene pensar en <strong>soluciones vers\u00e1tiles: baldas profundas que act\u00faan como superficie de trabajo, escritorios plegables que desaparecen tras su uso o incluso consolas estrechas<\/strong>. En un piso compartido, estas alternativas permiten mantener orden y funcionalidad sin saturar el conjunto.<\/p>\n\n\n\n<div style=\"height:25px\" aria-hidden=\"true\" class=\"wp-block-spacer\"><\/div>\n\n\n\n<figure class=\"wp-block-image alignfull size-full\"><img fetchpriority=\"high\" decoding=\"async\" width=\"2392\" height=\"1344\" src=\"https:\/\/mueblesdetena.es\/wp-content\/uploads\/2026\/02\/habitacion-piso-compartido-2.jpg\" alt=\"habitaci\u00f3n, piso compartido\" class=\"wp-image-44086\" srcset=\"https:\/\/mueblesdetena.es\/wp-content\/uploads\/2026\/02\/habitacion-piso-compartido-2.jpg 2392w, https:\/\/mueblesdetena.es\/wp-content\/uploads\/2026\/02\/habitacion-piso-compartido-2-300x169.jpg 300w, https:\/\/mueblesdetena.es\/wp-content\/uploads\/2026\/02\/habitacion-piso-compartido-2-1024x575.jpg 1024w, https:\/\/mueblesdetena.es\/wp-content\/uploads\/2026\/02\/habitacion-piso-compartido-2-768x432.jpg 768w, https:\/\/mueblesdetena.es\/wp-content\/uploads\/2026\/02\/habitacion-piso-compartido-2-1536x863.jpg 1536w, https:\/\/mueblesdetena.es\/wp-content\/uploads\/2026\/02\/habitacion-piso-compartido-2-2048x1151.jpg 2048w, https:\/\/mueblesdetena.es\/wp-content\/uploads\/2026\/02\/habitacion-piso-compartido-2-600x337.jpg 600w\" sizes=\"(max-width: 2392px) 100vw, 2392px\" \/><\/figure>\n\n\n\n<div style=\"height:25px\" aria-hidden=\"true\" class=\"wp-block-spacer\"><\/div>\n\n\n\n<h2 class=\"wp-block-heading\"><span class=\"ez-toc-section\" id=\"4_Aprovecha_la_altura_el_truco_que_multiplica_metros\"><\/span>4. Aprovecha la altura: el truco que multiplica metros<span class=\"ez-toc-section-end\"><\/span><\/h2>\n\n\n\n<p class=\"has-medium-font-size wp-block-paragraph\">En una habitaci\u00f3n de piso compartido, el verdadero potencial no est\u00e1 solo en los metros cuadrados, sino en los metros verticales. <strong>Las estanter\u00edas altas, estilizadas y bien proporcionadas permiten ganar almacenaje sin invadir la zona de paso<\/strong>. Adem\u00e1s, dirigen la mirada hacia arriba, generando una sensaci\u00f3n inmediata de mayor amplitud visual.<\/p>\n\n\n\n<p class=\"has-medium-font-size wp-block-paragraph\"><strong>Los <a href=\"https:\/\/mueblesdetena.es\/ru_ru\/armarios\/\">armarios<\/a> hasta el techo son una soluci\u00f3n elegante y pr\u00e1ctica<\/strong> cuando se vive en una habitaci\u00f3n con espacio limitado. Aprovechan cada cent\u00edmetro disponible y evitan que se acumulen cajas a la vista. En un piso compartido, mantener el orden visual es fundamental para que el ambiente resulte equilibrado.<\/p>\n\n\n\n<p class=\"has-medium-font-size wp-block-paragraph\">Las <strong>baldas flotantes<\/strong> aportan ligereza y funcionalidad a cualquier habitaci\u00f3n. <strong>Colocadas sobre el escritorio o junto a la cama, permiten organizar libros y objetos personales sin recargar el espacio<\/strong>. En un piso compartido, este tipo de soluciones abiertas ayudan a personalizar el entorno manteniendo una est\u00e9tica limpia y serena.<\/p>\n\n\n\n<div style=\"height:25px\" aria-hidden=\"true\" class=\"wp-block-spacer\"><\/div>\n\n\n\n<h2 class=\"wp-block-heading\"><span class=\"ez-toc-section\" id=\"5_Menos_muebles_mas_inteligentes\"><\/span>5. Menos muebles, m\u00e1s inteligentes<span class=\"ez-toc-section-end\"><\/span><\/h2>\n\n\n\n<p class=\"has-medium-font-size wp-block-paragraph\">En una habitaci\u00f3n de piso compartido, cada pieza debe justificar su presencia. <strong>La clave no est\u00e1 en acumular, sino en elegir muebles multifunci\u00f3n que trabajen por partida doble<\/strong>. Un banco con espacio interior, una cama con cajones o un escritorio con estanter\u00eda integrada optimizan metros sin sacrificar estilo ni ligereza visual.<\/p>\n\n\n\n<p class=\"has-medium-font-size wp-block-paragraph\">El almacenaje oculto es el gran aliado cuando los metros son limitados. En una habitaci\u00f3n peque\u00f1a dentro de un piso compartido, mantener despejadas las superficies cambia por completo la percepci\u00f3n del espacio. <strong>Canap\u00e9s abatibles, mesas con compartimentos invisibles o m\u00f3dulos cerrados permiten guardar sin generar ruido visual<\/strong> innecesario diario.<\/p>\n\n\n\n<p class=\"has-medium-font-size wp-block-paragraph\"><strong>Las piezas que cumplen doble funci\u00f3n aportan orden y coherencia est\u00e9tica<\/strong>. Un ba\u00fal que act\u00faa como mesita auxiliar o asiento extra, una estanter\u00eda que delimita ambientes o un cabecero con repisas integradas convierten la habitaci\u00f3n en un espacio vers\u00e1til, equilibrado y plenamente funcional dentro del piso compartido.<\/p>\n\n\n\n<div style=\"height:25px\" aria-hidden=\"true\" class=\"wp-block-spacer\"><\/div>\n\n\n\n<h2 class=\"wp-block-heading\"><span class=\"ez-toc-section\" id=\"6_Orden_visual_el_secreto_para_que_no_parezca_pequena\"><\/span>6. Orden visual: el secreto para que no parezca peque\u00f1a<span class=\"ez-toc-section-end\"><\/span><\/h2>\n\n\n\n<p class=\"has-medium-font-size wp-block-paragraph\">En una habitaci\u00f3n de piso compartido, el orden visual no es solo una cuesti\u00f3n est\u00e9tica, sino estructural. <strong>Apostar por sistemas de organizaci\u00f3n bien pensados (cajones interiores, cajas decorativas o divisores de armario) permite que cada objeto tenga su lugar<\/strong>. Cuando todo est\u00e1 previsto, el espacio respira y la distribuci\u00f3n resulta m\u00e1s ligera.<\/p>\n\n\n\n<p class=\"has-medium-font-size wp-block-paragraph\">Decidir qu\u00e9 se muestra y qu\u00e9 se oculta es fundamental para que la habitaci\u00f3n no se perciba saturada. <strong>A la vista, solo aquello que aporta belleza o personalidad<\/strong>: libros seleccionados, una l\u00e1mpara especial o una planta. <strong>El resto, especialmente ropa, cables o documentos, debe quedar discretamente guardado<\/strong>.<\/p>\n\n\n\n<p class=\"has-medium-font-size wp-block-paragraph\">Evitar la saturaci\u00f3n implica editar con criterio. En un piso compartido, acumular sin medida reduce metros visuales y genera sensaci\u00f3n de desorden permanente. <strong>Mantener superficies despejadas, limitar la decoraci\u00f3n a piezas con intenci\u00f3n y respetar zonas libres<\/strong> ayuda a que la habitaci\u00f3n parezca m\u00e1s amplia, luminosa y equilibrada.<\/p>\n\n\n\n<div style=\"height:25px\" aria-hidden=\"true\" class=\"wp-block-spacer\"><\/div>\n\n\n\n<h2 class=\"wp-block-heading\"><span class=\"ez-toc-section\" id=\"7_Colores_y_luz_que_amplian_el_espacio\"><\/span>7. Colores y luz que ampl\u00edan el espacio<span class=\"ez-toc-section-end\"><\/span><\/h2>\n\n\n\n<p class=\"has-medium-font-size wp-block-paragraph\">En una habitaci\u00f3n de piso compartido, la base neutra es el mejor punto de partida. <strong>Blancos rotos, arenas o grises suaves reflejan la luz y aportan serenidad visual, algo esencial cuando los metros son limitados<\/strong>. Esta paleta permite que el espacio respire y crea un lienzo vers\u00e1til sobre el que construir un ambiente equilibrado.<\/p>\n\n\n\n<p class=\"has-medium-font-size wp-block-paragraph\">Sobre esa base calmada, <strong>los acentos bien medidos aportan car\u00e1cter sin saturar la habitaci\u00f3n<\/strong>. Un cabecero tapizado, cojines en tonos terracota o una l\u00e1mina con pinceladas verdes pueden marcar la diferencia en un piso compartido. La clave est\u00e1 en concentrar el color en peque\u00f1os focos visuales para mantener armon\u00eda constante.<\/p>\n\n\n\n<p class=\"has-medium-font-size wp-block-paragraph\">La iluminaci\u00f3n en capas transforma por completo la percepci\u00f3n de la habitaci\u00f3n. <strong>Combinar una luz general c\u00e1lida con puntos espec\u00edficos en escritorio y mesilla genera profundidad y confort<\/strong>. En un piso compartido, esta estrategia permite adaptar el ambiente seg\u00fan el momento del d\u00eda, ampliando visualmente el espacio con matices suaves.<\/p>\n\n\n\n<div style=\"height:25px\" aria-hidden=\"true\" class=\"wp-block-spacer\"><\/div>\n\n\n\n<figure class=\"wp-block-image alignfull size-full\"><img decoding=\"async\" width=\"2392\" height=\"1344\" src=\"https:\/\/mueblesdetena.es\/wp-content\/uploads\/2026\/02\/habitacion-piso-compartido-3.jpg\" alt=\"habitaci\u00f3n, piso compartido\" class=\"wp-image-44087\" srcset=\"https:\/\/mueblesdetena.es\/wp-content\/uploads\/2026\/02\/habitacion-piso-compartido-3.jpg 2392w, https:\/\/mueblesdetena.es\/wp-content\/uploads\/2026\/02\/habitacion-piso-compartido-3-300x169.jpg 300w, https:\/\/mueblesdetena.es\/wp-content\/uploads\/2026\/02\/habitacion-piso-compartido-3-1024x575.jpg 1024w, https:\/\/mueblesdetena.es\/wp-content\/uploads\/2026\/02\/habitacion-piso-compartido-3-768x432.jpg 768w, https:\/\/mueblesdetena.es\/wp-content\/uploads\/2026\/02\/habitacion-piso-compartido-3-1536x863.jpg 1536w, https:\/\/mueblesdetena.es\/wp-content\/uploads\/2026\/02\/habitacion-piso-compartido-3-2048x1151.jpg 2048w, https:\/\/mueblesdetena.es\/wp-content\/uploads\/2026\/02\/habitacion-piso-compartido-3-600x337.jpg 600w\" sizes=\"(max-width: 2392px) 100vw, 2392px\" \/><\/figure>\n\n\n\n<div style=\"height:25px\" aria-hidden=\"true\" class=\"wp-block-spacer\"><\/div>\n\n\n\n<h2 class=\"wp-block-heading\"><span class=\"ez-toc-section\" id=\"8_Textiles_que_aportan_sensacion_de_hogar\"><\/span>8. Textiles que aportan sensaci\u00f3n de hogar<span class=\"ez-toc-section-end\"><\/span><\/h2>\n\n\n\n<p class=\"has-medium-font-size wp-block-paragraph\">En una habitaci\u00f3n de piso compartido, la ropa de cama se convierte en el aut\u00e9ntico centro visual. <strong>Elegir s\u00e1banas agradables, una colcha con textura y cojines bien coordinados transforma la cama en sof\u00e1 improvisado, rinc\u00f3n de lectura y refugio personal<\/strong>, elevando la est\u00e9tica sin a\u00f1adir muebles innecesarios.<\/p>\n\n\n\n<p class=\"has-medium-font-size wp-block-paragraph\"><strong>Las alfombras, incluso en formato compacto, ayudan a delimitar funciones dentro de la habitaci\u00f3n<\/strong>. En un piso compartido donde cada metro cuenta, colocar una pieza bajo la cama o junto al escritorio crea una sensaci\u00f3n de orden y calidez, aportando confort y estructura visual sin recargar el ambiente.<\/p>\n\n\n\n<p class=\"has-medium-font-size wp-block-paragraph\"><strong>Las cortinas ligeras son el gesto m\u00e1s sencillo para suavizar una habitaci\u00f3n<\/strong> en piso compartido. Tejidos vaporosos permiten que la luz natural fluya, ampl\u00edan visualmente el espacio y aportan movimiento. Bien elegidas, en tonos neutros o arena, envuelven el conjunto y aportan esa sensaci\u00f3n serena que convierte cualquier cuarto en hogar.<\/p>\n\n\n\n<div style=\"height:25px\" aria-hidden=\"true\" class=\"wp-block-spacer\"><\/div>\n\n\n\n<h2 class=\"wp-block-heading\"><span class=\"ez-toc-section\" id=\"9_Tu_toque_personal_sin_perder_amplitud\"><\/span>9. Tu toque personal sin perder amplitud<span class=\"ez-toc-section-end\"><\/span><\/h2>\n\n\n\n<p class=\"has-medium-font-size wp-block-paragraph\"><strong>Incorporar <a href=\"https:\/\/www.aprilplants.com\/\" target=\"_blank\" rel=\"noopener\">plantas<\/a> peque\u00f1as es una de las formas m\u00e1s efectivas de dar vida<\/strong> a una habitaci\u00f3n en un piso compartido sin restar metros visuales. Un pothos colgante, una sansevieria estilizada o una suculenta sobre el escritorio aportan frescura, verticalidad y equilibrio sin ocupar superficie \u00fatil ni saturar el ambiente.<\/p>\n\n\n\n<p class=\"has-medium-font-size wp-block-paragraph\">La clave est\u00e1 en practicar una <strong>decoraci\u00f3n con intenci\u00f3n: elegir pocas piezas, pero significativas<\/strong>. En una habitaci\u00f3n de piso compartido funcionan mejor una l\u00e1mina especial, una fotograf\u00eda bien enmarcada o una l\u00e1mpara con car\u00e1cter que varios objetos dispersos que compiten entre s\u00ed. Cada elemento debe sumar, no distraer.<\/p>\n\n\n\n<p class=\"has-medium-font-size wp-block-paragraph\"><strong>Evitar el exceso decorativo implica controlar vol\u00famenes, colores y texturas<\/strong>. Si la habitaci\u00f3n ya cuenta con almacenaje visible, conviene mantener superficies despejadas y apostar por detalles ligeros. En un piso compartido, la sensaci\u00f3n de amplitud depende tanto de lo que se incorpora como de lo que se decide no mostrar.<\/p>\n\n\n\n<div style=\"height:25px\" aria-hidden=\"true\" class=\"wp-block-spacer\"><\/div>\n\n\n\n<h2 class=\"wp-block-heading\"><span class=\"ez-toc-section\" id=\"10_El_equilibrio_final_coherencia_y_calma\"><\/span>10. El equilibrio final: coherencia y calma<span class=\"ez-toc-section-end\"><\/span><\/h2>\n\n\n\n<p class=\"has-medium-font-size wp-block-paragraph\">Mantener una paleta definida es el primer paso para que una habitaci\u00f3n en un piso compartido respire armon\u00eda. <strong>Elegir dos o tres tonos base y repetirlos en textiles, muebles y peque\u00f1os detalles crea continuidad visual y evita la sensaci\u00f3n de caos<\/strong>. La coherencia crom\u00e1tica aporta amplitud, serenidad y un equilibrio inmediato.<\/p>\n\n\n\n<p class=\"has-medium-font-size wp-block-paragraph\">Elegir pocas piezas clave transforma por completo la percepci\u00f3n del espacio. <strong>En lugar de acumular muebles, conviene apostar por elementos con presencia y proporci\u00f3n adecuada<\/strong>: una buena cama, un escritorio ligero y un almacenaje bien resuelto. En una habitaci\u00f3n de piso compartido, cada pieza debe justificar su lugar.<\/p>\n\n\n\n<p class=\"has-medium-font-size wp-block-paragraph\">Crear una atm\u00f3sfera que invite a quedarse implica cuidar la luz, las texturas y el orden. <strong>Una iluminaci\u00f3n c\u00e1lida, tejidos agradables y superficies despejadas convierten la habitaci\u00f3n en refugio personal dentro del piso compartido<\/strong>. Cuando todo dialoga sin estridencias, el espacio transmite calma y aut\u00e9ntica sensaci\u00f3n de hogar.<\/p>\n\n\n\n<div style=\"height:25px\" aria-hidden=\"true\" class=\"wp-block-spacer\"><\/div>\n\n\n\n<h2 class=\"wp-block-heading\"><span class=\"ez-toc-section\" id=\"Cuando_cada_metro_cuenta_diseno_inteligente_para_sentirte_en_casa\"><\/span>Cuando cada metro cuenta: dise\u00f1o inteligente para sentirte en casa<span class=\"ez-toc-section-end\"><\/span><\/h2>\n\n\n\n<p class=\"has-medium-font-size wp-block-paragraph\">Vivir en una habitaci\u00f3n dentro de un piso compartido no implica renunciar al dise\u00f1o ni al bienestar. Cuando se planifica con intenci\u00f3n, cada metro adquiere sentido: la cama se convierte en n\u00facleo funcional, el escritorio encuentra su lugar exacto y el almacenaje vertical libera el suelo y la mirada.<\/p>\n\n\n\n<p class=\"has-medium-font-size wp-block-paragraph\">La clave est\u00e1 en elegir menos muebles, pero m\u00e1s inteligentes. Piezas con doble funci\u00f3n, soluciones de almacenaje oculto y una distribuci\u00f3n que respete las zonas permiten que la habitaci\u00f3n respire. En un piso compartido, el orden visual no es solo est\u00e9tica: es equilibrio diario y comodidad real.<\/p>\n\n\n\n<p class=\"has-medium-font-size wp-block-paragraph\">Colores suaves, luz en capas y textiles bien elegidos transforman la habitaci\u00f3n en un refugio personal, incluso dentro de un piso compartido. Cuando existe coherencia en materiales y proporciones, el espacio deja de parecer provisional y se convierte en un hogar en miniatura pensado para quedarse.<\/p>","protected":false},"excerpt":{"rendered":"<p>Vivir en una habitaci\u00f3n dentro de un piso compartido es un ejercicio constante de equilibrio. En pocos metros deben convivir el descanso, el trabajo, el orden y tambi\u00e9n los momentos de desconexi\u00f3n. No se trata solo de colocar muebles, sino de aprender a dise\u00f1ar un espacio que responda a todas tus necesidades diarias. Cuando cada [&hellip;]<\/p>\n","protected":false},"author":618,"featured_media":44085,"comment_status":"closed","ping_status":"closed","sticky":false,"template":"","format":"standard","meta":{"site-sidebar-layout":"default","site-content-layout":"","ast-site-content-layout":"default","site-content-style":"default","site-sidebar-style":"default","ast-global-header-display":"","ast-banner-title-visibility":"","ast-main-header-display":"","ast-hfb-above-header-display":"","ast-hfb-below-header-display":"","ast-hfb-mobile-header-display":"","site-post-title":"","ast-breadcrumbs-content":"","ast-featured-img":"","footer-sml-layout":"","ast-disable-related-posts":"","theme-transparent-header-meta":"","adv-header-id-meta":"","stick-header-meta":"","header-above-stick-meta":"","header-main-stick-meta":"","header-below-stick-meta":"","astra-migrate-meta-layouts":"set","ast-page-background-enabled":"default","ast-page-background-meta":{"desktop":{"background-color":"var(--ast-global-color-4)","background-image":"","background-repeat":"repeat","background-position":"center center","background-size":"auto","background-attachment":"scroll","background-type":"","background-media":"","overlay-type":"","overlay-color":"","overlay-opacity":"","overlay-gradient":""},"tablet":{"background-color":"","background-image":"","background-repeat":"repeat","background-position":"center center","background-size":"auto","background-attachment":"scroll","background-type":"","background-media":"","overlay-type":"","overlay-color":"","overlay-opacity":"","overlay-gradient":""},"mobile":{"background-color":"","background-image":"","background-repeat":"repeat","background-position":"center center","background-size":"auto","background-attachment":"scroll","background-type":"","background-media":"","overlay-type":"","overlay-color":"","overlay-opacity":"","overlay-gradient":""}},"ast-content-background-meta":{"desktop":{"background-color":"var(--ast-global-color-5)","background-image":"","background-repeat":"repeat","background-position":"center center","background-size":"auto","background-attachment":"scroll","background-type":"","background-media":"","overlay-type":"","overlay-color":"","overlay-opacity":"","overlay-gradient":""},"tablet":{"background-color":"var(--ast-global-color-5)","background-image":"","background-repeat":"repeat","background-position":"center center","background-size":"auto","background-attachment":"scroll","background-type":"","background-media":"","overlay-type":"","overlay-color":"","overlay-opacity":"","overlay-gradient":""},"mobile":{"background-color":"var(--ast-global-color-5)","background-image":"","background-repeat":"repeat","background-position":"center center","background-size":"auto","background-attachment":"scroll","background-type":"","background-media":"","overlay-type":"","overlay-color":"","overlay-opacity":"","overlay-gradient":""}},"_joinchat":[],"footnotes":""},"categories":[1],"tags":[],"class_list":["post-44083","post","type-post","status-publish","format-standard","has-post-thumbnail","hentry","category-sin-categoria"],"_links":{"self":[{"href":"https:\/\/mueblesdetena.es\/ru_ru\/wp-json\/wp\/v2\/posts\/44083","targetHints":{"allow":["GET"]}}],"collection":[{"href":"https:\/\/mueblesdetena.es\/ru_ru\/wp-json\/wp\/v2\/posts"}],"about":[{"href":"https:\/\/mueblesdetena.es\/ru_ru\/wp-json\/wp\/v2\/types\/post"}],"author":[{"embeddable":true,"href":"https:\/\/mueblesdetena.es\/ru_ru\/wp-json\/wp\/v2\/users\/618"}],"replies":[{"embeddable":true,"href":"https:\/\/mueblesdetena.es\/ru_ru\/wp-json\/wp\/v2\/comments?post=44083"}],"version-history":[{"count":1,"href":"https:\/\/mueblesdetena.es\/ru_ru\/wp-json\/wp\/v2\/posts\/44083\/revisions"}],"predecessor-version":[{"id":44088,"href":"https:\/\/mueblesdetena.es\/ru_ru\/wp-json\/wp\/v2\/posts\/44083\/revisions\/44088"}],"wp:featuredmedia":[{"embeddable":true,"href":"https:\/\/mueblesdetena.es\/ru_ru\/wp-json\/wp\/v2\/media\/44085"}],"wp:attachment":[{"href":"https:\/\/mueblesdetena.es\/ru_ru\/wp-json\/wp\/v2\/media?parent=44083"}],"wp:term":[{"taxonomy":"category","embeddable":true,"href":"https:\/\/mueblesdetena.es\/ru_ru\/wp-json\/wp\/v2\/categories?post=44083"},{"taxonomy":"post_tag","embeddable":true,"href":"https:\/\/mueblesdetena.es\/ru_ru\/wp-json\/wp\/v2\/tags?post=44083"}],"curies":[{"name":"wp","href":"https:\/\/api.w.org\/{rel}","templated":true}]}}