{"id":44362,"date":"2026-03-17T18:02:56","date_gmt":"2026-03-17T17:02:56","guid":{"rendered":"https:\/\/mueblesdetena.es\/?p=44362"},"modified":"2026-03-17T18:03:02","modified_gmt":"2026-03-17T17:03:02","slug":"microliving-7-claves-tendencia-pisos-pequenos","status":"publish","type":"post","link":"https:\/\/mueblesdetena.es\/ru_ru\/microliving-7-claves-tendencia-pisos-pequenos\/","title":{"rendered":"Microliving: 7 claves de esta tendencia para pisos peque\u00f1os"},"content":{"rendered":"<p class=\"has-medium-font-size wp-block-paragraph\">El microliving ha dejado de ser una rareza arquitect\u00f3nica para convertirse en una respuesta elegante y contempor\u00e1nea a la vida urbana. En ciudades donde el precio de la vivienda crece sin tregua y el espacio escasea, apostar por menos metros no implica renunciar al confort, sino redefinirlo con inteligencia.<\/p>\n\n\n\n<p class=\"has-medium-font-size wp-block-paragraph\">Este enfoque <strong>conecta con una transformaci\u00f3n social evidente: m\u00e1s hogares unipersonales, mayor movilidad profesional y una generaci\u00f3n que prioriza experiencias frente a la acumulaci\u00f3n<\/strong>. El microliving interpreta esta nueva forma de habitar desde el dise\u00f1o, entendiendo cada cent\u00edmetro como una oportunidad para crear funcionalidad y belleza equilibrada.<\/p>\n\n\n\n<p class=\"has-medium-font-size wp-block-paragraph\">Lejos de la improvisaci\u00f3n, el microliving se apoya en distribuci\u00f3n estrat\u00e9gica, <a href=\"https:\/\/mueblesdetena.es\/ru_ru\/\">mobiliario vers\u00e1til<\/a> y una planificaci\u00f3n minuciosa que multiplica posibilidades. La clave no reside en ampliar superficies, sino en optimizar proporciones, favorecer la luz y organizar con criterio, convirtiendo espacios reducidos en hogares coherentes, acogedores y perfectamente pensados.<\/p>\n\n\n\n<div style=\"height:25px\" aria-hidden=\"true\" class=\"wp-block-spacer\"><\/div>\n\n\n\n<div id=\"ez-toc-container\" class=\"ez-toc-v2_0_85 counter-hierarchy ez-toc-counter ez-toc-grey ez-toc-container-direction\">\n<div class=\"ez-toc-title-container\">\n<p class=\"ez-toc-title\" style=\"cursor:inherit\">Table of Contents<\/p>\n<span class=\"ez-toc-title-toggle\"><a href=\"#\" class=\"ez-toc-pull-right ez-toc-btn ez-toc-btn-xs ez-toc-btn-default ez-toc-toggle\" aria-label=\"Toggle Table of Content\"><span class=\"ez-toc-js-icon-con\"><span class=\"\"><span class=\"eztoc-hide\" style=\"display:none;\">Toggle<\/span><span class=\"ez-toc-icon-toggle-span\"><svg style=\"fill: #999;color:#999\" xmlns=\"http:\/\/www.w3.org\/2000\/svg\" class=\"list-377408\" width=\"20px\" height=\"20px\" viewbox=\"0 0 24 24\" fill=\"none\"><path d=\"M6 6H4v2h2V6zm14 0H8v2h12V6zM4 11h2v2H4v-2zm16 0H8v2h12v-2zM4 16h2v2H4v-2zm16 0H8v2h12v-2z\" fill=\"currentColor\"><\/path><\/svg><svg style=\"fill: #999;color:#999\" class=\"arrow-unsorted-368013\" xmlns=\"http:\/\/www.w3.org\/2000\/svg\" width=\"10px\" height=\"10px\" viewbox=\"0 0 24 24\" version=\"1.2\" baseprofile=\"tiny\"><path d=\"M18.2 9.3l-6.2-6.3-6.2 6.3c-.2.2-.3.4-.3.7s.1.5.3.7c.2.2.4.3.7.3h11c.3 0 .5-.1.7-.3.2-.2.3-.5.3-.7s-.1-.5-.3-.7zM5.8 14.7l6.2 6.3 6.2-6.3c.2-.2.3-.5.3-.7s-.1-.5-.3-.7c-.2-.2-.4-.3-.7-.3h-11c-.3 0-.5.1-.7.3-.2.2-.3.5-.3.7s.1.5.3.7z\"\/><\/svg><\/span><\/span><\/span><\/a><\/span><\/div>\n<nav><ul class='ez-toc-list ez-toc-list-level-1' ><li class='ez-toc-page-1 ez-toc-heading-level-2'><a class=\"ez-toc-link ez-toc-heading-1\" href=\"https:\/\/mueblesdetena.es\/ru_ru\/microliving-7-claves-tendencia-pisos-pequenos\/#1_Que_es_el_microliving_y_por_que_esta_creciendo_en_todo_el_mundo\" >1. Qu\u00e9 es el microliving y por qu\u00e9 est\u00e1 creciendo en todo el mundo<\/a><\/li><li class='ez-toc-page-1 ez-toc-heading-level-2'><a class=\"ez-toc-link ez-toc-heading-2\" href=\"https:\/\/mueblesdetena.es\/ru_ru\/microliving-7-claves-tendencia-pisos-pequenos\/#2_Ventajas_del_microliving_menos_espacio_mas_eficiencia\" >2. Ventajas del microliving: menos espacio, m\u00e1s eficiencia<\/a><ul class='ez-toc-list-level-3' ><li class='ez-toc-heading-level-3'><a class=\"ez-toc-link ez-toc-heading-3\" href=\"https:\/\/mueblesdetena.es\/ru_ru\/microliving-7-claves-tendencia-pisos-pequenos\/#Ahorro_economico\" >Ahorro econ\u00f3mico<\/a><\/li><li class='ez-toc-page-1 ez-toc-heading-level-3'><a class=\"ez-toc-link ez-toc-heading-4\" href=\"https:\/\/mueblesdetena.es\/ru_ru\/microliving-7-claves-tendencia-pisos-pequenos\/#Ubicacion_estrategica\" >Ubicaci\u00f3n estrat\u00e9gica<\/a><\/li><li class='ez-toc-page-1 ez-toc-heading-level-3'><a class=\"ez-toc-link ez-toc-heading-5\" href=\"https:\/\/mueblesdetena.es\/ru_ru\/microliving-7-claves-tendencia-pisos-pequenos\/#Sostenibilidad_real\" >Sostenibilidad real<\/a><\/li><li class='ez-toc-page-1 ez-toc-heading-level-3'><a class=\"ez-toc-link ez-toc-heading-6\" href=\"https:\/\/mueblesdetena.es\/ru_ru\/microliving-7-claves-tendencia-pisos-pequenos\/#Mentalidad_minimalista\" >Mentalidad minimalista<\/a><\/li><\/ul><\/li><li class='ez-toc-page-1 ez-toc-heading-level-2'><a class=\"ez-toc-link ez-toc-heading-7\" href=\"https:\/\/mueblesdetena.es\/ru_ru\/microliving-7-claves-tendencia-pisos-pequenos\/#3_Como_organizar_un_piso_pequeno_sin_saturarlo\" >3. C\u00f3mo organizar un piso peque\u00f1o sin saturarlo<\/a><ul class='ez-toc-list-level-3' ><li class='ez-toc-heading-level-3'><a class=\"ez-toc-link ez-toc-heading-8\" href=\"https:\/\/mueblesdetena.es\/ru_ru\/microliving-7-claves-tendencia-pisos-pequenos\/#Piensa_en_vertical\" >Piensa en vertical<\/a><\/li><li class='ez-toc-page-1 ez-toc-heading-level-3'><a class=\"ez-toc-link ez-toc-heading-9\" href=\"https:\/\/mueblesdetena.es\/ru_ru\/microliving-7-claves-tendencia-pisos-pequenos\/#Crea_espacios_hibridos\" >Crea espacios h\u00edbridos<\/a><\/li><li class='ez-toc-page-1 ez-toc-heading-level-3'><a class=\"ez-toc-link ez-toc-heading-10\" href=\"https:\/\/mueblesdetena.es\/ru_ru\/microliving-7-claves-tendencia-pisos-pequenos\/#Invierte_en_mobiliario_transformable\" >Invierte en mobiliario transformable<\/a><\/li><li class='ez-toc-page-1 ez-toc-heading-level-3'><a class=\"ez-toc-link ez-toc-heading-11\" href=\"https:\/\/mueblesdetena.es\/ru_ru\/microliving-7-claves-tendencia-pisos-pequenos\/#El_orden_como_norma\" >El orden como norma<\/a><\/li><\/ul><\/li><li class='ez-toc-page-1 ez-toc-heading-level-2'><a class=\"ez-toc-link ez-toc-heading-12\" href=\"https:\/\/mueblesdetena.es\/ru_ru\/microliving-7-claves-tendencia-pisos-pequenos\/#4_Como_decorar_un_microapartamento_para_que_sea_acogedor\" >4. C\u00f3mo decorar un microapartamento para que sea acogedor<\/a><ul class='ez-toc-list-level-3' ><li class='ez-toc-heading-level-3'><a class=\"ez-toc-link ez-toc-heading-13\" href=\"https:\/\/mueblesdetena.es\/ru_ru\/microliving-7-claves-tendencia-pisos-pequenos\/#Colores_que_amplian\" >Colores que ampl\u00edan<\/a><\/li><li class='ez-toc-page-1 ez-toc-heading-level-3'><a class=\"ez-toc-link ez-toc-heading-14\" href=\"https:\/\/mueblesdetena.es\/ru_ru\/microliving-7-claves-tendencia-pisos-pequenos\/#Iluminacion_estrategica\" >Iluminaci\u00f3n estrat\u00e9gica<\/a><\/li><li class='ez-toc-page-1 ez-toc-heading-level-3'><a class=\"ez-toc-link ez-toc-heading-15\" href=\"https:\/\/mueblesdetena.es\/ru_ru\/microliving-7-claves-tendencia-pisos-pequenos\/#Materiales_naturales\" >Materiales naturales<\/a><\/li><li class='ez-toc-page-1 ez-toc-heading-level-3'><a class=\"ez-toc-link ez-toc-heading-16\" href=\"https:\/\/mueblesdetena.es\/ru_ru\/microliving-7-claves-tendencia-pisos-pequenos\/#Decoracion_con_intencion\" >Decoraci\u00f3n con intenci\u00f3n<\/a><\/li><\/ul><\/li><li class='ez-toc-page-1 ez-toc-heading-level-2'><a class=\"ez-toc-link ez-toc-heading-17\" href=\"https:\/\/mueblesdetena.es\/ru_ru\/microliving-7-claves-tendencia-pisos-pequenos\/#5_Tecnologia_y_diseno_inteligente\" >5. Tecnolog\u00eda y dise\u00f1o inteligente<\/a><\/li><li class='ez-toc-page-1 ez-toc-heading-level-2'><a class=\"ez-toc-link ez-toc-heading-18\" href=\"https:\/\/mueblesdetena.es\/ru_ru\/microliving-7-claves-tendencia-pisos-pequenos\/#6_%C2%BFModa_aspiracional_o_consecuencia_economica\" >6. \u00bfModa aspiracional o consecuencia econ\u00f3mica?<\/a><\/li><li class='ez-toc-page-1 ez-toc-heading-level-2'><a class=\"ez-toc-link ez-toc-heading-19\" href=\"https:\/\/mueblesdetena.es\/ru_ru\/microliving-7-claves-tendencia-pisos-pequenos\/#El_futuro_no_es_mas_grande_es_mas_inteligente\" >El futuro no es m\u00e1s grande, es m\u00e1s inteligente<\/a><\/li><\/ul><\/nav><\/div>\n<h2 class=\"wp-block-heading\"><span class=\"ez-toc-section\" id=\"1_Que_es_el_microliving_y_por_que_esta_creciendo_en_todo_el_mundo\"><\/span>1. Qu\u00e9 es el microliving y por qu\u00e9 est\u00e1 creciendo en todo el mundo<span class=\"ez-toc-section-end\"><\/span><\/h2>\n\n\n\n<p class=\"has-medium-font-size wp-block-paragraph\">El microliving se basa en <strong>viviendas reducidas (normalmente entre 30 y 40 m\u00b2) dise\u00f1adas al detalle para que cada espacio cumpla varias funciones<\/strong>. Sal\u00f3n que se convierte en dormitorio, mesas extensibles, almacenamiento oculto o paredes m\u00f3viles son elementos habituales.<\/p>\n\n\n\n<p class=\"has-medium-font-size wp-block-paragraph\">Esta tendencia comenz\u00f3 a popularizarse en grandes ciudades y <strong>ha ganado visibilidad gracias a proyectos internacionales y formatos divulgativos como <a href=\"https:\/\/www.nevertoosmall.com\/\" target=\"_blank\" rel=\"noopener\">Never Too Small<\/a><\/strong>, donde se muestran apartamentos diminutos transformados en hogares sorprendentes.<\/p>\n\n\n\n<p class=\"has-medium-font-size wp-block-paragraph\">Medios especializados como Architectural Digest han se\u00f1alado incluso que los microapartamentos <strong>pueden ser una de las soluciones m\u00e1s sostenibles para el futuro urbano<\/strong>.<\/p>\n\n\n\n<p class=\"has-medium-font-size wp-block-paragraph\">Ciudades como Seattle han experimentado con tiny homes como alternativa social, mientras que en Estocolmo se desarrollan proyectos de microvivienda para j\u00f3venes. En Nueva York, iniciativas como MyMicro NY consolidan este modelo en pleno entorno metropolitano.<\/p>\n\n\n\n<p class=\"has-medium-font-size wp-block-paragraph\">Detr\u00e1s de su auge hay varios factores:<\/p>\n\n\n\n<ul class=\"wp-block-list\">\n<li class=\"has-medium-font-size\">Urbanizaci\u00f3n masiva.<\/li>\n\n\n\n<li class=\"has-medium-font-size\">Escasez de suelo.<\/li>\n\n\n\n<li class=\"has-medium-font-size\">Aumento del coste de vida.<\/li>\n\n\n\n<li class=\"has-medium-font-size\">B\u00fasqueda de sostenibilidad.<\/li>\n\n\n\n<li class=\"has-medium-font-size\">Minimalismo como aspiraci\u00f3n cultural.<\/li>\n<\/ul>\n\n\n\n<div style=\"height:25px\" aria-hidden=\"true\" class=\"wp-block-spacer\"><\/div>\n\n\n\n<h2 class=\"wp-block-heading\"><span class=\"ez-toc-section\" id=\"2_Ventajas_del_microliving_menos_espacio_mas_eficiencia\"><\/span>2. Ventajas del microliving: menos espacio, m\u00e1s eficiencia<span class=\"ez-toc-section-end\"><\/span><\/h2>\n\n\n\n<h3 class=\"wp-block-heading\"><span class=\"ez-toc-section\" id=\"Ahorro_economico\"><\/span>Ahorro econ\u00f3mico<span class=\"ez-toc-section-end\"><\/span><\/h3>\n\n\n\n<p class=\"has-medium-font-size wp-block-paragraph\">El microliving demuestra que el lujo no siempre se mide en metros cuadrados. Aunque el precio por metro pueda ser elevado, la inversi\u00f3n total resulta m\u00e1s accesible y equilibrada. Adem\u00e1s, al tratarse de superficies reducidas, los gastos de mantenimiento, climatizaci\u00f3n y consumo energ\u00e9tico disminuyen notablemente, aliviando la econom\u00eda dom\u00e9stica cada mes.<\/p>\n\n\n\n<h3 class=\"wp-block-heading\"><span class=\"ez-toc-section\" id=\"Ubicacion_estrategica\"><\/span>Ubicaci\u00f3n estrat\u00e9gica<span class=\"ez-toc-section-end\"><\/span><\/h3>\n\n\n\n<p class=\"has-medium-font-size wp-block-paragraph\">Uno de los grandes atractivos del microliving es su apuesta por ubicaciones c\u00e9ntricas y bien conectadas. Vivir cerca del trabajo, de los comercios y de los espacios culturales permite reducir desplazamientos y ganar tiempo de calidad. La vivienda deja de ser solo refugio para integrarse plenamente en el ritmo urbano.<\/p>\n\n\n\n<h3 class=\"wp-block-heading\"><span class=\"ez-toc-section\" id=\"Sostenibilidad_real\"><\/span>Sostenibilidad real<span class=\"ez-toc-section-end\"><\/span><\/h3>\n\n\n\n<p class=\"has-medium-font-size wp-block-paragraph\">El microliving encarna una forma de habitar m\u00e1s consciente. Menos metros implican menor consumo de recursos y una huella ambiental m\u00e1s contenida. Al aumentar la densidad en edificios consolidados, se reduce la expansi\u00f3n urbana y se favorecen modelos de econom\u00eda circular que optimizan infraestructuras existentes en ciudades.<\/p>\n\n\n\n<h3 class=\"wp-block-heading\"><span class=\"ez-toc-section\" id=\"Mentalidad_minimalista\"><\/span>Mentalidad minimalista<span class=\"ez-toc-section-end\"><\/span><\/h3>\n\n\n\n<p class=\"has-medium-font-size wp-block-paragraph\">Adoptar el microliving supone revisar lo que realmente necesitamos. Cada objeto se elige con intenci\u00f3n, priorizando calidad frente a cantidad. El resultado es un entorno visualmente despejado, sereno y armonioso, donde el orden potencia el bienestar y convierte el espacio reducido en un hogar equilibrado y luminoso.<\/p>\n\n\n\n<div style=\"height:25px\" aria-hidden=\"true\" class=\"wp-block-spacer\"><\/div>\n\n\n\n<figure class=\"wp-block-image alignfull size-full\"><img fetchpriority=\"high\" decoding=\"async\" width=\"2392\" height=\"1344\" src=\"https:\/\/mueblesdetena.es\/wp-content\/uploads\/2026\/03\/microliving-2.jpg\" alt=\"microliving\" class=\"wp-image-44367\" srcset=\"https:\/\/mueblesdetena.es\/wp-content\/uploads\/2026\/03\/microliving-2.jpg 2392w, https:\/\/mueblesdetena.es\/wp-content\/uploads\/2026\/03\/microliving-2-300x169.jpg 300w, https:\/\/mueblesdetena.es\/wp-content\/uploads\/2026\/03\/microliving-2-1024x575.jpg 1024w, https:\/\/mueblesdetena.es\/wp-content\/uploads\/2026\/03\/microliving-2-768x432.jpg 768w, https:\/\/mueblesdetena.es\/wp-content\/uploads\/2026\/03\/microliving-2-1536x863.jpg 1536w, https:\/\/mueblesdetena.es\/wp-content\/uploads\/2026\/03\/microliving-2-2048x1151.jpg 2048w, https:\/\/mueblesdetena.es\/wp-content\/uploads\/2026\/03\/microliving-2-600x337.jpg 600w\" sizes=\"(max-width: 2392px) 100vw, 2392px\" \/><\/figure>\n\n\n\n<div style=\"height:25px\" aria-hidden=\"true\" class=\"wp-block-spacer\"><\/div>\n\n\n\n<h2 class=\"wp-block-heading\"><span class=\"ez-toc-section\" id=\"3_Como_organizar_un_piso_pequeno_sin_saturarlo\"><\/span>3. C\u00f3mo organizar un piso peque\u00f1o sin saturarlo<span class=\"ez-toc-section-end\"><\/span><\/h2>\n\n\n\n<h3 class=\"wp-block-heading\"><span class=\"ez-toc-section\" id=\"Piensa_en_vertical\"><\/span>Piensa en vertical<span class=\"ez-toc-section-end\"><\/span><\/h3>\n\n\n\n<p class=\"has-medium-font-size wp-block-paragraph\">En el microliving, la altura es oro. Cuando el suelo escasea, las paredes se convierten en aliadas estrat\u00e9gicas capaces de multiplicar el espacio \u00fatil sin invadir la estancia. Estanter\u00edas hasta el techo, m\u00f3dulos elevados y altillos discretos permiten liberar superficie visual y organizar con elegancia el almacenamiento estacional cotidiano.<\/p>\n\n\n\n<h3 class=\"wp-block-heading\"><span class=\"ez-toc-section\" id=\"Crea_espacios_hibridos\"><\/span>Crea espacios h\u00edbridos<span class=\"ez-toc-section-end\"><\/span><\/h3>\n\n\n\n<p class=\"has-medium-font-size wp-block-paragraph\">En una vivienda de microliving, ninguna estancia permanece est\u00e1tica. El sal\u00f3n se transforma en dormitorio con soluciones bien integradas, una barra ligera funciona como comedor y despacho, y un banco esconde almacenaje interior. La flexibilidad redefine el uso del espacio, aportando dinamismo sin renunciar a la est\u00e9tica.<\/p>\n\n\n\n<h3 class=\"wp-block-heading\"><span class=\"ez-toc-section\" id=\"Invierte_en_mobiliario_transformable\"><\/span>Invierte en mobiliario transformable<span class=\"ez-toc-section-end\"><\/span><\/h3>\n\n\n\n<p class=\"has-medium-font-size wp-block-paragraph\">El mobiliario multifuncional es la esencia del microliving bien resuelto. Sof\u00e1s cama de apertura fluida, mesas extensibles que aparecen solo cuando se necesitan o camas abatibles que liberan metros durante el d\u00eda permiten que el espacio respire. Las piezas modulares aportan versatilidad sin generar sensaci\u00f3n de saturaci\u00f3n.<\/p>\n\n\n\n<h3 class=\"wp-block-heading\"><span class=\"ez-toc-section\" id=\"El_orden_como_norma\"><\/span>El orden como norma<span class=\"ez-toc-section-end\"><\/span><\/h3>\n\n\n\n<p class=\"has-medium-font-size wp-block-paragraph\">En espacios reducidos, el desorden adquiere protagonismo inmediato. Por eso, el microliving exige disciplina est\u00e9tica: cada objeto debe tener su lugar, el almacenaje cerrado suaviza el conjunto y la decoraci\u00f3n se selecciona con intenci\u00f3n. Organizar no implica vaciar, sino crear armon\u00eda visual y funcional duradera.<\/p>\n\n\n\n<div style=\"height:25px\" aria-hidden=\"true\" class=\"wp-block-spacer\"><\/div>\n\n\n\n<h2 class=\"wp-block-heading\"><span class=\"ez-toc-section\" id=\"4_Como_decorar_un_microapartamento_para_que_sea_acogedor\"><\/span>4. C\u00f3mo decorar un microapartamento para que sea acogedor<span class=\"ez-toc-section-end\"><\/span><\/h2>\n\n\n\n<h3 class=\"wp-block-heading\"><span class=\"ez-toc-section\" id=\"Colores_que_amplian\"><\/span>Colores que ampl\u00edan<span class=\"ez-toc-section-end\"><\/span><\/h3>\n\n\n\n<p class=\"has-medium-font-size wp-block-paragraph\">En el microliving, el color es la primera herramienta para ganar amplitud visual sin mover un solo tabique. Los tonos claros act\u00faan como base luminosa y expanden las paredes, mientras las paletas neutras aportan continuidad elegante. Un \u00fanico color protagonista, bien dosificado, introduce car\u00e1cter y profundidad sin saturar.<\/p>\n\n\n\n<h3 class=\"wp-block-heading\"><span class=\"ez-toc-section\" id=\"Iluminacion_estrategica\"><\/span>Iluminaci\u00f3n estrat\u00e9gica<span class=\"ez-toc-section-end\"><\/span><\/h3>\n\n\n\n<p class=\"has-medium-font-size wp-block-paragraph\">La luz transforma por completo la percepci\u00f3n del espacio en cualquier proyecto de microliving. La iluminaci\u00f3n indirecta suaviza sombras y envuelve el ambiente con una sensaci\u00f3n acogedora, mientras las l\u00e1mparas regulables permiten adaptar la atm\u00f3sfera a cada momento del d\u00eda. Los espejos, estrat\u00e9gicamente situados, multiplican la luz natural.<\/p>\n\n\n\n<h3 class=\"wp-block-heading\"><span class=\"ez-toc-section\" id=\"Materiales_naturales\"><\/span>Materiales naturales<span class=\"ez-toc-section-end\"><\/span><\/h3>\n\n\n\n<p class=\"has-medium-font-size wp-block-paragraph\">La elecci\u00f3n de materiales define la calidez en el microliving. La madera en tonos medios aporta equilibrio y textura, la piedra introduce car\u00e1cter atemporal y los textiles org\u00e1nicos suavizan las l\u00edneas del mobiliario. Estas materias primas, adem\u00e1s de sostenibles, generan bienestar sensorial y conectan el interior con la naturaleza.<\/p>\n\n\n\n<h3 class=\"wp-block-heading\"><span class=\"ez-toc-section\" id=\"Decoracion_con_intencion\"><\/span>Decoraci\u00f3n con intenci\u00f3n<span class=\"ez-toc-section-end\"><\/span><\/h3>\n\n\n\n<p class=\"has-medium-font-size wp-block-paragraph\">En el microliving, decorar no significa acumular, sino seleccionar con criterio. Mejor pocas piezas, pero significativas: arte en la pared para liberar superficies, plantas que aporten frescura y textiles que envuelvan el espacio. El equilibrio entre funcionalidad y personalidad convierte cada rinc\u00f3n en un refugio.<\/p>\n\n\n\n<div style=\"height:25px\" aria-hidden=\"true\" class=\"wp-block-spacer\"><\/div>\n\n\n\n<h2 class=\"wp-block-heading\"><span class=\"ez-toc-section\" id=\"5_Tecnologia_y_diseno_inteligente\"><\/span>5. Tecnolog\u00eda y dise\u00f1o inteligente<span class=\"ez-toc-section-end\"><\/span><\/h2>\n\n\n\n<p class=\"has-medium-font-size wp-block-paragraph\">El microliving moderno no es fruto de la improvisaci\u00f3n, sino de una <strong>planificaci\u00f3n minuciosa donde cada cent\u00edmetro responde a una intenci\u00f3n clara<\/strong>. La sofisticaci\u00f3n se percibe en soluciones discretas, integradas con elegancia, que convierten espacios reducidos en interiores funcionales, equilibrados y visualmente serenos, sin renunciar a personalidad.<\/p>\n\n\n\n<p class=\"has-medium-font-size wp-block-paragraph\">Los <strong>electrodom\u00e9sticos compactos son aliados imprescindibles<\/strong> en cualquier proyecto de microliving. Frigor\u00edficos integrables, placas modulares, hornos multifunci\u00f3n o lavadoras de fondo reducido permiten equipar la vivienda con todas las prestaciones, manteniendo una est\u00e9tica limpia y continua que evita la saturaci\u00f3n visual y potencia la armon\u00eda del conjunto.<\/p>\n\n\n\n<p class=\"has-medium-font-size wp-block-paragraph\">La <strong>iluminaci\u00f3n regulable<\/strong> transforma por completo la percepci\u00f3n del espacio. En el microliving, combinar luz general con puntos indirectos y l\u00e1mparas auxiliares regulables permite adaptar la atm\u00f3sfera a cada momento del d\u00eda. Esta flexibilidad lum\u00ednica ampl\u00eda visualmente las estancias y aporta una sensaci\u00f3n envolvente de confort.<\/p>\n\n\n\n<p class=\"has-medium-font-size wp-block-paragraph\">Las <strong>soluciones dom\u00f3ticas b\u00e1sicas (control de luces, climatizaci\u00f3n eficiente o persianas automatizadas)<\/strong> elevan la experiencia cotidiana sin complejidad innecesaria. A ello se suman materiales resistentes y f\u00e1ciles de mantener, como superficies compactas o maderas tratadas, que garantizan durabilidad y calidez en cualquier propuesta de microliving contempor\u00e1neo.<\/p>\n\n\n\n<div style=\"height:25px\" aria-hidden=\"true\" class=\"wp-block-spacer\"><\/div>\n\n\n\n<figure class=\"wp-block-image alignfull size-full\"><img decoding=\"async\" width=\"2392\" height=\"1344\" src=\"https:\/\/mueblesdetena.es\/wp-content\/uploads\/2026\/03\/microliving-3.jpg\" alt=\"microliving\" class=\"wp-image-44368\" srcset=\"https:\/\/mueblesdetena.es\/wp-content\/uploads\/2026\/03\/microliving-3.jpg 2392w, https:\/\/mueblesdetena.es\/wp-content\/uploads\/2026\/03\/microliving-3-300x169.jpg 300w, https:\/\/mueblesdetena.es\/wp-content\/uploads\/2026\/03\/microliving-3-1024x575.jpg 1024w, https:\/\/mueblesdetena.es\/wp-content\/uploads\/2026\/03\/microliving-3-768x432.jpg 768w, https:\/\/mueblesdetena.es\/wp-content\/uploads\/2026\/03\/microliving-3-1536x863.jpg 1536w, https:\/\/mueblesdetena.es\/wp-content\/uploads\/2026\/03\/microliving-3-2048x1151.jpg 2048w, https:\/\/mueblesdetena.es\/wp-content\/uploads\/2026\/03\/microliving-3-600x337.jpg 600w\" sizes=\"(max-width: 2392px) 100vw, 2392px\" \/><\/figure>\n\n\n\n<div style=\"height:25px\" aria-hidden=\"true\" class=\"wp-block-spacer\"><\/div>\n\n\n\n<h2 class=\"wp-block-heading\"><span class=\"ez-toc-section\" id=\"6_%C2%BFModa_aspiracional_o_consecuencia_economica\"><\/span>6. \u00bfModa aspiracional o consecuencia econ\u00f3mica?<span class=\"ez-toc-section-end\"><\/span><\/h2>\n\n\n\n<p class=\"has-medium-font-size wp-block-paragraph\">El debate en torno al microliving est\u00e1 m\u00e1s vivo que nunca. En la \u00faltima d\u00e9cada, el encarecimiento sostenido de la vivienda en Europa ha reducido el acceso a pisos amplios, impulsando formatos m\u00e1s compactos. <strong>Para muchos compradores, estas viviendas no representan una tendencia est\u00e9tica, sino una puerta realista a la propiedad<\/strong>.<\/p>\n\n\n\n<p class=\"has-medium-font-size wp-block-paragraph\">Algunas voces cuestionan que el microliving se presente como un estilo de vida elegido libremente cuando, <strong>en determinados contextos, responde a limitaciones econ\u00f3micas evidentes<\/strong>. Sin embargo, ser\u00eda simplista reducirlo \u00fanicamente a una cuesti\u00f3n de presupuesto. La transformaci\u00f3n demogr\u00e1fica y laboral tambi\u00e9n ha redefinido nuestras necesidades habitacionales.<\/p>\n\n\n\n<p class=\"has-medium-font-size wp-block-paragraph\">Hoy proliferan los hogares unipersonales, la movilidad internacional y las trayectorias profesionales cambiantes. <strong>En un escenario din\u00e1mico, el microliving encaja con quienes priorizan ubicaci\u00f3n, eficiencia y libertad frente a metros cuadrados<\/strong>. M\u00e1s que una moda pasajera, refleja una nueva manera de habitar la ciudad contempor\u00e1nea.<\/p>\n\n\n\n<div style=\"height:25px\" aria-hidden=\"true\" class=\"wp-block-spacer\"><\/div>\n\n\n\n<h2 class=\"wp-block-heading\"><span class=\"ez-toc-section\" id=\"El_futuro_no_es_mas_grande_es_mas_inteligente\"><\/span>El futuro no es m\u00e1s grande, es m\u00e1s inteligente<span class=\"ez-toc-section-end\"><\/span><\/h2>\n\n\n\n<p class=\"has-medium-font-size wp-block-paragraph\">Las ciudades contin\u00faan expandi\u00e9ndose mientras el espacio habitable se vuelve cada vez m\u00e1s limitado y valioso. En este contexto, el microliving surge como una respuesta coherente y sofisticada, donde la calidad de vida no se mide en metros cuadrados, sino en c\u00f3mo se dise\u00f1an, organizan y experimentan los espacios.<\/p>\n\n\n\n<p class=\"has-medium-font-size wp-block-paragraph\">Un piso peque\u00f1o bien planteado puede ofrecer una sensaci\u00f3n de amplitud sorprendente cuando la distribuci\u00f3n est\u00e1 pensada al mil\u00edmetro. En el microliving, cada elemento cumple una funci\u00f3n concreta y dialoga con el conjunto, evitando rincones residuales y potenciando la fluidez visual que transforma la percepci\u00f3n del hogar.<\/p>\n\n\n\n<p class=\"has-medium-font-size wp-block-paragraph\">El mobiliario adquiere entonces un papel protagonista. Piezas vers\u00e1tiles, modulares o transformables permiten que un mismo ambiente evolucione a lo largo del d\u00eda. En una vivienda inspirada en el microliving, una mesa se extiende para recibir invitados y se repliega para liberar paso, adapt\u00e1ndose con naturalidad.<\/p>\n\n\n\n<p class=\"has-medium-font-size wp-block-paragraph\">La organizaci\u00f3n tambi\u00e9n define el car\u00e1cter del espacio. Sistemas de almacenaje integrados, soluciones verticales y m\u00f3dulos cerrados reducen el ruido visual y favorecen una atm\u00f3sfera serena. El microliving apuesta por interiores despejados donde la luz, los materiales y las proporciones trabajan en armon\u00eda constante.<\/p>\n\n\n\n<p class=\"has-medium-font-size wp-block-paragraph\">Vivir mejor no implica acumular m\u00e1s, sino elegir con criterio. El microliving propone hogares coherentes, c\u00e1lidos y funcionales, donde el dise\u00f1o inteligente sustituye al exceso. As\u00ed, la planificaci\u00f3n cuidadosa y el mobiliario adecuado se convierten en aliados imprescindibles para construir espacios equilibrados, actuales y plenamente habitables.<\/p>","protected":false},"excerpt":{"rendered":"<p>El microliving ha dejado de ser una rareza arquitect\u00f3nica para convertirse en una respuesta elegante y contempor\u00e1nea a la vida urbana. En ciudades donde el precio de la vivienda crece sin tregua y el espacio escasea, apostar por menos metros no implica renunciar al confort, sino redefinirlo con inteligencia. Este enfoque conecta con una transformaci\u00f3n [&hellip;]<\/p>\n","protected":false},"author":618,"featured_media":44364,"comment_status":"closed","ping_status":"closed","sticky":false,"template":"","format":"standard","meta":{"site-sidebar-layout":"default","site-content-layout":"","ast-site-content-layout":"default","site-content-style":"default","site-sidebar-style":"default","ast-global-header-display":"","ast-banner-title-visibility":"","ast-main-header-display":"","ast-hfb-above-header-display":"","ast-hfb-below-header-display":"","ast-hfb-mobile-header-display":"","site-post-title":"","ast-breadcrumbs-content":"","ast-featured-img":"","footer-sml-layout":"","ast-disable-related-posts":"","theme-transparent-header-meta":"","adv-header-id-meta":"","stick-header-meta":"","header-above-stick-meta":"","header-main-stick-meta":"","header-below-stick-meta":"","astra-migrate-meta-layouts":"set","ast-page-background-enabled":"default","ast-page-background-meta":{"desktop":{"background-color":"var(--ast-global-color-4)","background-image":"","background-repeat":"repeat","background-position":"center center","background-size":"auto","background-attachment":"scroll","background-type":"","background-media":"","overlay-type":"","overlay-color":"","overlay-opacity":"","overlay-gradient":""},"tablet":{"background-color":"","background-image":"","background-repeat":"repeat","background-position":"center center","background-size":"auto","background-attachment":"scroll","background-type":"","background-media":"","overlay-type":"","overlay-color":"","overlay-opacity":"","overlay-gradient":""},"mobile":{"background-color":"","background-image":"","background-repeat":"repeat","background-position":"center center","background-size":"auto","background-attachment":"scroll","background-type":"","background-media":"","overlay-type":"","overlay-color":"","overlay-opacity":"","overlay-gradient":""}},"ast-content-background-meta":{"desktop":{"background-color":"var(--ast-global-color-5)","background-image":"","background-repeat":"repeat","background-position":"center center","background-size":"auto","background-attachment":"scroll","background-type":"","background-media":"","overlay-type":"","overlay-color":"","overlay-opacity":"","overlay-gradient":""},"tablet":{"background-color":"var(--ast-global-color-5)","background-image":"","background-repeat":"repeat","background-position":"center center","background-size":"auto","background-attachment":"scroll","background-type":"","background-media":"","overlay-type":"","overlay-color":"","overlay-opacity":"","overlay-gradient":""},"mobile":{"background-color":"var(--ast-global-color-5)","background-image":"","background-repeat":"repeat","background-position":"center center","background-size":"auto","background-attachment":"scroll","background-type":"","background-media":"","overlay-type":"","overlay-color":"","overlay-opacity":"","overlay-gradient":""}},"_joinchat":[],"footnotes":""},"categories":[1],"tags":[],"class_list":["post-44362","post","type-post","status-publish","format-standard","has-post-thumbnail","hentry","category-sin-categoria"],"_links":{"self":[{"href":"https:\/\/mueblesdetena.es\/ru_ru\/wp-json\/wp\/v2\/posts\/44362","targetHints":{"allow":["GET"]}}],"collection":[{"href":"https:\/\/mueblesdetena.es\/ru_ru\/wp-json\/wp\/v2\/posts"}],"about":[{"href":"https:\/\/mueblesdetena.es\/ru_ru\/wp-json\/wp\/v2\/types\/post"}],"author":[{"embeddable":true,"href":"https:\/\/mueblesdetena.es\/ru_ru\/wp-json\/wp\/v2\/users\/618"}],"replies":[{"embeddable":true,"href":"https:\/\/mueblesdetena.es\/ru_ru\/wp-json\/wp\/v2\/comments?post=44362"}],"version-history":[{"count":3,"href":"https:\/\/mueblesdetena.es\/ru_ru\/wp-json\/wp\/v2\/posts\/44362\/revisions"}],"predecessor-version":[{"id":44369,"href":"https:\/\/mueblesdetena.es\/ru_ru\/wp-json\/wp\/v2\/posts\/44362\/revisions\/44369"}],"wp:featuredmedia":[{"embeddable":true,"href":"https:\/\/mueblesdetena.es\/ru_ru\/wp-json\/wp\/v2\/media\/44364"}],"wp:attachment":[{"href":"https:\/\/mueblesdetena.es\/ru_ru\/wp-json\/wp\/v2\/media?parent=44362"}],"wp:term":[{"taxonomy":"category","embeddable":true,"href":"https:\/\/mueblesdetena.es\/ru_ru\/wp-json\/wp\/v2\/categories?post=44362"},{"taxonomy":"post_tag","embeddable":true,"href":"https:\/\/mueblesdetena.es\/ru_ru\/wp-json\/wp\/v2\/tags?post=44362"}],"curies":[{"name":"wp","href":"https:\/\/api.w.org\/{rel}","templated":true}]}}