{"id":44902,"date":"2026-04-04T13:42:44","date_gmt":"2026-04-04T11:42:44","guid":{"rendered":"https:\/\/mueblesdetena.es\/?p=44902"},"modified":"2026-04-07T12:56:58","modified_gmt":"2026-04-07T10:56:58","slug":"cama-abatible-de-matrimonio-horizontal-o-vertical-ventajas-y-desventajas-que-debes-conocer","status":"publish","type":"post","link":"https:\/\/mueblesdetena.es\/ru_ru\/cama-abatible-de-matrimonio-horizontal-o-vertical-ventajas-y-desventajas-que-debes-conocer\/","title":{"rendered":"Cama abatible de matrimonio: \u00bfhorizontal o vertical? Ventajas y desventajas que debes conocer"},"content":{"rendered":"<p class=\"has-medium-font-size wp-block-paragraph\">\u0412 <strong>Muebles Detena, tu tienda de muebles en Badalona especializada en camas abatibles<\/strong>, sabemos que elegir entre una cama abatible de matrimonio horizontal o vertical no es solo una cuesti\u00f3n est\u00e9tica, sino una decisi\u00f3n clave para optimizar el espacio, la comodidad y la funcionalidad del hogar.<\/p>\n\n\n\n<p class=\"has-medium-font-size wp-block-paragraph\">Si est\u00e1s pensando en comprar una <strong>cama abatible de matrimonio<\/strong>, en esta gu\u00eda te explicamos de forma clara las diferencias, ventajas y desventajas de cada sistema para ayudarte a tomar la mejor decisi\u00f3n.<\/p>\n\n\n\n<div style=\"height:25px\" aria-hidden=\"true\" class=\"wp-block-spacer\"><\/div>\n\n\n\n<div id=\"ez-toc-container\" class=\"ez-toc-v2_0_85 counter-hierarchy ez-toc-counter ez-toc-grey ez-toc-container-direction\">\n<div class=\"ez-toc-title-container\">\n<p class=\"ez-toc-title\" style=\"cursor:inherit\">Table of Contents<\/p>\n<span class=\"ez-toc-title-toggle\"><a href=\"#\" class=\"ez-toc-pull-right ez-toc-btn ez-toc-btn-xs ez-toc-btn-default ez-toc-toggle\" aria-label=\"Toggle Table of Content\"><span class=\"ez-toc-js-icon-con\"><span class=\"\"><span class=\"eztoc-hide\" style=\"display:none;\">Toggle<\/span><span class=\"ez-toc-icon-toggle-span\"><svg style=\"fill: #999;color:#999\" xmlns=\"http:\/\/www.w3.org\/2000\/svg\" class=\"list-377408\" width=\"20px\" height=\"20px\" viewbox=\"0 0 24 24\" fill=\"none\"><path d=\"M6 6H4v2h2V6zm14 0H8v2h12V6zM4 11h2v2H4v-2zm16 0H8v2h12v-2zM4 16h2v2H4v-2zm16 0H8v2h12v-2z\" fill=\"currentColor\"><\/path><\/svg><svg style=\"fill: #999;color:#999\" class=\"arrow-unsorted-368013\" xmlns=\"http:\/\/www.w3.org\/2000\/svg\" width=\"10px\" height=\"10px\" viewbox=\"0 0 24 24\" version=\"1.2\" baseprofile=\"tiny\"><path d=\"M18.2 9.3l-6.2-6.3-6.2 6.3c-.2.2-.3.4-.3.7s.1.5.3.7c.2.2.4.3.7.3h11c.3 0 .5-.1.7-.3.2-.2.3-.5.3-.7s-.1-.5-.3-.7zM5.8 14.7l6.2 6.3 6.2-6.3c.2-.2.3-.5.3-.7s-.1-.5-.3-.7c-.2-.2-.4-.3-.7-.3h-11c-.3 0-.5.1-.7.3-.2.2-.3.5-.3.7s.1.5.3.7z\"\/><\/svg><\/span><\/span><\/span><\/a><\/span><\/div>\n<nav><ul class='ez-toc-list ez-toc-list-level-1' ><li class='ez-toc-page-1 ez-toc-heading-level-2'><a class=\"ez-toc-link ez-toc-heading-1\" href=\"https:\/\/mueblesdetena.es\/ru_ru\/cama-abatible-de-matrimonio-horizontal-o-vertical-ventajas-y-desventajas-que-debes-conocer\/#%C2%BFQue_es_una_cama_abatible_de_matrimonio\" >\u00bfQu\u00e9 es una cama abatible de matrimonio?<\/a><\/li><li class='ez-toc-page-1 ez-toc-heading-level-2'><a class=\"ez-toc-link ez-toc-heading-2\" href=\"https:\/\/mueblesdetena.es\/ru_ru\/cama-abatible-de-matrimonio-horizontal-o-vertical-ventajas-y-desventajas-que-debes-conocer\/#Cama_abatible_vertical_ventajas_y_desventajas\" >Cama abatible vertical: ventajas y desventajas<\/a><ul class='ez-toc-list-level-3' ><li class='ez-toc-heading-level-3'><a class=\"ez-toc-link ez-toc-heading-3\" href=\"https:\/\/mueblesdetena.es\/ru_ru\/cama-abatible-de-matrimonio-horizontal-o-vertical-ventajas-y-desventajas-que-debes-conocer\/#%E2%9C%85_Ventajas_de_la_cama_abatible_vertical\" >\u2705 Ventajas de la cama abatible vertical<\/a><\/li><li class='ez-toc-page-1 ez-toc-heading-level-3'><a class=\"ez-toc-link ez-toc-heading-4\" href=\"https:\/\/mueblesdetena.es\/ru_ru\/cama-abatible-de-matrimonio-horizontal-o-vertical-ventajas-y-desventajas-que-debes-conocer\/#%E2%9D%8C_Desventajas_de_la_cama_abatible_vertical\" >\u274c Desventajas de la cama abatible vertical<\/a><\/li><\/ul><\/li><li class='ez-toc-page-1 ez-toc-heading-level-2'><a class=\"ez-toc-link ez-toc-heading-5\" href=\"https:\/\/mueblesdetena.es\/ru_ru\/cama-abatible-de-matrimonio-horizontal-o-vertical-ventajas-y-desventajas-que-debes-conocer\/#Cama_abatible_horizontal_ventajas_y_desventajas\" >Cama abatible horizontal: ventajas y desventajas<\/a><ul class='ez-toc-list-level-3' ><li class='ez-toc-heading-level-3'><a class=\"ez-toc-link ez-toc-heading-6\" href=\"https:\/\/mueblesdetena.es\/ru_ru\/cama-abatible-de-matrimonio-horizontal-o-vertical-ventajas-y-desventajas-que-debes-conocer\/#%E2%9C%85_Ventajas_de_la_cama_abatible_horizontal\" >\u2705 Ventajas de la cama abatible horizontal<\/a><\/li><li class='ez-toc-page-1 ez-toc-heading-level-3'><a class=\"ez-toc-link ez-toc-heading-7\" href=\"https:\/\/mueblesdetena.es\/ru_ru\/cama-abatible-de-matrimonio-horizontal-o-vertical-ventajas-y-desventajas-que-debes-conocer\/#%E2%9D%8C_Desventajas_de_la_cama_abatible_horizontal\" >\u274c Desventajas de la cama abatible horizontal<\/a><\/li><\/ul><\/li><li class='ez-toc-page-1 ez-toc-heading-level-2'><a class=\"ez-toc-link ez-toc-heading-8\" href=\"https:\/\/mueblesdetena.es\/ru_ru\/cama-abatible-de-matrimonio-horizontal-o-vertical-ventajas-y-desventajas-que-debes-conocer\/#%C2%BFCual_elegir_cama_abatible_horizontal_o_vertical\" >\u00bfCu\u00e1l elegir: cama abatible horizontal o vertical?<\/a><ul class='ez-toc-list-level-3' ><li class='ez-toc-heading-level-3'><a class=\"ez-toc-link ez-toc-heading-9\" href=\"https:\/\/mueblesdetena.es\/ru_ru\/cama-abatible-de-matrimonio-horizontal-o-vertical-ventajas-y-desventajas-que-debes-conocer\/#%F0%9F%91%89_Elige_cama_abatible_vertical_si\" >\ud83d\udc49 Elige cama abatible vertical si:<\/a><\/li><li class='ez-toc-page-1 ez-toc-heading-level-3'><a class=\"ez-toc-link ez-toc-heading-10\" href=\"https:\/\/mueblesdetena.es\/ru_ru\/cama-abatible-de-matrimonio-horizontal-o-vertical-ventajas-y-desventajas-que-debes-conocer\/#%F0%9F%91%89_Elige_cama_abatible_horizontal_si\" >\ud83d\udc49 Elige cama abatible horizontal si:<\/a><\/li><\/ul><\/li><li class='ez-toc-page-1 ez-toc-heading-level-2'><a class=\"ez-toc-link ez-toc-heading-11\" href=\"https:\/\/mueblesdetena.es\/ru_ru\/cama-abatible-de-matrimonio-horizontal-o-vertical-ventajas-y-desventajas-que-debes-conocer\/#Recomendacion_de_expertos_en_camas_abatibles_en_Badalona\" >Recomendaci\u00f3n de expertos en camas abatibles en Badalona<\/a><\/li><li class='ez-toc-page-1 ez-toc-heading-level-2'><a class=\"ez-toc-link ez-toc-heading-12\" href=\"https:\/\/mueblesdetena.es\/ru_ru\/cama-abatible-de-matrimonio-horizontal-o-vertical-ventajas-y-desventajas-que-debes-conocer\/#Conclusion\" >Conclusi\u00f3n<\/a><\/li><\/ul><\/nav><\/div>\n<h2 class=\"wp-block-heading\"><span class=\"ez-toc-section\" id=\"%C2%BFQue_es_una_cama_abatible_de_matrimonio\"><\/span>\u00bfQu\u00e9 es una cama abatible de matrimonio?<span class=\"ez-toc-section-end\"><\/span><\/h2>\n\n\n\n<p class=\"has-medium-font-size wp-block-paragraph\">Una <strong>cama abatible de matrimonio<\/strong> es una soluci\u00f3n funcional que permite plegar la cama contra la pared cuando no se utiliza, liberando espacio en la habitaci\u00f3n. Es ideal para:<\/p>\n\n\n\n<ul class=\"wp-block-list\">\n<li class=\"has-medium-font-size\">Pisos peque\u00f1os<\/li>\n\n\n\n<li class=\"has-medium-font-size\">Estudios<\/li>\n\n\n\n<li class=\"has-medium-font-size\">Habitaciones multifuncionales<\/li>\n\n\n\n<li class=\"has-medium-font-size\">Viviendas en ciudades como Badalona o Barcelona donde el espacio es limitado<\/li>\n<\/ul>\n\n\n\n<p class=\"has-medium-font-size wp-block-paragraph\">Existen dos tipos principales:<\/p>\n\n\n\n<ul class=\"wp-block-list\">\n<li class=\"has-medium-font-size\"><strong>Cama abatible vertical<\/strong><\/li>\n\n\n\n<li class=\"has-medium-font-size\"><strong>Cama abatible horizontal<\/strong><\/li>\n<\/ul>\n\n\n\n<div style=\"height:25px\" aria-hidden=\"true\" class=\"wp-block-spacer\"><\/div>\n\n\n\n<h2 class=\"wp-block-heading\"><span class=\"ez-toc-section\" id=\"Cama_abatible_vertical_ventajas_y_desventajas\"><\/span>Cama abatible vertical: ventajas y desventajas<span class=\"ez-toc-section-end\"><\/span><\/h2>\n\n\n\n<h3 class=\"wp-block-heading\"><span class=\"ez-toc-section\" id=\"%E2%9C%85_Ventajas_de_la_cama_abatible_vertical\"><\/span>\u2705 Ventajas de la cama abatible vertical<span class=\"ez-toc-section-end\"><\/span><\/h3>\n\n\n\n<ol class=\"wp-block-list\">\n<li class=\"has-medium-font-size\"><strong>Aprovecha mejor la altura<\/strong>\n<ul class=\"wp-block-list\">\n<li>Ideal para techos altos<\/li>\n\n\n\n<li>Permite incluir armarios o m\u00f3dulos laterales<\/li>\n<\/ul>\n<\/li>\n\n\n\n<li class=\"has-medium-font-size\"><strong>Sensaci\u00f3n de cama tradicional<\/strong>\n<ul class=\"wp-block-list\">\n<li class=\"has-medium-font-size\">Se duerme igual que en una cama fija<\/li>\n\n\n\n<li class=\"has-medium-font-size\">M\u00e1s c\u00f3moda para uso diario<\/li>\n<\/ul>\n<\/li>\n\n\n\n<li class=\"has-medium-font-size\"><strong>Mejor para colchones gruesos<\/strong>\n<ul class=\"wp-block-list\">\n<li>Mayor estabilidad y soporte<\/li>\n<\/ul>\n<\/li>\n\n\n\n<li class=\"has-medium-font-size\"><strong>Dise\u00f1o m\u00e1s elegante y completo<\/strong>\n<ul class=\"wp-block-list\">\n<li class=\"has-medium-font-size\">Perfecta para dormitorios principales<\/li>\n<\/ul>\n<\/li>\n<\/ol>\n\n\n\n<div style=\"height:25px\" aria-hidden=\"true\" class=\"wp-block-spacer\"><\/div>\n\n\n\n<h3 class=\"wp-block-heading\"><span class=\"ez-toc-section\" id=\"%E2%9D%8C_Desventajas_de_la_cama_abatible_vertical\"><\/span>\u274c Desventajas de la cama abatible vertical<span class=\"ez-toc-section-end\"><\/span><\/h3>\n\n\n\n<ol class=\"wp-block-list\">\n<li class=\"has-medium-font-size\"><strong>Necesita m\u00e1s espacio frontal<\/strong>\n<ul class=\"wp-block-list\">\n<li>Requiere m\u00e1s distancia al abrirse<\/li>\n<\/ul>\n<\/li>\n\n\n\n<li class=\"has-medium-font-size\"><strong>Altura m\u00ednima necesaria<\/strong>\n<ul class=\"wp-block-list\">\n<li>No recomendable para techos bajos<\/li>\n<\/ul>\n<\/li>\n\n\n\n<li class=\"has-medium-font-size\"><strong>M\u00e1s peso al abrir<\/strong>\n<ul class=\"wp-block-list\">\n<li>Aunque los sistemas actuales lo compensan, puede ser menos c\u00f3moda para algunas personas<\/li>\n<\/ul>\n<\/li>\n<\/ol>\n\n\n\n<div style=\"height:25px\" aria-hidden=\"true\" class=\"wp-block-spacer\"><\/div>\n\n\n\n<h2 class=\"wp-block-heading\"><span class=\"ez-toc-section\" id=\"Cama_abatible_horizontal_ventajas_y_desventajas\"><\/span>Cama abatible horizontal: ventajas y desventajas<span class=\"ez-toc-section-end\"><\/span><\/h2>\n\n\n\n<h3 class=\"wp-block-heading\"><span class=\"ez-toc-section\" id=\"%E2%9C%85_Ventajas_de_la_cama_abatible_horizontal\"><\/span>\u2705 Ventajas de la cama abatible horizontal<span class=\"ez-toc-section-end\"><\/span><\/h3>\n\n\n\n<ol class=\"wp-block-list\">\n<li class=\"has-medium-font-size\"><strong>Ideal para espacios bajos o techos bajos<\/strong>\n<ul class=\"wp-block-list\">\n<li>Perfecta para \u00e1ticos o habitaciones con limitaciones<\/li>\n<\/ul>\n<\/li>\n\n\n\n<li class=\"has-medium-font-size\"><strong>Menor espacio de apertura<\/strong>\n<ul class=\"wp-block-list\">\n<li>Se abre lateralmente, ocupando menos profundidad<\/li>\n<\/ul>\n<\/li>\n\n\n\n<li class=\"has-medium-font-size\"><strong>M\u00e1s f\u00e1cil de manejar<\/strong>\n<ul class=\"wp-block-list\">\n<li>Generalmente m\u00e1s ligera<\/li>\n<\/ul>\n<\/li>\n\n\n\n<li class=\"has-medium-font-size\"><strong>Perfecta para habitaciones juveniles o segundas residencias<\/strong>\n<ul class=\"wp-block-list\">\n<li>Uso ocasional o multifuncional<\/li>\n<\/ul>\n<\/li>\n<\/ol>\n\n\n\n<div style=\"height:25px\" aria-hidden=\"true\" class=\"wp-block-spacer\"><\/div>\n\n\n\n<h3 class=\"wp-block-heading\"><span class=\"ez-toc-section\" id=\"%E2%9D%8C_Desventajas_de_la_cama_abatible_horizontal\"><\/span>\u274c Desventajas de la cama abatible horizontal<span class=\"ez-toc-section-end\"><\/span><\/h3>\n\n\n\n<ol class=\"wp-block-list\">\n<li class=\"has-medium-font-size\"><strong>Menor sensaci\u00f3n de cama convencional<\/strong>\n<ul class=\"wp-block-list\">\n<li>Puede resultar menos c\u00f3moda para uso diario<\/li>\n<\/ul>\n<\/li>\n\n\n\n<li class=\"has-medium-font-size\"><strong>Limitaci\u00f3n en el tama\u00f1o del colch\u00f3n<\/strong>\n<ul class=\"wp-block-list\">\n<li>No siempre admite colchones muy gruesos<\/li>\n<\/ul>\n<\/li>\n\n\n\n<li class=\"has-medium-font-size\"><strong>Menor aprovechamiento vertical<\/strong>\n<ul class=\"wp-block-list\">\n<li>Pierdes espacio de almacenamiento en altura<\/li>\n<\/ul>\n<\/li>\n<\/ol>\n\n\n\n<div style=\"height:25px\" aria-hidden=\"true\" class=\"wp-block-spacer\"><\/div>\n\n\n\n<h2 class=\"wp-block-heading\"><span class=\"ez-toc-section\" id=\"%C2%BFCual_elegir_cama_abatible_horizontal_o_vertical\"><\/span>\u00bfCu\u00e1l elegir: cama abatible horizontal o vertical?<span class=\"ez-toc-section-end\"><\/span><\/h2>\n\n\n\n<p class=\"has-medium-font-size wp-block-paragraph\">La elecci\u00f3n depende de varios factores:<\/p>\n\n\n\n<h3 class=\"wp-block-heading\"><span class=\"ez-toc-section\" id=\"%F0%9F%91%89_Elige_cama_abatible_vertical_si\"><\/span>\ud83d\udc49 Elige cama abatible vertical si:<span class=\"ez-toc-section-end\"><\/span><\/h3>\n\n\n\n<ul class=\"wp-block-list\">\n<li class=\"has-medium-font-size\">La vas a usar todos los d\u00edas<\/li>\n\n\n\n<li class=\"has-medium-font-size\">Tienes suficiente altura y espacio frontal<\/li>\n\n\n\n<li class=\"has-medium-font-size\">Buscas m\u00e1xima comodidad<\/li>\n\n\n\n<li class=\"has-medium-font-size\">Quieres un dormitorio principal funcional<\/li>\n<\/ul>\n\n\n\n<h3 class=\"wp-block-heading\"><span class=\"ez-toc-section\" id=\"%F0%9F%91%89_Elige_cama_abatible_horizontal_si\"><\/span>\ud83d\udc49 Elige cama abatible horizontal si:<span class=\"ez-toc-section-end\"><\/span><\/h3>\n\n\n\n<ul class=\"wp-block-list\">\n<li class=\"has-medium-font-size\">Tienes poco espacio o techos bajos<\/li>\n\n\n\n<li class=\"has-medium-font-size\">Es para uso ocasional<\/li>\n\n\n\n<li class=\"has-medium-font-size\">Quieres una soluci\u00f3n m\u00e1s ligera y pr\u00e1ctica<\/li>\n\n\n\n<li class=\"has-medium-font-size\">Es una habitaci\u00f3n secundaria o juvenil<\/li>\n<\/ul>\n\n\n\n<div style=\"height:25px\" aria-hidden=\"true\" class=\"wp-block-spacer\"><\/div>\n\n\n\n<h2 class=\"wp-block-heading\"><span class=\"ez-toc-section\" id=\"Recomendacion_de_expertos_en_camas_abatibles_en_Badalona\"><\/span>Recomendaci\u00f3n de expertos en camas abatibles en Badalona<span class=\"ez-toc-section-end\"><\/span><\/h2>\n\n\n\n<p class=\"has-medium-font-size wp-block-paragraph\">\u0412 <strong>Muebles Detena<\/strong>, recomendamos siempre analizar el espacio antes de decidir. Cada vivienda es diferente, y una mala elecci\u00f3n puede afectar tanto al confort como a la funcionalidad.<\/p>\n\n\n\n<p class=\"has-medium-font-size wp-block-paragraph\">Por eso ofrecemos:<\/p>\n\n\n\n<ul class=\"wp-block-list\">\n<li class=\"has-medium-font-size\">Asesoramiento personalizado<\/li>\n\n\n\n<li class=\"has-medium-font-size\">Dise\u00f1o a medida<\/li>\n\n\n\n<li class=\"has-medium-font-size\">Instalaci\u00f3n profesional en Badalona y alrededores<\/li>\n<\/ul>\n\n\n\n<div style=\"height:25px\" aria-hidden=\"true\" class=\"wp-block-spacer\"><\/div>\n\n\n\n<h2 class=\"wp-block-heading\"><span class=\"ez-toc-section\" id=\"Conclusion\"><\/span>Conclusi\u00f3n<span class=\"ez-toc-section-end\"><\/span><\/h2>\n\n\n\n<p class=\"has-medium-font-size wp-block-paragraph\">No existe una opci\u00f3n mejor universalmente entre cama abatible horizontal o vertical. La clave est\u00e1 en adaptar la soluci\u00f3n a tu espacio y necesidades.<\/p>\n\n\n\n<p class=\"has-medium-font-size wp-block-paragraph\">Si buscas una <strong>tienda especializada en camas abatibles en Badalona<\/strong>, en Muebles Detena te ayudamos a encontrar la opci\u00f3n perfecta para tu hogar.<\/p>","protected":false},"excerpt":{"rendered":"<p>En Muebles Detena, tu tienda de muebles en Badalona especializada en camas abatibles, sabemos que elegir entre una cama abatible de matrimonio horizontal o vertical no es solo una cuesti\u00f3n est\u00e9tica, sino una decisi\u00f3n clave para optimizar el espacio, la comodidad y la funcionalidad del hogar. Si est\u00e1s pensando en comprar una cama abatible de [&hellip;]<\/p>\n","protected":false},"author":267,"featured_media":44903,"comment_status":"closed","ping_status":"closed","sticky":false,"template":"","format":"standard","meta":{"site-sidebar-layout":"default","site-content-layout":"","ast-site-content-layout":"default","site-content-style":"default","site-sidebar-style":"default","ast-global-header-display":"","ast-banner-title-visibility":"","ast-main-header-display":"","ast-hfb-above-header-display":"","ast-hfb-below-header-display":"","ast-hfb-mobile-header-display":"","site-post-title":"","ast-breadcrumbs-content":"","ast-featured-img":"","footer-sml-layout":"","ast-disable-related-posts":"","theme-transparent-header-meta":"","adv-header-id-meta":"","stick-header-meta":"","header-above-stick-meta":"","header-main-stick-meta":"","header-below-stick-meta":"","astra-migrate-meta-layouts":"set","ast-page-background-enabled":"default","ast-page-background-meta":{"desktop":{"background-color":"var(--ast-global-color-4)","background-image":"","background-repeat":"repeat","background-position":"center center","background-size":"auto","background-attachment":"scroll","background-type":"","background-media":"","overlay-type":"","overlay-color":"","overlay-opacity":"","overlay-gradient":""},"tablet":{"background-color":"","background-image":"","background-repeat":"repeat","background-position":"center center","background-size":"auto","background-attachment":"scroll","background-type":"","background-media":"","overlay-type":"","overlay-color":"","overlay-opacity":"","overlay-gradient":""},"mobile":{"background-color":"","background-image":"","background-repeat":"repeat","background-position":"center center","background-size":"auto","background-attachment":"scroll","background-type":"","background-media":"","overlay-type":"","overlay-color":"","overlay-opacity":"","overlay-gradient":""}},"ast-content-background-meta":{"desktop":{"background-color":"var(--ast-global-color-5)","background-image":"","background-repeat":"repeat","background-position":"center center","background-size":"auto","background-attachment":"scroll","background-type":"","background-media":"","overlay-type":"","overlay-color":"","overlay-opacity":"","overlay-gradient":""},"tablet":{"background-color":"var(--ast-global-color-5)","background-image":"","background-repeat":"repeat","background-position":"center center","background-size":"auto","background-attachment":"scroll","background-type":"","background-media":"","overlay-type":"","overlay-color":"","overlay-opacity":"","overlay-gradient":""},"mobile":{"background-color":"var(--ast-global-color-5)","background-image":"","background-repeat":"repeat","background-position":"center center","background-size":"auto","background-attachment":"scroll","background-type":"","background-media":"","overlay-type":"","overlay-color":"","overlay-opacity":"","overlay-gradient":""}},"_joinchat":[],"footnotes":""},"categories":[1],"tags":[88,121,96],"class_list":["post-44902","post","type-post","status-publish","format-standard","has-post-thumbnail","hentry","category-sin-categoria","tag-consejos","tag-espacio-pequenos","tag-muebles"],"_links":{"self":[{"href":"https:\/\/mueblesdetena.es\/ru_ru\/wp-json\/wp\/v2\/posts\/44902","targetHints":{"allow":["GET"]}}],"collection":[{"href":"https:\/\/mueblesdetena.es\/ru_ru\/wp-json\/wp\/v2\/posts"}],"about":[{"href":"https:\/\/mueblesdetena.es\/ru_ru\/wp-json\/wp\/v2\/types\/post"}],"author":[{"embeddable":true,"href":"https:\/\/mueblesdetena.es\/ru_ru\/wp-json\/wp\/v2\/users\/267"}],"replies":[{"embeddable":true,"href":"https:\/\/mueblesdetena.es\/ru_ru\/wp-json\/wp\/v2\/comments?post=44902"}],"version-history":[{"count":2,"href":"https:\/\/mueblesdetena.es\/ru_ru\/wp-json\/wp\/v2\/posts\/44902\/revisions"}],"predecessor-version":[{"id":44991,"href":"https:\/\/mueblesdetena.es\/ru_ru\/wp-json\/wp\/v2\/posts\/44902\/revisions\/44991"}],"wp:featuredmedia":[{"embeddable":true,"href":"https:\/\/mueblesdetena.es\/ru_ru\/wp-json\/wp\/v2\/media\/44903"}],"wp:attachment":[{"href":"https:\/\/mueblesdetena.es\/ru_ru\/wp-json\/wp\/v2\/media?parent=44902"}],"wp:term":[{"taxonomy":"category","embeddable":true,"href":"https:\/\/mueblesdetena.es\/ru_ru\/wp-json\/wp\/v2\/categories?post=44902"},{"taxonomy":"post_tag","embeddable":true,"href":"https:\/\/mueblesdetena.es\/ru_ru\/wp-json\/wp\/v2\/tags?post=44902"}],"curies":[{"name":"wp","href":"https:\/\/api.w.org\/{rel}","templated":true}]}}