{"id":44905,"date":"2026-04-04T13:58:04","date_gmt":"2026-04-04T11:58:04","guid":{"rendered":"https:\/\/mueblesdetena.es\/?p=44905"},"modified":"2026-04-07T12:48:16","modified_gmt":"2026-04-07T10:48:16","slug":"muebles-de-tena-los-mejores-precios-y-especialistas-en-camas-abatibles-en-barcelona","status":"publish","type":"post","link":"https:\/\/mueblesdetena.es\/ru_ru\/muebles-de-tena-los-mejores-precios-y-especialistas-en-camas-abatibles-en-barcelona\/","title":{"rendered":"Muebles Detena: los mejores precios y especialistas en camas abatibles en Barcelona"},"content":{"rendered":"<p class=\"has-medium-font-size wp-block-paragraph\">En un mercado cada vez m\u00e1s competitivo como el del mobiliario en Barcelona, encontrar una tienda que combine <strong>precio, calidad y profesionalidad real<\/strong> no siempre es sencillo. Por eso, en <strong>Muebles Detena<\/strong> hemos realizado un an\u00e1lisis exhaustivo de la competencia en toda el \u00e1rea de Barcelona y Catalu\u00f1a, con un objetivo claro: ofrecer a nuestros clientes <strong>las mejores condiciones del mercado en camas abatibles<\/strong>.<\/p>\n\n\n\n<div style=\"height:25px\" aria-hidden=\"true\" class=\"wp-block-spacer\"><\/div>\n\n\n\n<div id=\"ez-toc-container\" class=\"ez-toc-v2_0_85 counter-hierarchy ez-toc-counter ez-toc-grey ez-toc-container-direction\">\n<div class=\"ez-toc-title-container\">\n<p class=\"ez-toc-title\" style=\"cursor:inherit\">Table of Contents<\/p>\n<span class=\"ez-toc-title-toggle\"><a href=\"#\" class=\"ez-toc-pull-right ez-toc-btn ez-toc-btn-xs ez-toc-btn-default ez-toc-toggle\" aria-label=\"Toggle Table of Content\"><span class=\"ez-toc-js-icon-con\"><span class=\"\"><span class=\"eztoc-hide\" style=\"display:none;\">Toggle<\/span><span class=\"ez-toc-icon-toggle-span\"><svg style=\"fill: #999;color:#999\" xmlns=\"http:\/\/www.w3.org\/2000\/svg\" class=\"list-377408\" width=\"20px\" height=\"20px\" viewbox=\"0 0 24 24\" fill=\"none\"><path d=\"M6 6H4v2h2V6zm14 0H8v2h12V6zM4 11h2v2H4v-2zm16 0H8v2h12v-2zM4 16h2v2H4v-2zm16 0H8v2h12v-2z\" fill=\"currentColor\"><\/path><\/svg><svg style=\"fill: #999;color:#999\" class=\"arrow-unsorted-368013\" xmlns=\"http:\/\/www.w3.org\/2000\/svg\" width=\"10px\" height=\"10px\" viewbox=\"0 0 24 24\" version=\"1.2\" baseprofile=\"tiny\"><path d=\"M18.2 9.3l-6.2-6.3-6.2 6.3c-.2.2-.3.4-.3.7s.1.5.3.7c.2.2.4.3.7.3h11c.3 0 .5-.1.7-.3.2-.2.3-.5.3-.7s-.1-.5-.3-.7zM5.8 14.7l6.2 6.3 6.2-6.3c.2-.2.3-.5.3-.7s-.1-.5-.3-.7c-.2-.2-.4-.3-.7-.3h-11c-.3 0-.5.1-.7.3-.2.2-.3.5-.3.7s.1.5.3.7z\"\/><\/svg><\/span><\/span><\/span><\/a><\/span><\/div>\n<nav><ul class='ez-toc-list ez-toc-list-level-1' ><li class='ez-toc-page-1 ez-toc-heading-level-2'><a class=\"ez-toc-link ez-toc-heading-1\" href=\"https:\/\/mueblesdetena.es\/ru_ru\/muebles-de-tena-los-mejores-precios-y-especialistas-en-camas-abatibles-en-barcelona\/#Un_estudio_real_del_mercado_en_Barcelona\" >Un estudio real del mercado en Barcelona<\/a><\/li><li class='ez-toc-page-1 ez-toc-heading-level-2'><a class=\"ez-toc-link ez-toc-heading-2\" href=\"https:\/\/mueblesdetena.es\/ru_ru\/muebles-de-tena-los-mejores-precios-y-especialistas-en-camas-abatibles-en-barcelona\/#Los_mejores_precios_en_camas_abatibles_en_Barcelona\" >Los mejores precios en camas abatibles en Barcelona<\/a><\/li><li class='ez-toc-page-1 ez-toc-heading-level-2'><a class=\"ez-toc-link ez-toc-heading-3\" href=\"https:\/\/mueblesdetena.es\/ru_ru\/muebles-de-tena-los-mejores-precios-y-especialistas-en-camas-abatibles-en-barcelona\/#Especialistas_en_montaje_de_camas_abatibles\" >Especialistas en montaje de camas abatibles<\/a><\/li><li class='ez-toc-page-1 ez-toc-heading-level-2'><a class=\"ez-toc-link ez-toc-heading-4\" href=\"https:\/\/mueblesdetena.es\/ru_ru\/muebles-de-tena-los-mejores-precios-y-especialistas-en-camas-abatibles-en-barcelona\/#Servicio_profesional_de_principio_a_fin\" >Servicio profesional de principio a fin<\/a><\/li><li class='ez-toc-page-1 ez-toc-heading-level-2'><a class=\"ez-toc-link ez-toc-heading-5\" href=\"https:\/\/mueblesdetena.es\/ru_ru\/muebles-de-tena-los-mejores-precios-y-especialistas-en-camas-abatibles-en-barcelona\/#Referentes_en_camas_abatibles_en_Badalona_y_Barcelona\" >Referentes en camas abatibles en Badalona y Barcelona<\/a><\/li><li class='ez-toc-page-1 ez-toc-heading-level-2'><a class=\"ez-toc-link ez-toc-heading-6\" href=\"https:\/\/mueblesdetena.es\/ru_ru\/muebles-de-tena-los-mejores-precios-y-especialistas-en-camas-abatibles-en-barcelona\/#%C2%BFBuscas_una_cama_abatible_en_Barcelona\" >\u00bfBuscas una cama abatible en Barcelona?<\/a><\/li><\/ul><\/nav><\/div>\n<h2 class=\"wp-block-heading\"><span class=\"ez-toc-section\" id=\"Un_estudio_real_del_mercado_en_Barcelona\"><\/span>Un estudio real del mercado en Barcelona<span class=\"ez-toc-section-end\"><\/span><\/h2>\n\n\n\n<p class=\"has-medium-font-size wp-block-paragraph\">Durante los \u00faltimos meses, hemos comparado:<\/p>\n\n\n\n<ul class=\"wp-block-list\">\n<li class=\"has-medium-font-size\">Precios de tiendas f\u00edsicas y online en Barcelona<\/li>\n\n\n\n<li class=\"has-medium-font-size\">Tipos de mecanismos y calidades ofrecidas<\/li>\n\n\n\n<li class=\"has-medium-font-size\">Servicios de transporte y montaje<\/li>\n\n\n\n<li class=\"has-medium-font-size\">Garant\u00edas y atenci\u00f3n postventa<\/li>\n<\/ul>\n\n\n\n<p class=\"has-medium-font-size wp-block-paragraph\">El resultado ha sido claro: muchas opciones en el mercado, pero pocas que realmente ofrezcan un <strong>equilibrio \u00f3ptimo entre precio competitivo y servicio profesional especializado<\/strong>.<\/p>\n\n\n\n<div style=\"height:25px\" aria-hidden=\"true\" class=\"wp-block-spacer\"><\/div>\n\n\n\n<h2 class=\"wp-block-heading\"><span class=\"ez-toc-section\" id=\"Los_mejores_precios_en_camas_abatibles_en_Barcelona\"><\/span>Los mejores precios en camas abatibles en Barcelona<span class=\"ez-toc-section-end\"><\/span><\/h2>\n\n\n\n<p class=\"has-medium-font-size wp-block-paragraph\">\u0412 <strong>Muebles Detena<\/strong> trabajamos directamente con fabricantes, lo que nos permite:<\/p>\n\n\n\n<ul class=\"wp-block-list\">\n<li class=\"has-medium-font-size\">Reducir intermediarios<\/li>\n\n\n\n<li class=\"has-medium-font-size\">Ajustar m\u00e1rgenes sin comprometer calidad<\/li>\n\n\n\n<li class=\"has-medium-font-size\">Ofrecer precios m\u00e1s competitivos que la media del sector<\/li>\n<\/ul>\n\n\n\n<p class=\"has-medium-font-size wp-block-paragraph\">Esto se traduce en algo muy importante para el cliente:<br>\ud83d\udc49 <strong>camas abatibles de alta calidad a precios realmente accesibles en Barcelona y alrededores<\/strong><\/p>\n\n\n\n<p class=\"has-medium-font-size wp-block-paragraph\">Si est\u00e1s buscando opciones concretas, puedes ver nuestros modelos de<br>\ud83d\udc49 <a href=\"https:\/\/www.tudominio.com\/camas-abatibles-individuales\" target=\"_blank\" rel=\"noopener\">camas abatibles individuales<\/a><br>\ud83d\udc49 <a href=\"https:\/\/www.tudominio.com\/camas-abatibles-matrimonio\" target=\"_blank\" rel=\"noopener\">camas abatibles de matrimonio<\/a><\/p>\n\n\n\n<p class=\"has-medium-font-size wp-block-paragraph\">Adem\u00e1s, adaptamos soluciones a cada presupuesto, desde opciones funcionales hasta proyectos a medida.<\/p>\n\n\n\n<div style=\"height:25px\" aria-hidden=\"true\" class=\"wp-block-spacer\"><\/div>\n\n\n\n<h2 class=\"wp-block-heading\"><span class=\"ez-toc-section\" id=\"Especialistas_en_montaje_de_camas_abatibles\"><\/span>Especialistas en montaje de camas abatibles<span class=\"ez-toc-section-end\"><\/span><\/h2>\n\n\n\n<p class=\"has-medium-font-size wp-block-paragraph\">Uno de los puntos m\u00e1s cr\u00edticos \u2014y donde muchas tiendas fallan\u2014 es el montaje.<\/p>\n\n\n\n<p class=\"has-medium-font-size wp-block-paragraph\">Una cama abatible no es un mueble cualquiera. Requiere:<\/p>\n\n\n\n<ul class=\"wp-block-list\">\n<li class=\"has-medium-font-size\">Instalaci\u00f3n segura en pared<\/li>\n\n\n\n<li class=\"has-medium-font-size\">Nivelaci\u00f3n perfecta<\/li>\n\n\n\n<li class=\"has-medium-font-size\">Ajuste del mecanismo hidr\u00e1ulico o de muelles<\/li>\n\n\n\n<li class=\"has-medium-font-size\">Conocimiento t\u00e9cnico del sistema<\/li>\n<\/ul>\n\n\n\n<p class=\"has-medium-font-size wp-block-paragraph\">\u0412 <strong>Muebles Detena<\/strong>, contamos con un equipo con a\u00f1os de experiencia especializado exclusivamente en:<\/p>\n\n\n\n<ul class=\"wp-block-list\">\n<li class=\"has-medium-font-size\">Montaje de camas abatibles verticales y horizontales<\/li>\n\n\n\n<li class=\"has-medium-font-size\">Instalaciones en pisos peque\u00f1os y espacios complejos<\/li>\n\n\n\n<li class=\"has-medium-font-size\">Adaptaciones a medida<\/li>\n<\/ul>\n\n\n\n<p class=\"has-medium-font-size wp-block-paragraph\">\ud83d\udc49 Esto garantiza seguridad, durabilidad y un uso c\u00f3modo desde el primer d\u00eda.<\/p>\n\n\n\n<div style=\"height:25px\" aria-hidden=\"true\" class=\"wp-block-spacer\"><\/div>\n\n\n\n<h2 class=\"wp-block-heading\"><span class=\"ez-toc-section\" id=\"Servicio_profesional_de_principio_a_fin\"><\/span>Servicio profesional de principio a fin<span class=\"ez-toc-section-end\"><\/span><\/h2>\n\n\n\n<p class=\"has-medium-font-size wp-block-paragraph\">Nuestro enfoque no es solo vender, sino acompa\u00f1ar al cliente en todo el proceso:<\/p>\n\n\n\n<ol start=\"1\" class=\"wp-block-list\">\n<li class=\"has-medium-font-size\">Asesoramiento personalizado<\/li>\n\n\n\n<li class=\"has-medium-font-size\">Elecci\u00f3n del modelo ideal seg\u00fan espacio<\/li>\n\n\n\n<li class=\"has-medium-font-size\">Transporte e instalaci\u00f3n profesional<\/li>\n\n\n\n<li class=\"has-medium-font-size\">Seguimiento postventa<\/li>\n<\/ol>\n\n\n\n<p class=\"has-medium-font-size wp-block-paragraph\">Porque sabemos que una cama abatible es una inversi\u00f3n importante en confort y optimizaci\u00f3n del espacio.<\/p>\n\n\n\n<div style=\"height:25px\" aria-hidden=\"true\" class=\"wp-block-spacer\"><\/div>\n\n\n\n<h2 class=\"wp-block-heading\"><span class=\"ez-toc-section\" id=\"Referentes_en_camas_abatibles_en_Badalona_y_Barcelona\"><\/span>Referentes en camas abatibles en Badalona y Barcelona<span class=\"ez-toc-section-end\"><\/span><\/h2>\n\n\n\n<p class=\"has-medium-font-size wp-block-paragraph\">Gracias a esta combinaci\u00f3n de:<\/p>\n\n\n\n<ul class=\"wp-block-list\">\n<li class=\"has-medium-font-size\">Precios competitivos<\/li>\n\n\n\n<li class=\"has-medium-font-size\">Especializaci\u00f3n t\u00e9cnica<\/li>\n\n\n\n<li class=\"has-medium-font-size\">Experiencia real en montaje<\/li>\n<\/ul>\n\n\n\n<p class=\"has-medium-font-size wp-block-paragraph\">Cada vez m\u00e1s clientes nos eligen como su tienda de confianza en:<\/p>\n\n\n\n<ul class=\"wp-block-list\">\n<li class=\"has-medium-font-size\">Badalona<\/li>\n\n\n\n<li class=\"has-medium-font-size\">Barcelona ciudad<\/li>\n\n\n\n<li class=\"has-medium-font-size\">\u00c1rea metropolitana<\/li>\n<\/ul>\n\n\n\n<div style=\"height:25px\" aria-hidden=\"true\" class=\"wp-block-spacer\"><\/div>\n\n\n\n<h2 class=\"wp-block-heading\"><span class=\"ez-toc-section\" id=\"%C2%BFBuscas_una_cama_abatible_en_Barcelona\"><\/span>\u00bfBuscas una cama abatible en Barcelona?<span class=\"ez-toc-section-end\"><\/span><\/h2>\n\n\n\n<p class=\"has-medium-font-size wp-block-paragraph\">Si est\u00e1s pensando en instalar una cama abatible, te recomendamos apostar por profesionales que realmente conozcan el producto.<\/p>\n\n\n\n<p class=\"has-medium-font-size wp-block-paragraph\">\u0412 <strong>Muebles Detena<\/strong> te ofrecemos:<br>\u2714 Estudio personalizado<br>\u2714 Amplia variedad de modelos<br>\u2714 Montaje profesional incluido<br>\u2714 Precios ajustados al mercado<\/p>\n\n\n\n<p class=\"has-medium-font-size wp-block-paragraph\">Puedes explorar directamente nuestros cat\u00e1logos aqu\u00ed:<br>\ud83d\udc49 <a href=\"https:\/\/www.tudominio.com\/camas-abatibles-individuales\" target=\"_blank\" rel=\"noopener\">camas abatibles individuales en Barcelona<\/a><br>\ud83d\udc49 <a href=\"https:\/\/www.tudominio.com\/camas-abatibles-matrimonio\" target=\"_blank\" rel=\"noopener\">camas abatibles de matrimonio en Barcelona<\/a><\/p>\n\n\n\n<p class=\"has-medium-font-size wp-block-paragraph\">\ud83d\udccd Vis\u00edtanos en Badalona o contacta con nuestro equipo para recibir asesoramiento sin compromiso.<\/p>","protected":false},"excerpt":{"rendered":"<p>En un mercado cada vez m\u00e1s competitivo como el del mobiliario en Barcelona, encontrar una tienda que combine precio, calidad y profesionalidad real no siempre es sencillo. Por eso, en Muebles Detena hemos realizado un an\u00e1lisis exhaustivo de la competencia en toda el \u00e1rea de Barcelona y Catalu\u00f1a, con un objetivo claro: ofrecer a nuestros [&hellip;]<\/p>\n","protected":false},"author":267,"featured_media":42755,"comment_status":"closed","ping_status":"closed","sticky":false,"template":"","format":"standard","meta":{"site-sidebar-layout":"default","site-content-layout":"","ast-site-content-layout":"default","site-content-style":"default","site-sidebar-style":"default","ast-global-header-display":"","ast-banner-title-visibility":"","ast-main-header-display":"","ast-hfb-above-header-display":"","ast-hfb-below-header-display":"","ast-hfb-mobile-header-display":"","site-post-title":"","ast-breadcrumbs-content":"","ast-featured-img":"","footer-sml-layout":"","ast-disable-related-posts":"","theme-transparent-header-meta":"","adv-header-id-meta":"","stick-header-meta":"","header-above-stick-meta":"","header-main-stick-meta":"","header-below-stick-meta":"","astra-migrate-meta-layouts":"set","ast-page-background-enabled":"default","ast-page-background-meta":{"desktop":{"background-color":"var(--ast-global-color-4)","background-image":"","background-repeat":"repeat","background-position":"center center","background-size":"auto","background-attachment":"scroll","background-type":"","background-media":"","overlay-type":"","overlay-color":"","overlay-opacity":"","overlay-gradient":""},"tablet":{"background-color":"","background-image":"","background-repeat":"repeat","background-position":"center center","background-size":"auto","background-attachment":"scroll","background-type":"","background-media":"","overlay-type":"","overlay-color":"","overlay-opacity":"","overlay-gradient":""},"mobile":{"background-color":"","background-image":"","background-repeat":"repeat","background-position":"center center","background-size":"auto","background-attachment":"scroll","background-type":"","background-media":"","overlay-type":"","overlay-color":"","overlay-opacity":"","overlay-gradient":""}},"ast-content-background-meta":{"desktop":{"background-color":"var(--ast-global-color-5)","background-image":"","background-repeat":"repeat","background-position":"center center","background-size":"auto","background-attachment":"scroll","background-type":"","background-media":"","overlay-type":"","overlay-color":"","overlay-opacity":"","overlay-gradient":""},"tablet":{"background-color":"var(--ast-global-color-5)","background-image":"","background-repeat":"repeat","background-position":"center center","background-size":"auto","background-attachment":"scroll","background-type":"","background-media":"","overlay-type":"","overlay-color":"","overlay-opacity":"","overlay-gradient":""},"mobile":{"background-color":"var(--ast-global-color-5)","background-image":"","background-repeat":"repeat","background-position":"center center","background-size":"auto","background-attachment":"scroll","background-type":"","background-media":"","overlay-type":"","overlay-color":"","overlay-opacity":"","overlay-gradient":""}},"_joinchat":[],"footnotes":""},"categories":[1],"tags":[900,901,902,121,96],"class_list":["post-44905","post","type-post","status-publish","format-standard","has-post-thumbnail","hentry","category-sin-categoria","tag-cama-abatible","tag-cama-plegable","tag-camas-abatibles-jiveniles-en-barcelona","tag-espacio-pequenos","tag-muebles"],"_links":{"self":[{"href":"https:\/\/mueblesdetena.es\/ru_ru\/wp-json\/wp\/v2\/posts\/44905","targetHints":{"allow":["GET"]}}],"collection":[{"href":"https:\/\/mueblesdetena.es\/ru_ru\/wp-json\/wp\/v2\/posts"}],"about":[{"href":"https:\/\/mueblesdetena.es\/ru_ru\/wp-json\/wp\/v2\/types\/post"}],"author":[{"embeddable":true,"href":"https:\/\/mueblesdetena.es\/ru_ru\/wp-json\/wp\/v2\/users\/267"}],"replies":[{"embeddable":true,"href":"https:\/\/mueblesdetena.es\/ru_ru\/wp-json\/wp\/v2\/comments?post=44905"}],"version-history":[{"count":2,"href":"https:\/\/mueblesdetena.es\/ru_ru\/wp-json\/wp\/v2\/posts\/44905\/revisions"}],"predecessor-version":[{"id":44989,"href":"https:\/\/mueblesdetena.es\/ru_ru\/wp-json\/wp\/v2\/posts\/44905\/revisions\/44989"}],"wp:featuredmedia":[{"embeddable":true,"href":"https:\/\/mueblesdetena.es\/ru_ru\/wp-json\/wp\/v2\/media\/42755"}],"wp:attachment":[{"href":"https:\/\/mueblesdetena.es\/ru_ru\/wp-json\/wp\/v2\/media?parent=44905"}],"wp:term":[{"taxonomy":"category","embeddable":true,"href":"https:\/\/mueblesdetena.es\/ru_ru\/wp-json\/wp\/v2\/categories?post=44905"},{"taxonomy":"post_tag","embeddable":true,"href":"https:\/\/mueblesdetena.es\/ru_ru\/wp-json\/wp\/v2\/tags?post=44905"}],"curies":[{"name":"wp","href":"https:\/\/api.w.org\/{rel}","templated":true}]}}