{"id":44907,"date":"2026-04-04T16:03:37","date_gmt":"2026-04-04T14:03:37","guid":{"rendered":"https:\/\/mueblesdetena.es\/?p=44907"},"modified":"2026-04-07T12:39:42","modified_gmt":"2026-04-07T10:39:42","slug":"como-optimizar-una-habitacion-juvenil-con-cama-abatible-escritorio-y-armario-en-poco-espacio","status":"publish","type":"post","link":"https:\/\/mueblesdetena.es\/ru_ru\/como-optimizar-una-habitacion-juvenil-con-cama-abatible-escritorio-y-armario-en-poco-espacio\/","title":{"rendered":"C\u00f3mo optimizar una habitaci\u00f3n juvenil con cama abatible, escritorio y armario en poco espacio"},"content":{"rendered":"<p class=\"has-medium-font-size wp-block-paragraph\">En los hogares actuales, donde cada metro cuadrado cuenta, encontrar soluciones que combinen funcionalidad, dise\u00f1o y comodidad es esencial. La imagen que vemos es un claro ejemplo de c\u00f3mo optimizar el espacio de forma inteligente sin renunciar a la est\u00e9tica ni al confort.<\/p>\n\n\n\n<p class=\"has-medium-font-size wp-block-paragraph\">Este conjunto de dormitorio juvenil integra perfectamente una <strong>cama abatible horizontal<\/strong>, que se utiliza \u00fanicamente cuando es necesaria, permitiendo liberar espacio durante el d\u00eda. Esto transforma la habitaci\u00f3n en una zona multifuncional donde estudiar, jugar o simplemente disfrutar de un ambiente ordenado y despejado.<\/p>\n\n\n\n<p class=\"has-medium-font-size wp-block-paragraph\">Adem\u00e1s, el dise\u00f1o incorpora un <strong>escritorio amplio y pr\u00e1ctico<\/strong>, ideal para el estudio o el teletrabajo, perfectamente integrado bajo la cama abatible. Esta soluci\u00f3n no solo maximiza el uso del espacio, sino que tambi\u00e9n mantiene una armon\u00eda visual muy cuidada.<\/p>\n\n\n\n<p class=\"has-medium-font-size wp-block-paragraph\">A ambos lados, encontramos un <strong>armario y m\u00f3dulos con cajones<\/strong>, que aportan una gran capacidad de almacenamiento sin saturar la estancia. Todo est\u00e1 pensado para aprovechar al m\u00e1ximo una pared de dimensiones reducidas, ofreciendo una soluci\u00f3n completa: descanso, estudio y almacenaje en un solo conjunto compacto.<\/p>\n\n\n\n<p class=\"has-medium-font-size wp-block-paragraph\">Este tipo de mobiliario es ideal para habitaciones juveniles, segundas residencias o cualquier espacio donde se quiera ganar amplitud sin perder funcionalidad.<\/p>\n\n\n\n<p class=\"has-medium-font-size wp-block-paragraph\">\u0412 <strong>Muebles de Tena<\/strong>, somos especialistas en este tipo de soluciones inteligentes. Si est\u00e1s buscando optimizar tu hogar con dise\u00f1o y calidad, te invitamos a descubrir nuestra selecci\u00f3n de<br>\ud83d\udc49 Camas abatibles individuales con estructura de madera: <a href=\"https:\/\/www.mueblesdetena.com\/camas-abatibles-individuales-madera\" target=\"_blank\" rel=\"noopener\">https:\/\/www.mueblesdetena.com\/camas-abatibles-individuales-madera<\/a><\/p>\n\n\n\n<p class=\"has-medium-font-size wp-block-paragraph\">Y si quieres equipar una habitaci\u00f3n completa con estilo y funcionalidad, visita tambi\u00e9n nuestra secci\u00f3n de<br>\ud83d\udc49 Muebles juveniles: <a href=\"https:\/\/www.mueblesdetena.com\/muebles-juveniles\" target=\"_blank\" rel=\"noopener\">https:\/\/www.mueblesdetena.com\/muebles-juveniles<\/a><\/p>\n\n\n\n<p class=\"has-medium-font-size wp-block-paragraph\">Trabajamos para ofrecerte las mejores soluciones en Catalu\u00f1a, combinando dise\u00f1o, calidad y precios competitivos. Porque aprovechar el espacio no es una opci\u00f3n, es una necesidad\u2026 y nosotros sabemos c\u00f3mo hacerlo realidad.<\/p>","protected":false},"excerpt":{"rendered":"<p>En los hogares actuales, donde cada metro cuadrado cuenta, encontrar soluciones que combinen funcionalidad, dise\u00f1o y comodidad es esencial. La imagen que vemos es un claro ejemplo de c\u00f3mo optimizar el espacio de forma inteligente sin renunciar a la est\u00e9tica ni al confort. Este conjunto de dormitorio juvenil integra perfectamente una cama abatible horizontal, que [&hellip;]<\/p>\n","protected":false},"author":267,"featured_media":44908,"comment_status":"closed","ping_status":"closed","sticky":false,"template":"","format":"standard","meta":{"site-sidebar-layout":"default","site-content-layout":"","ast-site-content-layout":"default","site-content-style":"default","site-sidebar-style":"default","ast-global-header-display":"","ast-banner-title-visibility":"","ast-main-header-display":"","ast-hfb-above-header-display":"","ast-hfb-below-header-display":"","ast-hfb-mobile-header-display":"","site-post-title":"","ast-breadcrumbs-content":"","ast-featured-img":"","footer-sml-layout":"","ast-disable-related-posts":"","theme-transparent-header-meta":"","adv-header-id-meta":"","stick-header-meta":"","header-above-stick-meta":"","header-main-stick-meta":"","header-below-stick-meta":"","astra-migrate-meta-layouts":"set","ast-page-background-enabled":"default","ast-page-background-meta":{"desktop":{"background-color":"var(--ast-global-color-4)","background-image":"","background-repeat":"repeat","background-position":"center center","background-size":"auto","background-attachment":"scroll","background-type":"","background-media":"","overlay-type":"","overlay-color":"","overlay-opacity":"","overlay-gradient":""},"tablet":{"background-color":"","background-image":"","background-repeat":"repeat","background-position":"center center","background-size":"auto","background-attachment":"scroll","background-type":"","background-media":"","overlay-type":"","overlay-color":"","overlay-opacity":"","overlay-gradient":""},"mobile":{"background-color":"","background-image":"","background-repeat":"repeat","background-position":"center center","background-size":"auto","background-attachment":"scroll","background-type":"","background-media":"","overlay-type":"","overlay-color":"","overlay-opacity":"","overlay-gradient":""}},"ast-content-background-meta":{"desktop":{"background-color":"var(--ast-global-color-5)","background-image":"","background-repeat":"repeat","background-position":"center center","background-size":"auto","background-attachment":"scroll","background-type":"","background-media":"","overlay-type":"","overlay-color":"","overlay-opacity":"","overlay-gradient":""},"tablet":{"background-color":"var(--ast-global-color-5)","background-image":"","background-repeat":"repeat","background-position":"center center","background-size":"auto","background-attachment":"scroll","background-type":"","background-media":"","overlay-type":"","overlay-color":"","overlay-opacity":"","overlay-gradient":""},"mobile":{"background-color":"var(--ast-global-color-5)","background-image":"","background-repeat":"repeat","background-position":"center center","background-size":"auto","background-attachment":"scroll","background-type":"","background-media":"","overlay-type":"","overlay-color":"","overlay-opacity":"","overlay-gradient":""}},"_joinchat":[],"footnotes":""},"categories":[1],"tags":[],"class_list":["post-44907","post","type-post","status-publish","format-standard","has-post-thumbnail","hentry","category-sin-categoria"],"_links":{"self":[{"href":"https:\/\/mueblesdetena.es\/ru_ru\/wp-json\/wp\/v2\/posts\/44907","targetHints":{"allow":["GET"]}}],"collection":[{"href":"https:\/\/mueblesdetena.es\/ru_ru\/wp-json\/wp\/v2\/posts"}],"about":[{"href":"https:\/\/mueblesdetena.es\/ru_ru\/wp-json\/wp\/v2\/types\/post"}],"author":[{"embeddable":true,"href":"https:\/\/mueblesdetena.es\/ru_ru\/wp-json\/wp\/v2\/users\/267"}],"replies":[{"embeddable":true,"href":"https:\/\/mueblesdetena.es\/ru_ru\/wp-json\/wp\/v2\/comments?post=44907"}],"version-history":[{"count":2,"href":"https:\/\/mueblesdetena.es\/ru_ru\/wp-json\/wp\/v2\/posts\/44907\/revisions"}],"predecessor-version":[{"id":44987,"href":"https:\/\/mueblesdetena.es\/ru_ru\/wp-json\/wp\/v2\/posts\/44907\/revisions\/44987"}],"wp:featuredmedia":[{"embeddable":true,"href":"https:\/\/mueblesdetena.es\/ru_ru\/wp-json\/wp\/v2\/media\/44908"}],"wp:attachment":[{"href":"https:\/\/mueblesdetena.es\/ru_ru\/wp-json\/wp\/v2\/media?parent=44907"}],"wp:term":[{"taxonomy":"category","embeddable":true,"href":"https:\/\/mueblesdetena.es\/ru_ru\/wp-json\/wp\/v2\/categories?post=44907"},{"taxonomy":"post_tag","embeddable":true,"href":"https:\/\/mueblesdetena.es\/ru_ru\/wp-json\/wp\/v2\/tags?post=44907"}],"curies":[{"name":"wp","href":"https:\/\/api.w.org\/{rel}","templated":true}]}}