{"id":44963,"date":"2026-04-28T16:05:47","date_gmt":"2026-04-28T14:05:47","guid":{"rendered":"https:\/\/mueblesdetena.es\/?p=44963"},"modified":"2026-04-28T16:05:52","modified_gmt":"2026-04-28T14:05:52","slug":"camas-abatibles-madera-vs-metalicas-claves-elegir","status":"publish","type":"post","link":"https:\/\/mueblesdetena.es\/ru_ru\/camas-abatibles-madera-vs-metalicas-claves-elegir\/","title":{"rendered":"Camas abatibles de madera vs met\u00e1licas: 5 claves para elegir la mejor para ti"},"content":{"rendered":"<p class=\"has-medium-font-size wp-block-paragraph\">En las viviendas actuales, donde cada metro cuadrado cuenta, optimizar el espacio se ha convertido en una prioridad. Dormitorios m\u00e1s compactos, zonas multifuncionales y hogares vers\u00e1tiles exigen soluciones inteligentes. En este contexto, las camas abatibles han pasado de ser una opci\u00f3n puntual a una pieza clave en la organizaci\u00f3n del hogar contempor\u00e1neo.<\/p>\n\n\n\n<p class=\"has-medium-font-size wp-block-paragraph\">Su capacidad para transformar una estancia en cuesti\u00f3n de segundos explica su creciente popularidad. Sin embargo, al elegir entre camas abatibles, surge una duda habitual: \u00bfes mejor optar por una estructura de madera o por una met\u00e1lica? Ambas alternativas responden a necesidades distintas y ofrecen ventajas muy concretas en funci\u00f3n del uso.<\/p>\n\n\n\n<p class=\"has-medium-font-size wp-block-paragraph\">Lejos de existir una elecci\u00f3n universal, la clave est\u00e1 en entender c\u00f3mo vives tu espacio y qu\u00e9 buscas en t\u00e9rminos de est\u00e9tica y funcionalidad. A lo largo de este art\u00edculo descubrir\u00e1s <strong>cinco claves esenciales que te ayudar\u00e1n a elegir entre camas abatibles con criterio<\/strong>, sin complicaciones y con total seguridad.<\/p>\n\n\n\n<div style=\"height:25px\" aria-hidden=\"true\" class=\"wp-block-spacer\"><\/div>\n\n\n\n<div style=\"height:25px\" aria-hidden=\"true\" class=\"wp-block-spacer\"><\/div>\n\n\n\n<div id=\"ez-toc-container\" class=\"ez-toc-v2_0_85 counter-hierarchy ez-toc-counter ez-toc-grey ez-toc-container-direction\">\n<div class=\"ez-toc-title-container\">\n<p class=\"ez-toc-title\" style=\"cursor:inherit\">Table of Contents<\/p>\n<span class=\"ez-toc-title-toggle\"><a href=\"#\" class=\"ez-toc-pull-right ez-toc-btn ez-toc-btn-xs ez-toc-btn-default ez-toc-toggle\" aria-label=\"Toggle Table of Content\"><span class=\"ez-toc-js-icon-con\"><span class=\"\"><span class=\"eztoc-hide\" style=\"display:none;\">Toggle<\/span><span class=\"ez-toc-icon-toggle-span\"><svg style=\"fill: #999;color:#999\" xmlns=\"http:\/\/www.w3.org\/2000\/svg\" class=\"list-377408\" width=\"20px\" height=\"20px\" viewbox=\"0 0 24 24\" fill=\"none\"><path d=\"M6 6H4v2h2V6zm14 0H8v2h12V6zM4 11h2v2H4v-2zm16 0H8v2h12v-2zM4 16h2v2H4v-2zm16 0H8v2h12v-2z\" fill=\"currentColor\"><\/path><\/svg><svg style=\"fill: #999;color:#999\" class=\"arrow-unsorted-368013\" xmlns=\"http:\/\/www.w3.org\/2000\/svg\" width=\"10px\" height=\"10px\" viewbox=\"0 0 24 24\" version=\"1.2\" baseprofile=\"tiny\"><path d=\"M18.2 9.3l-6.2-6.3-6.2 6.3c-.2.2-.3.4-.3.7s.1.5.3.7c.2.2.4.3.7.3h11c.3 0 .5-.1.7-.3.2-.2.3-.5.3-.7s-.1-.5-.3-.7zM5.8 14.7l6.2 6.3 6.2-6.3c.2-.2.3-.5.3-.7s-.1-.5-.3-.7c-.2-.2-.4-.3-.7-.3h-11c-.3 0-.5.1-.7.3-.2.2-.3.5-.3.7s.1.5.3.7z\"\/><\/svg><\/span><\/span><\/span><\/a><\/span><\/div>\n<nav><ul class='ez-toc-list ez-toc-list-level-1' ><li class='ez-toc-page-1 ez-toc-heading-level-2'><a class=\"ez-toc-link ez-toc-heading-1\" href=\"https:\/\/mueblesdetena.es\/ru_ru\/camas-abatibles-madera-vs-metalicas-claves-elegir\/#Madera_vs_metal_dos_enfoques_diferentes_para_una_misma_solucion\" >Madera vs metal: dos enfoques diferentes para una misma soluci\u00f3n<\/a><ul class='ez-toc-list-level-3' ><li class='ez-toc-heading-level-3'><a class=\"ez-toc-link ez-toc-heading-2\" href=\"https:\/\/mueblesdetena.es\/ru_ru\/camas-abatibles-madera-vs-metalicas-claves-elegir\/#Camas_abatibles_de_madera\" >Camas abatibles de madera<\/a><\/li><li class='ez-toc-page-1 ez-toc-heading-level-3'><a class=\"ez-toc-link ez-toc-heading-3\" href=\"https:\/\/mueblesdetena.es\/ru_ru\/camas-abatibles-madera-vs-metalicas-claves-elegir\/#Camas_abatibles_metalicas\" >Camas abatibles met\u00e1licas<\/a><\/li><\/ul><\/li><li class='ez-toc-page-1 ez-toc-heading-level-2'><a class=\"ez-toc-link ez-toc-heading-4\" href=\"https:\/\/mueblesdetena.es\/ru_ru\/camas-abatibles-madera-vs-metalicas-claves-elegir\/#5_claves_para_elegir_entre_camas_abatibles_de_madera_o_metalicas\" >5 claves para elegir entre camas abatibles de madera o met\u00e1licas<\/a><ul class='ez-toc-list-level-3' ><li class='ez-toc-heading-level-3'><a class=\"ez-toc-link ez-toc-heading-5\" href=\"https:\/\/mueblesdetena.es\/ru_ru\/camas-abatibles-madera-vs-metalicas-claves-elegir\/#1_El_uso_que_le_vas_a_dar_diario_o_puntual\" >1. El uso que le vas a dar (diario o puntual)<\/a><\/li><li class='ez-toc-page-1 ez-toc-heading-level-3'><a class=\"ez-toc-link ez-toc-heading-6\" href=\"https:\/\/mueblesdetena.es\/ru_ru\/camas-abatibles-madera-vs-metalicas-claves-elegir\/#2_El_estilo_de_tu_casa_y_el_efecto_visual_que_buscas\" >2. El estilo de tu casa y el efecto visual que buscas<\/a><\/li><li class='ez-toc-page-1 ez-toc-heading-level-3'><a class=\"ez-toc-link ez-toc-heading-7\" href=\"https:\/\/mueblesdetena.es\/ru_ru\/camas-abatibles-madera-vs-metalicas-claves-elegir\/#3_El_espacio_disponible_y_la_sensacion_de_ligereza\" >3. El espacio disponible y la sensaci\u00f3n de ligereza<\/a><\/li><li class='ez-toc-page-1 ez-toc-heading-level-3'><a class=\"ez-toc-link ez-toc-heading-8\" href=\"https:\/\/mueblesdetena.es\/ru_ru\/camas-abatibles-madera-vs-metalicas-claves-elegir\/#4_El_presupuesto_y_la_inversion_a_largo_plazo\" >4. El presupuesto y la inversi\u00f3n a largo plazo<\/a><\/li><li class='ez-toc-page-1 ez-toc-heading-level-3'><a class=\"ez-toc-link ez-toc-heading-9\" href=\"https:\/\/mueblesdetena.es\/ru_ru\/camas-abatibles-madera-vs-metalicas-claves-elegir\/#5_El_confort_y_la_experiencia_de_uso\" >5. El confort y la experiencia de uso<\/a><\/li><\/ul><\/li><li class='ez-toc-page-1 ez-toc-heading-level-2'><a class=\"ez-toc-link ez-toc-heading-10\" href=\"https:\/\/mueblesdetena.es\/ru_ru\/camas-abatibles-madera-vs-metalicas-claves-elegir\/#Ventajas_claras_de_cada_tipo_de_cama_abatible\" >Ventajas claras de cada tipo de cama abatible<\/a><ul class='ez-toc-list-level-3' ><li class='ez-toc-heading-level-3'><a class=\"ez-toc-link ez-toc-heading-11\" href=\"https:\/\/mueblesdetena.es\/ru_ru\/camas-abatibles-madera-vs-metalicas-claves-elegir\/#Lo_mejor_de_las_camas_abatibles_de_madera\" >Lo mejor de las camas abatibles de madera<\/a><\/li><li class='ez-toc-page-1 ez-toc-heading-level-3'><a class=\"ez-toc-link ez-toc-heading-12\" href=\"https:\/\/mueblesdetena.es\/ru_ru\/camas-abatibles-madera-vs-metalicas-claves-elegir\/#Lo_mejor_de_las_camas_abatibles_metalicas\" >Lo mejor de las camas abatibles met\u00e1licas<\/a><\/li><\/ul><\/li><li class='ez-toc-page-1 ez-toc-heading-level-2'><a class=\"ez-toc-link ez-toc-heading-13\" href=\"https:\/\/mueblesdetena.es\/ru_ru\/camas-abatibles-madera-vs-metalicas-claves-elegir\/#Inconvenientes_que_conviene_tener_en_cuenta\" >Inconvenientes que conviene tener en cuenta<\/a><ul class='ez-toc-list-level-3' ><li class='ez-toc-heading-level-3'><a class=\"ez-toc-link ez-toc-heading-14\" href=\"https:\/\/mueblesdetena.es\/ru_ru\/camas-abatibles-madera-vs-metalicas-claves-elegir\/#Aspectos_a_valorar_en_las_de_madera\" >Aspectos a valorar en las de madera<\/a><\/li><li class='ez-toc-page-1 ez-toc-heading-level-3'><a class=\"ez-toc-link ez-toc-heading-15\" href=\"https:\/\/mueblesdetena.es\/ru_ru\/camas-abatibles-madera-vs-metalicas-claves-elegir\/#Aspectos_a_valorar_en_las_metalicas\" >Aspectos a valorar en las met\u00e1licas<\/a><\/li><\/ul><\/li><li class='ez-toc-page-1 ez-toc-heading-level-2'><a class=\"ez-toc-link ez-toc-heading-16\" href=\"https:\/\/mueblesdetena.es\/ru_ru\/camas-abatibles-madera-vs-metalicas-claves-elegir\/#%C2%BFQue_tipo_de_cama_abatible_es_mejor_para_ti\" >\u00bfQu\u00e9 tipo de cama abatible es mejor para ti?<\/a><ul class='ez-toc-list-level-3' ><li class='ez-toc-heading-level-3'><a class=\"ez-toc-link ez-toc-heading-17\" href=\"https:\/\/mueblesdetena.es\/ru_ru\/camas-abatibles-madera-vs-metalicas-claves-elegir\/#Elige_una_cama_abatible_de_madera_si%E2%80%A6\" >Elige una cama abatible de madera si\u2026<\/a><\/li><li class='ez-toc-page-1 ez-toc-heading-level-3'><a class=\"ez-toc-link ez-toc-heading-18\" href=\"https:\/\/mueblesdetena.es\/ru_ru\/camas-abatibles-madera-vs-metalicas-claves-elegir\/#Elige_una_cama_abatible_metalica_si%E2%80%A6\" >Elige una cama abatible met\u00e1lica si\u2026<\/a><\/li><\/ul><\/li><\/ul><\/nav><\/div>\n<h2 class=\"wp-block-heading\"><span class=\"ez-toc-section\" id=\"Madera_vs_metal_dos_enfoques_diferentes_para_una_misma_solucion\"><\/span>Madera vs metal: dos enfoques diferentes para una misma soluci\u00f3n<span class=\"ez-toc-section-end\"><\/span><\/h2>\n\n\n\n<h3 class=\"wp-block-heading\"><span class=\"ez-toc-section\" id=\"Camas_abatibles_de_madera\"><\/span>Camas abatibles de madera<span class=\"ez-toc-section-end\"><\/span><\/h3>\n\n\n\n<p class=\"has-medium-font-size wp-block-paragraph\">Las camas abatibles de madera destacan por su <strong>capacidad para integrarse con naturalidad en la decoraci\u00f3n del hogar<\/strong>, convirti\u00e9ndose en una extensi\u00f3n del mobiliario. Lejos de parecer un elemento funcional aislado, aportan continuidad visual y permiten dise\u00f1ar espacios equilibrados, donde cada pieza encaja con armon\u00eda y sentido est\u00e9tico.<\/p>\n\n\n\n<p class=\"has-medium-font-size wp-block-paragraph\">Uno de sus mayores atractivos es su car\u00e1cter decorativo. La madera <strong>introduce texturas c\u00e1lidas, tonos acogedores y una presencia que transforma la estancia en un entorno m\u00e1s confortable<\/strong>. Este tipo de soluciones encaja especialmente bien en dormitorios cuidados, donde el dise\u00f1o no solo acompa\u00f1a, sino que define la personalidad del espacio.<\/p>\n\n\n\n<p class=\"has-medium-font-size wp-block-paragraph\">Adem\u00e1s, muchas camas abatibles de madera <strong>se conciben como conjuntos completos, integrando armarios, estanter\u00edas o escritorios<\/strong>. Esta versatilidad permite optimizar cada cent\u00edmetro sin renunciar a un resultado elegante. El conjunto se percibe como un mueble \u00fanico, pensado para convivir con el resto de la estancia de forma coherente.<\/p>\n\n\n\n<h3 class=\"wp-block-heading\"><span class=\"ez-toc-section\" id=\"Camas_abatibles_metalicas\"><\/span>Camas abatibles met\u00e1licas<span class=\"ez-toc-section-end\"><\/span><\/h3>\n\n\n\n<p class=\"has-medium-font-size wp-block-paragraph\">Las camas abatibles met\u00e1licas <strong>responden a un enfoque m\u00e1s pr\u00e1ctico, donde la funcionalidad se sit\u00faa en el centro de la propuesta<\/strong>. Su dise\u00f1o suele ser m\u00e1s sencillo, pensado para ofrecer una soluci\u00f3n eficaz sin cargar visualmente el espacio. Son habituales en estancias donde prima la utilidad sobre la decoraci\u00f3n.<\/p>\n\n\n\n<p class=\"has-medium-font-size wp-block-paragraph\"><strong>Su ligereza visual es uno de sus puntos fuertes<\/strong>. Al prescindir de estructuras voluminosas, estas camas abatibles permiten que la habitaci\u00f3n respire mejor, generando una sensaci\u00f3n de amplitud muy valorada en espacios reducidos. El resultado es un ambiente m\u00e1s despejado, donde cada elemento cumple su funci\u00f3n sin exceso.<\/p>\n\n\n\n<p class=\"has-medium-font-size wp-block-paragraph\">Este tipo de camas abatibles tambi\u00e9n destaca por su car\u00e1cter vers\u00e1til. <strong>Encajan con facilidad en apartamentos, segundas residencias o habitaciones multifuncionales<\/strong>, donde se busca una soluci\u00f3n pr\u00e1ctica y r\u00e1pida. Su est\u00e9tica neutra facilita combinarlas con distintos estilos sin condicionar en exceso la decoraci\u00f3n existente.<\/p>\n\n\n\n<div style=\"height:25px\" aria-hidden=\"true\" class=\"wp-block-spacer\"><\/div>\n\n\n\n<figure class=\"wp-block-image alignfull size-full\"><img fetchpriority=\"high\" decoding=\"async\" width=\"2560\" height=\"1440\" src=\"https:\/\/mueblesdetena.es\/wp-content\/uploads\/2026\/04\/cama-abatible-madera-metal-2.jpg\" alt=\"camas abatibles\" class=\"wp-image-44999\" srcset=\"https:\/\/mueblesdetena.es\/wp-content\/uploads\/2026\/04\/cama-abatible-madera-metal-2.jpg 2560w, https:\/\/mueblesdetena.es\/wp-content\/uploads\/2026\/04\/cama-abatible-madera-metal-2-300x169.jpg 300w, https:\/\/mueblesdetena.es\/wp-content\/uploads\/2026\/04\/cama-abatible-madera-metal-2-1024x576.jpg 1024w, https:\/\/mueblesdetena.es\/wp-content\/uploads\/2026\/04\/cama-abatible-madera-metal-2-768x432.jpg 768w, https:\/\/mueblesdetena.es\/wp-content\/uploads\/2026\/04\/cama-abatible-madera-metal-2-1536x864.jpg 1536w, https:\/\/mueblesdetena.es\/wp-content\/uploads\/2026\/04\/cama-abatible-madera-metal-2-2048x1152.jpg 2048w, https:\/\/mueblesdetena.es\/wp-content\/uploads\/2026\/04\/cama-abatible-madera-metal-2-600x338.jpg 600w\" sizes=\"(max-width: 2560px) 100vw, 2560px\" \/><\/figure>\n\n\n\n<div style=\"height:25px\" aria-hidden=\"true\" class=\"wp-block-spacer\"><\/div>\n\n\n\n<h2 class=\"wp-block-heading\"><span class=\"ez-toc-section\" id=\"5_claves_para_elegir_entre_camas_abatibles_de_madera_o_metalicas\"><\/span>5 claves para elegir entre camas abatibles de madera o met\u00e1licas<span class=\"ez-toc-section-end\"><\/span><\/h2>\n\n\n\n<h3 class=\"wp-block-heading\"><span class=\"ez-toc-section\" id=\"1_El_uso_que_le_vas_a_dar_diario_o_puntual\"><\/span>1. El uso que le vas a dar (diario o puntual)<span class=\"ez-toc-section-end\"><\/span><\/h3>\n\n\n\n<p class=\"has-medium-font-size wp-block-paragraph\">Cuando se trata de elegir entre camas abatibles, el uso previsto marca la diferencia. <strong>Si la cama va a utilizarse a diario, conviene priorizar una estructura de madera<\/strong> que aporte mayor sensaci\u00f3n de estabilidad, confort continuo y una experiencia m\u00e1s cercana a una cama convencional.<\/p>\n\n\n\n<p class=\"has-medium-font-size wp-block-paragraph\">En cambio, <strong>si hablamos de un uso puntual, como visitas o segundas residencias, las camas abatibles met\u00e1licas resultan pr\u00e1cticas y funcionales<\/strong>. Su ligereza y facilidad de manejo las convierten en una soluci\u00f3n suficiente, sin necesidad de asumir una inversi\u00f3n mayor ni comprometer la comodidad en usos espor\u00e1dicos.<\/p>\n\n\n\n<h3 class=\"wp-block-heading\"><span class=\"ez-toc-section\" id=\"2_El_estilo_de_tu_casa_y_el_efecto_visual_que_buscas\"><\/span>2. El estilo de tu casa y el efecto visual que buscas<span class=\"ez-toc-section-end\"><\/span><\/h3>\n\n\n\n<p class=\"has-medium-font-size wp-block-paragraph\">El componente est\u00e9tico tiene un peso clave en la elecci\u00f3n de camas abatibles, especialmente en espacios donde cada mueble forma parte del conjunto decorativo. <strong>Las opciones de madera permiten una integraci\u00f3n total<\/strong>, funcionando como armarios o panelados que mantienen la armon\u00eda visual del ambiente.<\/p>\n\n\n\n<p class=\"has-medium-font-size wp-block-paragraph\">Por su parte, <strong>las camas abatibles met\u00e1licas presentan un enfoque m\u00e1s t\u00e9cnico y discreto<\/strong>. Su dise\u00f1o, generalmente m\u00e1s sencillo, hace que pasen desapercibidas, algo especialmente \u00fatil en estancias donde se busca ligereza visual o donde el protagonismo recae en otros elementos decorativos del espacio.<\/p>\n\n\n\n<h3 class=\"wp-block-heading\"><span class=\"ez-toc-section\" id=\"3_El_espacio_disponible_y_la_sensacion_de_ligereza\"><\/span>3. El espacio disponible y la sensaci\u00f3n de ligereza<span class=\"ez-toc-section-end\"><\/span><\/h3>\n\n\n\n<p class=\"has-medium-font-size wp-block-paragraph\">En viviendas con metros muy ajustados, la percepci\u00f3n del espacio es tan importante como el espacio real. <strong>Las camas abatibles met\u00e1licas, al tener estructuras m\u00e1s ligeras, ayudan a generar una sensaci\u00f3n visual menos recargada<\/strong>, favoreciendo ambientes m\u00e1s despejados y f\u00e1ciles de habitar.<\/p>\n\n\n\n<p class=\"has-medium-font-size wp-block-paragraph\">Sin embargo, en espacios donde se busca continuidad est\u00e9tica, <strong>las camas abatibles de madera ofrecen una soluci\u00f3n m\u00e1s integrada<\/strong>. Al mimetizarse con el resto del mobiliario, permiten crear composiciones uniformes que aportan orden visual, algo muy valorado en dormitorios peque\u00f1os pero bien dise\u00f1ados.<\/p>\n\n\n\n<h3 class=\"wp-block-heading\"><span class=\"ez-toc-section\" id=\"4_El_presupuesto_y_la_inversion_a_largo_plazo\"><\/span>4. El presupuesto y la inversi\u00f3n a largo plazo<span class=\"ez-toc-section-end\"><\/span><\/h3>\n\n\n\n<p class=\"has-medium-font-size wp-block-paragraph\">El presupuesto disponible condiciona muchas decisiones, y en el caso de las camas abatibles no es una excepci\u00f3n. <strong>Las estructuras met\u00e1licas suelen ser m\u00e1s econ\u00f3micas<\/strong>, lo que las convierte en una opci\u00f3n accesible para quienes priorizan funcionalidad sin realizar una gran inversi\u00f3n inicial.<\/p>\n\n\n\n<p class=\"has-medium-font-size wp-block-paragraph\"><strong>Las camas abatibles de madera, en cambio, implican un coste mayor, pero tambi\u00e9n aportan un valor a\u00f1adido<\/strong> en t\u00e9rminos de dise\u00f1o y durabilidad percibida. En proyectos donde la est\u00e9tica es importante, esta inversi\u00f3n se traduce en un espacio m\u00e1s cuidado y coherente con el resto del hogar.<\/p>\n\n\n\n<h3 class=\"wp-block-heading\"><span class=\"ez-toc-section\" id=\"5_El_confort_y_la_experiencia_de_uso\"><\/span>5. El confort y la experiencia de uso<span class=\"ez-toc-section-end\"><\/span><\/h3>\n\n\n\n<p class=\"has-medium-font-size wp-block-paragraph\">La experiencia diaria al abrir y cerrar la cama, as\u00ed como la sensaci\u00f3n al descansar, tambi\u00e9n influye en la elecci\u00f3n. <strong>Las camas abatibles de madera suelen ofrecer un funcionamiento m\u00e1s silencioso y una percepci\u00f3n m\u00e1s s\u00f3lida<\/strong>, lo que refuerza la sensaci\u00f3n de estar ante una cama tradicional.<\/p>\n\n\n\n<p class=\"has-medium-font-size wp-block-paragraph\"><strong>Las opciones met\u00e1licas, aunque totalmente funcionales, pueden resultar algo menos envolventes<\/strong> en t\u00e9rminos de experiencia. Aun as\u00ed, cumplen perfectamente su funci\u00f3n y ofrecen un uso c\u00f3modo, especialmente cuando se prioriza la practicidad frente a la sensaci\u00f3n m\u00e1s c\u00e1lida o dom\u00e9stica del conjunto.<\/p>\n\n\n\n<div style=\"height:25px\" aria-hidden=\"true\" class=\"wp-block-spacer\"><\/div>\n\n\n\n<figure class=\"wp-block-image alignfull size-full\"><img decoding=\"async\" width=\"2560\" height=\"1440\" src=\"https:\/\/mueblesdetena.es\/wp-content\/uploads\/2026\/04\/cama-abatible-madera-metal-21-scaled.jpg\" alt=\"camas abatibles\" class=\"wp-image-45003\" srcset=\"https:\/\/mueblesdetena.es\/wp-content\/uploads\/2026\/04\/cama-abatible-madera-metal-21-scaled.jpg 2560w, https:\/\/mueblesdetena.es\/wp-content\/uploads\/2026\/04\/cama-abatible-madera-metal-21-300x169.jpg 300w, https:\/\/mueblesdetena.es\/wp-content\/uploads\/2026\/04\/cama-abatible-madera-metal-21-1024x576.jpg 1024w, https:\/\/mueblesdetena.es\/wp-content\/uploads\/2026\/04\/cama-abatible-madera-metal-21-768x432.jpg 768w, https:\/\/mueblesdetena.es\/wp-content\/uploads\/2026\/04\/cama-abatible-madera-metal-21-1536x864.jpg 1536w, https:\/\/mueblesdetena.es\/wp-content\/uploads\/2026\/04\/cama-abatible-madera-metal-21-2048x1152.jpg 2048w, https:\/\/mueblesdetena.es\/wp-content\/uploads\/2026\/04\/cama-abatible-madera-metal-21-600x338.jpg 600w\" sizes=\"(max-width: 2560px) 100vw, 2560px\" \/><figcaption class=\"wp-element-caption\"><a href=\"https:\/\/mueblesdetena.es\/ru_ru\/cama-de-matrimonio-abatible-con-sofa\/\">Cama de matrimonio abatible con sof\u00e1<\/a><\/figcaption><\/figure>\n\n\n\n<div style=\"height:25px\" aria-hidden=\"true\" class=\"wp-block-spacer\"><\/div>\n\n\n\n<h2 class=\"wp-block-heading\"><span class=\"ez-toc-section\" id=\"Ventajas_claras_de_cada_tipo_de_cama_abatible\"><\/span>Ventajas claras de cada tipo de cama abatible<span class=\"ez-toc-section-end\"><\/span><\/h2>\n\n\n\n<h3 class=\"wp-block-heading\"><span class=\"ez-toc-section\" id=\"Lo_mejor_de_las_camas_abatibles_de_madera\"><\/span>Lo mejor de las camas abatibles de madera<span class=\"ez-toc-section-end\"><\/span><\/h3>\n\n\n\n<p class=\"has-medium-font-size wp-block-paragraph\">Las camas abatibles de madera destacan por su capacidad para transformar el dormitorio en un espacio elegante y acogedor. Su est\u00e9tica cuidada <strong>permite integrarlas con facilidad en estilos decorativos muy diversos<\/strong>, desde ambientes contempor\u00e1neos hasta propuestas m\u00e1s cl\u00e1sicas, aportando siempre una sensaci\u00f3n visual equilibrada y c\u00e1lida que invita al descanso diario.<\/p>\n\n\n\n<p class=\"has-medium-font-size wp-block-paragraph\">Uno de sus mayores atractivos es la integraci\u00f3n total con el mobiliario. Estas camas abatibles <strong>pueden formar parte de composiciones completas con armarios, estanter\u00edas o escritorios<\/strong>, creando un conjunto arm\u00f3nico y funcional. El resultado es un espacio ordenado, donde cada elemento parece dise\u00f1ado a medida y perfectamente conectado con el resto.<\/p>\n\n\n\n<p class=\"has-medium-font-size wp-block-paragraph\">Adem\u00e1s, transmiten una mayor sensaci\u00f3n de calidad y solidez. <strong>El tacto, los acabados y la presencia de la madera aportan una percepci\u00f3n m\u00e1s cercana a una cama tradicional<\/strong>. Esto se traduce en una experiencia de uso m\u00e1s confortable, especialmente en dormitorios donde se busca combinar practicidad sin renunciar al dise\u00f1o.<\/p>\n\n\n\n<h3 class=\"wp-block-heading\"><span class=\"ez-toc-section\" id=\"Lo_mejor_de_las_camas_abatibles_metalicas\"><\/span>Lo mejor de las camas abatibles met\u00e1licas<span class=\"ez-toc-section-end\"><\/span><\/h3>\n\n\n\n<p class=\"has-medium-font-size wp-block-paragraph\">Las camas abatibles met\u00e1licas <strong>destacan por su precio m\u00e1s accesible<\/strong>, convirti\u00e9ndose en una opci\u00f3n muy interesante para quienes buscan optimizar el espacio sin realizar una gran inversi\u00f3n. Esta ventaja permite incorporarlas f\u00e1cilmente en segundas residencias, apartamentos peque\u00f1os o habitaciones de uso puntual, manteniendo siempre una funcionalidad eficaz y resolutiva.<\/p>\n\n\n\n<p class=\"has-medium-font-size wp-block-paragraph\">Otro de sus puntos fuertes es la <strong>ligereza, tanto visual como estructural<\/strong>. Este tipo de camas abatibles suele resultar menos voluminoso, lo que ayuda a que el espacio se perciba m\u00e1s despejado. En estancias reducidas, esta cualidad puede marcar una gran diferencia, aportando sensaci\u00f3n de amplitud y facilitando una distribuci\u00f3n m\u00e1s flexible del entorno.<\/p>\n\n\n\n<p class=\"has-medium-font-size wp-block-paragraph\">La practicidad es, sin duda, su rasgo m\u00e1s caracter\u00edstico. <strong>Su dise\u00f1o sencillo favorece un uso c\u00f3modo y directo<\/strong>, ideal para quienes priorizan la funcionalidad en el d\u00eda a d\u00eda. Estas camas abatibles responden especialmente bien en contextos din\u00e1micos, donde se necesita una soluci\u00f3n r\u00e1pida, eficiente y f\u00e1cil de mantener sin complicaciones a\u00f1adidas.<\/p>\n\n\n\n<div style=\"height:25px\" aria-hidden=\"true\" class=\"wp-block-spacer\"><\/div>\n\n\n\n<h2 class=\"wp-block-heading\"><span class=\"ez-toc-section\" id=\"Inconvenientes_que_conviene_tener_en_cuenta\"><\/span>Inconvenientes que conviene tener en cuenta<span class=\"ez-toc-section-end\"><\/span><\/h2>\n\n\n\n<h3 class=\"wp-block-heading\"><span class=\"ez-toc-section\" id=\"Aspectos_a_valorar_en_las_de_madera\"><\/span>Aspectos a valorar en las de madera<span class=\"ez-toc-section-end\"><\/span><\/h3>\n\n\n\n<p class=\"has-medium-font-size wp-block-paragraph\">Las camas abatibles de madera destacan por su presencia s\u00f3lida, pero ese mismo car\u00e1cter implica un <strong>mayor peso estructural<\/strong>. Esto puede influir en la facilidad de apertura y cierre, especialmente en usos diarios, donde la ligereza se convierte en un factor clave para garantizar una experiencia c\u00f3moda y pr\u00e1ctica en el d\u00eda a d\u00eda.<\/p>\n\n\n\n<p class=\"has-medium-font-size wp-block-paragraph\">El precio suele ser otro de los aspectos a considerar. Al tratarse de muebles m\u00e1s elaborados, con acabados cuidados y mayor integraci\u00f3n est\u00e9tica, las camas abatibles de madera <strong>requieren una inversi\u00f3n superior<\/strong>. Esta diferencia responde tanto a los materiales como al dise\u00f1o, especialmente cuando forman parte de composiciones a medida dentro del dormitorio.<\/p>\n\n\n\n<p class=\"has-medium-font-size wp-block-paragraph\">Adem\u00e1s, la instalaci\u00f3n cobra una importancia decisiva. Las camas abatibles de madera <strong>necesitan un montaje preciso y seguro, generalmente anclado a pared<\/strong>, para garantizar estabilidad y durabilidad. Una instalaci\u00f3n incorrecta no solo afecta al funcionamiento, sino tambi\u00e9n a la seguridad, especialmente en entornos familiares o de uso frecuente continuado.<\/p>\n\n\n\n<h3 class=\"wp-block-heading\"><span class=\"ez-toc-section\" id=\"Aspectos_a_valorar_en_las_metalicas\"><\/span>Aspectos a valorar en las met\u00e1licas<span class=\"ez-toc-section-end\"><\/span><\/h3>\n\n\n\n<p class=\"has-medium-font-size wp-block-paragraph\">En el caso de las camas abatibles met\u00e1licas, uno de los principales inconvenientes es su <strong>menor capacidad decorativa<\/strong>. Su dise\u00f1o, m\u00e1s t\u00e9cnico y funcional, puede resultar menos atractivo en espacios donde la est\u00e9tica tiene un papel protagonista, limitando su integraci\u00f3n en ambientes que buscan una continuidad visual m\u00e1s cuidada.<\/p>\n\n\n\n<p class=\"has-medium-font-size wp-block-paragraph\">Con el paso del tiempo, <strong>pueden aparecer ligeros ruidos en el mecanismo o en la estructura<\/strong>, especialmente si el uso es intensivo. Aunque no siempre ocurre, es un aspecto a tener en cuenta en dormitorios donde el silencio es importante, ya que influye directamente en la sensaci\u00f3n de confort durante el descanso.<\/p>\n\n\n\n<p class=\"has-medium-font-size wp-block-paragraph\">Por \u00faltimo, <strong>la integraci\u00f3n visual suele ser m\u00e1s limitada<\/strong>. A diferencia de otros modelos, las camas abatibles met\u00e1licas no se funden con el mobiliario del entorno, lo que puede hacer que destaquen m\u00e1s de lo deseado. Este factor resulta relevante en espacios peque\u00f1os donde cada elemento influye en la percepci\u00f3n global del conjunto.<\/p>\n\n\n\n<div style=\"height:25px\" aria-hidden=\"true\" class=\"wp-block-spacer\"><\/div>\n\n\n\n<h2 class=\"wp-block-heading\"><span class=\"ez-toc-section\" id=\"%C2%BFQue_tipo_de_cama_abatible_es_mejor_para_ti\"><\/span>\u00bfQu\u00e9 tipo de cama abatible es mejor para ti?<span class=\"ez-toc-section-end\"><\/span><\/h2>\n\n\n\n<h3 class=\"wp-block-heading\"><span class=\"ez-toc-section\" id=\"Elige_una_cama_abatible_de_madera_si%E2%80%A6\"><\/span>Elige una cama abatible de madera si\u2026<span class=\"ez-toc-section-end\"><\/span><\/h3>\n\n\n\n<ul class=\"wp-block-list\">\n<li class=\"has-medium-font-size\">Si <strong>para ti la decoraci\u00f3n no es un detalle secundario<\/strong>, las camas abatibles de madera encajan de forma natural en espacios cuidados, donde cada pieza suma estilo. Su capacidad para integrarse con armarios, estanter\u00edas o panelados permite crear ambientes arm\u00f3nicos, donde la cama pr\u00e1cticamente desaparece cuando est\u00e1 recogida, aportando continuidad visual.<\/li>\n\n\n\n<li class=\"has-medium-font-size\"><strong>En dormitorios principales o juveniles<\/strong>, donde se busca equilibrio entre funcionalidad y est\u00e9tica, este tipo de soluci\u00f3n resulta especialmente acertado. Las camas abatibles de madera transmiten una sensaci\u00f3n m\u00e1s c\u00e1lida y acogedora, algo fundamental en estancias pensadas para el descanso diario, donde el confort visual influye directamente en el bienestar cotidiano.<\/li>\n\n\n\n<li class=\"has-medium-font-size\">Adem\u00e1s, <strong>si valoras los acabados elegantes y los detalles bien resueltos<\/strong>, la madera ofrece un plus dif\u00edcil de igualar. Desde tonos claros hasta acabados m\u00e1s sofisticados, permite adaptar el dise\u00f1o al estilo de la vivienda, logrando que las camas abatibles no solo cumplan una funci\u00f3n pr\u00e1ctica, sino tambi\u00e9n decorativa dentro del conjunto del hogar.<\/li>\n<\/ul>\n\n\n\n<h3 class=\"wp-block-heading\"><span class=\"ez-toc-section\" id=\"Elige_una_cama_abatible_metalica_si%E2%80%A6\"><\/span>Elige una cama abatible met\u00e1lica si\u2026<span class=\"ez-toc-section-end\"><\/span><\/h3>\n\n\n\n<ul class=\"wp-block-list\">\n<li class=\"has-medium-font-size\">Cuando lo que buscas es una <strong>soluci\u00f3n pr\u00e1ctica y sin complicaciones<\/strong>, las camas abatibles met\u00e1licas destacan por su enfoque funcional. Son ideales para quienes priorizan la utilidad por encima de la est\u00e9tica, ofreciendo una respuesta eficaz para optimizar el espacio sin necesidad de grandes intervenciones en el mobiliario existente en casa.<\/li>\n\n\n\n<li class=\"has-medium-font-size\">\u0412 <strong>estancias de uso ocasional<\/strong>, como habitaciones de invitados, segundas residencias o apartamentos peque\u00f1os, este tipo de camas abatibles cumple perfectamente su funci\u00f3n. Permiten disponer de una cama c\u00f3moda cuando se necesita, liberando espacio el resto del tiempo de forma r\u00e1pida, sencilla y sin condicionantes decorativos relevantes.<\/li>\n\n\n\n<li class=\"has-medium-font-size\"><strong>Si adem\u00e1s cuentas con un presupuesto m\u00e1s ajustado<\/strong>, las estructuras met\u00e1licas representan una opci\u00f3n accesible y equilibrada. Sin renunciar a la funcionalidad, permiten incorporar camas abatibles en el hogar con una inversi\u00f3n menor, resolviendo necesidades concretas de espacio con una soluci\u00f3n pr\u00e1ctica, ligera y f\u00e1cil de mantener en el d\u00eda a d\u00eda.<\/li>\n<\/ul>","protected":false},"excerpt":{"rendered":"<p>En las viviendas actuales, donde cada metro cuadrado cuenta, optimizar el espacio se ha convertido en una prioridad. Dormitorios m\u00e1s compactos, zonas multifuncionales y hogares vers\u00e1tiles exigen soluciones inteligentes. En este contexto, las camas abatibles han pasado de ser una opci\u00f3n puntual a una pieza clave en la organizaci\u00f3n del hogar contempor\u00e1neo. Su capacidad para [&hellip;]<\/p>\n","protected":false},"author":618,"featured_media":45002,"comment_status":"closed","ping_status":"closed","sticky":false,"template":"","format":"standard","meta":{"site-sidebar-layout":"default","site-content-layout":"","ast-site-content-layout":"default","site-content-style":"default","site-sidebar-style":"default","ast-global-header-display":"","ast-banner-title-visibility":"","ast-main-header-display":"","ast-hfb-above-header-display":"","ast-hfb-below-header-display":"","ast-hfb-mobile-header-display":"","site-post-title":"","ast-breadcrumbs-content":"","ast-featured-img":"","footer-sml-layout":"","ast-disable-related-posts":"","theme-transparent-header-meta":"","adv-header-id-meta":"","stick-header-meta":"","header-above-stick-meta":"","header-main-stick-meta":"","header-below-stick-meta":"","astra-migrate-meta-layouts":"set","ast-page-background-enabled":"default","ast-page-background-meta":{"desktop":{"background-color":"var(--ast-global-color-4)","background-image":"","background-repeat":"repeat","background-position":"center center","background-size":"auto","background-attachment":"scroll","background-type":"","background-media":"","overlay-type":"","overlay-color":"","overlay-opacity":"","overlay-gradient":""},"tablet":{"background-color":"","background-image":"","background-repeat":"repeat","background-position":"center center","background-size":"auto","background-attachment":"scroll","background-type":"","background-media":"","overlay-type":"","overlay-color":"","overlay-opacity":"","overlay-gradient":""},"mobile":{"background-color":"","background-image":"","background-repeat":"repeat","background-position":"center center","background-size":"auto","background-attachment":"scroll","background-type":"","background-media":"","overlay-type":"","overlay-color":"","overlay-opacity":"","overlay-gradient":""}},"ast-content-background-meta":{"desktop":{"background-color":"var(--ast-global-color-5)","background-image":"","background-repeat":"repeat","background-position":"center center","background-size":"auto","background-attachment":"scroll","background-type":"","background-media":"","overlay-type":"","overlay-color":"","overlay-opacity":"","overlay-gradient":""},"tablet":{"background-color":"var(--ast-global-color-5)","background-image":"","background-repeat":"repeat","background-position":"center center","background-size":"auto","background-attachment":"scroll","background-type":"","background-media":"","overlay-type":"","overlay-color":"","overlay-opacity":"","overlay-gradient":""},"mobile":{"background-color":"var(--ast-global-color-5)","background-image":"","background-repeat":"repeat","background-position":"center center","background-size":"auto","background-attachment":"scroll","background-type":"","background-media":"","overlay-type":"","overlay-color":"","overlay-opacity":"","overlay-gradient":""}},"_joinchat":[],"footnotes":""},"categories":[1],"tags":[],"class_list":["post-44963","post","type-post","status-publish","format-standard","has-post-thumbnail","hentry","category-sin-categoria"],"_links":{"self":[{"href":"https:\/\/mueblesdetena.es\/ru_ru\/wp-json\/wp\/v2\/posts\/44963","targetHints":{"allow":["GET"]}}],"collection":[{"href":"https:\/\/mueblesdetena.es\/ru_ru\/wp-json\/wp\/v2\/posts"}],"about":[{"href":"https:\/\/mueblesdetena.es\/ru_ru\/wp-json\/wp\/v2\/types\/post"}],"author":[{"embeddable":true,"href":"https:\/\/mueblesdetena.es\/ru_ru\/wp-json\/wp\/v2\/users\/618"}],"replies":[{"embeddable":true,"href":"https:\/\/mueblesdetena.es\/ru_ru\/wp-json\/wp\/v2\/comments?post=44963"}],"version-history":[{"count":3,"href":"https:\/\/mueblesdetena.es\/ru_ru\/wp-json\/wp\/v2\/posts\/44963\/revisions"}],"predecessor-version":[{"id":45004,"href":"https:\/\/mueblesdetena.es\/ru_ru\/wp-json\/wp\/v2\/posts\/44963\/revisions\/45004"}],"wp:featuredmedia":[{"embeddable":true,"href":"https:\/\/mueblesdetena.es\/ru_ru\/wp-json\/wp\/v2\/media\/45002"}],"wp:attachment":[{"href":"https:\/\/mueblesdetena.es\/ru_ru\/wp-json\/wp\/v2\/media?parent=44963"}],"wp:term":[{"taxonomy":"category","embeddable":true,"href":"https:\/\/mueblesdetena.es\/ru_ru\/wp-json\/wp\/v2\/categories?post=44963"},{"taxonomy":"post_tag","embeddable":true,"href":"https:\/\/mueblesdetena.es\/ru_ru\/wp-json\/wp\/v2\/tags?post=44963"}],"curies":[{"name":"wp","href":"https:\/\/api.w.org\/{rel}","templated":true}]}}