{"id":45008,"date":"2026-04-08T23:25:23","date_gmt":"2026-04-08T21:25:23","guid":{"rendered":"https:\/\/mueblesdetena.es\/camas-abatibles-con-sofa-para-ganar-espacio\/"},"modified":"2026-04-09T06:54:37","modified_gmt":"2026-04-09T04:54:37","slug":"camas-abatibles-con-sofa-para-ganar-espacio","status":"publish","type":"post","link":"https:\/\/mueblesdetena.es\/ru_ru\/camas-abatibles-con-sofa-para-ganar-espacio\/","title":{"rendered":"Camas abatibles con sof\u00e1 para ganar espacio"},"content":{"rendered":"<p>Hay una diferencia enorme entre una habitaci\u00f3n peque\u00f1a y una habitaci\u00f3n bien aprovechada. Las camas abatibles con sofa no solo ahorran espacio: cambian la forma de usar el cuarto durante el d\u00eda, permiten sentarse con comodidad y evitan que una cama abierta marque toda la distribuci\u00f3n. Cuando los metros son justos, acertar con este mueble se nota cada d\u00eda.<\/p>\n<p>Este tipo de soluci\u00f3n funciona especialmente bien en pisos urbanos, habitaciones juveniles, cuartos de invitados y estancias que hacen de todo un poco. Dormitorio por la noche, zona de estudio o de estar durante el d\u00eda. Si esa es tu realidad, no necesitas un mueble bonito sin m\u00e1s. Necesitas uno pr\u00e1ctico, resistente y f\u00e1cil de usar.<\/p>\n<div id=\"ez-toc-container\" class=\"ez-toc-v2_0_85 counter-hierarchy ez-toc-counter ez-toc-grey ez-toc-container-direction\">\n<div class=\"ez-toc-title-container\">\n<p class=\"ez-toc-title\" style=\"cursor:inherit\">Table of Contents<\/p>\n<span class=\"ez-toc-title-toggle\"><a href=\"#\" class=\"ez-toc-pull-right ez-toc-btn ez-toc-btn-xs ez-toc-btn-default ez-toc-toggle\" aria-label=\"Toggle Table of Content\"><span class=\"ez-toc-js-icon-con\"><span class=\"\"><span class=\"eztoc-hide\" style=\"display:none;\">Toggle<\/span><span class=\"ez-toc-icon-toggle-span\"><svg style=\"fill: #999;color:#999\" xmlns=\"http:\/\/www.w3.org\/2000\/svg\" class=\"list-377408\" width=\"20px\" height=\"20px\" viewbox=\"0 0 24 24\" fill=\"none\"><path d=\"M6 6H4v2h2V6zm14 0H8v2h12V6zM4 11h2v2H4v-2zm16 0H8v2h12v-2zM4 16h2v2H4v-2zm16 0H8v2h12v-2z\" fill=\"currentColor\"><\/path><\/svg><svg style=\"fill: #999;color:#999\" class=\"arrow-unsorted-368013\" xmlns=\"http:\/\/www.w3.org\/2000\/svg\" width=\"10px\" height=\"10px\" viewbox=\"0 0 24 24\" version=\"1.2\" baseprofile=\"tiny\"><path d=\"M18.2 9.3l-6.2-6.3-6.2 6.3c-.2.2-.3.4-.3.7s.1.5.3.7c.2.2.4.3.7.3h11c.3 0 .5-.1.7-.3.2-.2.3-.5.3-.7s-.1-.5-.3-.7zM5.8 14.7l6.2 6.3 6.2-6.3c.2-.2.3-.5.3-.7s-.1-.5-.3-.7c-.2-.2-.4-.3-.7-.3h-11c-.3 0-.5.1-.7.3-.2.2-.3.5-.3.7s.1.5.3.7z\"\/><\/svg><\/span><\/span><\/span><\/a><\/span><\/div>\n<nav><ul class='ez-toc-list ez-toc-list-level-1' ><li class='ez-toc-page-1 ez-toc-heading-level-2'><a class=\"ez-toc-link ez-toc-heading-1\" href=\"https:\/\/mueblesdetena.es\/ru_ru\/camas-abatibles-con-sofa-para-ganar-espacio\/#Por_que_las_camas_abatibles_con_sofa_tienen_tanta_demanda\" >Por qu\u00e9 las camas abatibles con sof\u00e1 tienen tanta demanda<\/a><\/li><li class='ez-toc-page-1 ez-toc-heading-level-2'><a class=\"ez-toc-link ez-toc-heading-2\" href=\"https:\/\/mueblesdetena.es\/ru_ru\/camas-abatibles-con-sofa-para-ganar-espacio\/#Que_mirar_antes_de_comprar_camas_abatibles_con_sofa\" >Qu\u00e9 mirar antes de comprar camas abatibles con sof\u00e1<\/a><\/li><li class='ez-toc-page-1 ez-toc-heading-level-2'><a class=\"ez-toc-link ez-toc-heading-3\" href=\"https:\/\/mueblesdetena.es\/ru_ru\/camas-abatibles-con-sofa-para-ganar-espacio\/#El_colchon_y_la_estructura_donde_se_decide_la_comodidad\" >El colch\u00f3n y la estructura: donde se decide la comodidad<\/a><\/li><li class='ez-toc-page-1 ez-toc-heading-level-2'><a class=\"ez-toc-link ez-toc-heading-4\" href=\"https:\/\/mueblesdetena.es\/ru_ru\/camas-abatibles-con-sofa-para-ganar-espacio\/#Donde_encajan_mejor_en_casa\" >D\u00f3nde encajan mejor en casa<\/a><\/li><li class='ez-toc-page-1 ez-toc-heading-level-2'><a class=\"ez-toc-link ez-toc-heading-5\" href=\"https:\/\/mueblesdetena.es\/ru_ru\/camas-abatibles-con-sofa-para-ganar-espacio\/#Ventajas_reales_y_limites_que_conviene_tener_claros\" >Ventajas reales y l\u00edmites que conviene tener claros<\/a><\/li><li class='ez-toc-page-1 ez-toc-heading-level-2'><a class=\"ez-toc-link ez-toc-heading-6\" href=\"https:\/\/mueblesdetena.es\/ru_ru\/camas-abatibles-con-sofa-para-ganar-espacio\/#Como_acertar_con_el_modelo_segun_tu_caso\" >C\u00f3mo acertar con el modelo seg\u00fan tu caso<\/a><\/li><li class='ez-toc-page-1 ez-toc-heading-level-2'><a class=\"ez-toc-link ez-toc-heading-7\" href=\"https:\/\/mueblesdetena.es\/ru_ru\/camas-abatibles-con-sofa-para-ganar-espacio\/#Precio_financiacion_y_compra_sin_sorpresas\" >Precio, financiaci\u00f3n y compra sin sorpresas<\/a><\/li><li class='ez-toc-page-1 ez-toc-heading-level-2'><a class=\"ez-toc-link ez-toc-heading-8\" href=\"https:\/\/mueblesdetena.es\/ru_ru\/camas-abatibles-con-sofa-para-ganar-espacio\/#Un_consejo_final_antes_de_decidir\" >Un consejo final antes de decidir<\/a><\/li><\/ul><\/nav><\/div>\n<h2><span class=\"ez-toc-section\" id=\"Por_que_las_camas_abatibles_con_sofa_tienen_tanta_demanda\"><\/span>Por qu\u00e9 las camas abatibles con sof\u00e1 tienen tanta demanda<img fetchpriority=\"high\" decoding=\"async\" class=\"alignnone size-medium wp-image-44960\" src=\"https:\/\/mueblesdetena.es\/wp-content\/uploads\/2025\/03\/cama-abatible-con-sofa-en-badalona-300x175.jpg\" alt=\"\" width=\"300\" height=\"175\" srcset=\"https:\/\/mueblesdetena.es\/wp-content\/uploads\/2025\/03\/cama-abatible-con-sofa-en-badalona-300x175.jpg 300w, https:\/\/mueblesdetena.es\/wp-content\/uploads\/2025\/03\/cama-abatible-con-sofa-en-badalona-1024x596.jpg 1024w, https:\/\/mueblesdetena.es\/wp-content\/uploads\/2025\/03\/cama-abatible-con-sofa-en-badalona-768x447.jpg 768w, https:\/\/mueblesdetena.es\/wp-content\/uploads\/2025\/03\/cama-abatible-con-sofa-en-badalona-1536x894.jpg 1536w, https:\/\/mueblesdetena.es\/wp-content\/uploads\/2025\/03\/cama-abatible-con-sofa-en-badalona-600x349.jpg 600w, https:\/\/mueblesdetena.es\/wp-content\/uploads\/2025\/03\/cama-abatible-con-sofa-en-badalona.jpg 1762w\" sizes=\"(max-width: 300px) 100vw, 300px\" \/><span class=\"ez-toc-section-end\"><\/span><\/h2>\n<p>La raz\u00f3n es sencilla: resuelven dos necesidades a la vez. Por un lado, ofrecen una cama de uso real, no una soluci\u00f3n improvisada para salir del paso. Por otro, incorporan un sof\u00e1 que deja la estancia lista para sentarse, leer, ver la tele o recibir visitas sin tener la cama siempre a la vista.<\/p>\n<p>Eso las convierte en una opci\u00f3n muy buscada en viviendas donde cada metro cuenta. En una habitaci\u00f3n juvenil, por ejemplo, liberan superficie para jugar, estudiar o simplemente moverse mejor. En un despacho que tambi\u00e9n se usa como cuarto de invitados, permiten mantener una imagen ordenada sin renunciar a una cama c\u00f3moda. Y en salones peque\u00f1os, ayudan a tener un extra de descanso sin recurrir a una segunda habitaci\u00f3n.<\/p>\n<p>Ahora bien, no todas las necesidades son iguales. Hay quien busca una cama para uso diario y quien la necesita solo algunos fines de semana. Hay quien prioriza el sof\u00e1 porque pasa muchas horas sentado y quien necesita m\u00e1s almacenamiento alrededor. Ah\u00ed es donde conviene mirar m\u00e1s all\u00e1 de la foto.<\/p>\n<p>En muebles detena tenemos una amplia gama de camas abatibles con los precios mas bajos .<\/p>\n<p>https:\/\/mueblesdetena.es\/matrimonio-estructura-madera\/<\/p>\n<h2><span class=\"ez-toc-section\" id=\"Que_mirar_antes_de_comprar_camas_abatibles_con_sofa\"><\/span>Qu\u00e9 mirar antes de comprar camas abatibles con sof\u00e1<img decoding=\"async\" class=\"alignnone size-medium wp-image-44780\" src=\"https:\/\/mueblesdetena.es\/wp-content\/uploads\/2022\/02\/litera-abatible-con-sofa--300x224.jpg\" alt=\"\" width=\"300\" height=\"224\" srcset=\"https:\/\/mueblesdetena.es\/wp-content\/uploads\/2022\/02\/litera-abatible-con-sofa--300x224.jpg 300w, https:\/\/mueblesdetena.es\/wp-content\/uploads\/2022\/02\/litera-abatible-con-sofa--1024x765.jpg 1024w, https:\/\/mueblesdetena.es\/wp-content\/uploads\/2022\/02\/litera-abatible-con-sofa--768x573.jpg 768w, https:\/\/mueblesdetena.es\/wp-content\/uploads\/2022\/02\/litera-abatible-con-sofa--1536x1147.jpg 1536w, https:\/\/mueblesdetena.es\/wp-content\/uploads\/2022\/02\/litera-abatible-con-sofa--2048x1529.jpg 2048w, https:\/\/mueblesdetena.es\/wp-content\/uploads\/2022\/02\/litera-abatible-con-sofa--600x448.jpg 600w\" sizes=\"(max-width: 300px) 100vw, 300px\" \/><span class=\"ez-toc-section-end\"><\/span><\/h2>\n<p>Lo primero es el uso real. Si va a ser una cama principal, la estructura, el sistema de apertura y el colch\u00f3n deben estar preparados para un uso frecuente. Si solo se utilizar\u00e1 de forma ocasional, quiz\u00e1 puedas dar m\u00e1s peso al dise\u00f1o, al precio o a la integraci\u00f3n con el resto del mobiliario.<\/p>\n<p>La medida tambi\u00e9n manda. No se trata solo del ancho de la cama cerrada, sino del espacio libre necesario al abrirla. Muchas veces el error est\u00e1 en calcular el hueco de pared y olvidar la circulaci\u00f3n. Debe quedar sitio para abrir con comodidad, pasar sin obst\u00e1culos y usar el sof\u00e1 sin sensaci\u00f3n de agobio.<\/p>\n<p>El tipo de apertura influye mucho. En general, las <a href=\"https:\/\/mueblesdetena.es\/ru_ru\/cama-abatible-vertical-105x190-nova\/\">camas abatibles verticales<\/a> aprovechan mejor paredes altas y suelen encajar bien en dormitorios o cuartos de invitados. Las horizontales son muy \u00fatiles cuando la habitaci\u00f3n tiene techos m\u00e1s bajos o una pared larga disponible. Ninguna es mejor en absoluto. Depende del plano, de la puerta, de la ventana y de c\u00f3mo quieras mover el resto de muebles.<\/p>\n<p>Tambi\u00e9n conviene fijarse en el sof\u00e1 integrado. No todos ofrecen la misma sentada ni la misma profundidad. En algunos modelos el protagonismo lo tiene la cama y el sof\u00e1 cumple de forma correcta. En otros, el sof\u00e1 est\u00e1 mejor resuelto para un uso diario. Si la estancia va a funcionar de verdad como sala de estar, este punto importa mucho m\u00e1s de lo que parece.<\/p>\n<h2><span class=\"ez-toc-section\" id=\"El_colchon_y_la_estructura_donde_se_decide_la_comodidad\"><\/span>El colch\u00f3n y la estructura: donde se decide la comodidad<img decoding=\"async\" class=\"alignnone size-medium wp-image-44499\" src=\"https:\/\/mueblesdetena.es\/wp-content\/uploads\/2021\/09\/abatible-300x217.jpg\" alt=\"\" width=\"300\" height=\"217\" srcset=\"https:\/\/mueblesdetena.es\/wp-content\/uploads\/2021\/09\/abatible-300x217.jpg 300w, https:\/\/mueblesdetena.es\/wp-content\/uploads\/2021\/09\/abatible-1024x741.jpg 1024w, https:\/\/mueblesdetena.es\/wp-content\/uploads\/2021\/09\/abatible-768x556.jpg 768w, https:\/\/mueblesdetena.es\/wp-content\/uploads\/2021\/09\/abatible-600x434.jpg 600w, https:\/\/mueblesdetena.es\/wp-content\/uploads\/2021\/09\/abatible.jpg 1406w\" sizes=\"(max-width: 300px) 100vw, 300px\" \/><span class=\"ez-toc-section-end\"><\/span><\/h2>\n<p>Una cama abatible puede ahorrar mucho espacio, pero si no descansas bien, el ahorro sale caro. Por eso merece la pena prestar atenci\u00f3n al colch\u00f3n compatible con el sistema. El grosor m\u00e1ximo permitido, la firmeza y la transpirabilidad son claves para que el conjunto funcione correctamente.<\/p>\n<p>Para uso diario, lo razonable es buscar una base s\u00f3lida y un mecanismo estable, con apertura asistida y sensaci\u00f3n de seguridad al bajar y subir la cama. No deber\u00eda dar pereza usarla. Si abrirla requiere esfuerzo o parece fr\u00e1gil, al final se convierte en una soluci\u00f3n inc\u00f3moda.<\/p>\n<p>La calidad de los herrajes marca la diferencia con el paso del tiempo. En muebles transformables, la estructura no es un detalle secundario. Es lo que sostiene el uso repetido. Un buen sistema reduce ruidos, mejora la maniobra y transmite confianza. Y eso, en el d\u00eda a d\u00eda, vale mucho.<\/p>\n<h2><span class=\"ez-toc-section\" id=\"Donde_encajan_mejor_en_casa\"><\/span>D\u00f3nde encajan mejor en casa<img loading=\"lazy\" decoding=\"async\" class=\"alignnone size-medium wp-image-44490\" src=\"https:\/\/mueblesdetena.es\/wp-content\/uploads\/2024\/12\/llit-plegable-amb-sofa-300x243.jpg\" alt=\"\" width=\"300\" height=\"243\" srcset=\"https:\/\/mueblesdetena.es\/wp-content\/uploads\/2024\/12\/llit-plegable-amb-sofa-300x243.jpg 300w, https:\/\/mueblesdetena.es\/wp-content\/uploads\/2024\/12\/llit-plegable-amb-sofa-1024x831.jpg 1024w, https:\/\/mueblesdetena.es\/wp-content\/uploads\/2024\/12\/llit-plegable-amb-sofa-768x623.jpg 768w, https:\/\/mueblesdetena.es\/wp-content\/uploads\/2024\/12\/llit-plegable-amb-sofa-600x487.jpg 600w, https:\/\/mueblesdetena.es\/wp-content\/uploads\/2024\/12\/llit-plegable-amb-sofa.jpg 1252w\" sizes=\"(max-width: 300px) 100vw, 300px\" \/><span class=\"ez-toc-section-end\"><\/span><\/h2>\n<p>En dormitorios juveniles son una de las opciones m\u00e1s completas. Durante el d\u00eda queda una zona despejada para estudiar o recibir amigos, y por la noche aparece una cama de verdad. Si adem\u00e1s se combina con m\u00f3dulos de almacenaje, el resultado es muy pr\u00e1ctico para habitaciones que necesitan rendir al m\u00e1ximo.<\/p>\n<p>En habitaciones de invitados tambi\u00e9n tienen mucho sentido. No todo el mundo puede dedicar un cuarto entero a una cama que se usa pocas veces al a\u00f1o. Con una cama abatible con sof\u00e1, esa estancia puede seguir siendo un despacho, una sala de lectura o una habitaci\u00f3n polivalente sin perder su funci\u00f3n de descanso cuando haga falta.<\/p>\n<p>En salones peque\u00f1os, el criterio debe ser m\u00e1s fino. Aqu\u00ed el sof\u00e1 suele tener un uso continuo, as\u00ed que conviene valorar muy bien la comodidad de asiento y la facilidad de apertura. Si se acierta con las medidas, puede ser una soluci\u00f3n excelente para estudios, apartamentos o viviendas donde una sola estancia debe hacerlo casi todo.<\/p>\n<h2><span class=\"ez-toc-section\" id=\"Ventajas_reales_y_limites_que_conviene_tener_claros\"><\/span>Ventajas reales y l\u00edmites que conviene tener claros<img loading=\"lazy\" decoding=\"async\" class=\"alignnone size-medium wp-image-44410\" src=\"https:\/\/mueblesdetena.es\/wp-content\/uploads\/2022\/02\/cama-abatible-con-sofa-2-300x254.jpg\" alt=\"\" width=\"300\" height=\"254\" srcset=\"https:\/\/mueblesdetena.es\/wp-content\/uploads\/2022\/02\/cama-abatible-con-sofa-2-300x254.jpg 300w, https:\/\/mueblesdetena.es\/wp-content\/uploads\/2022\/02\/cama-abatible-con-sofa-2-1024x868.jpg 1024w, https:\/\/mueblesdetena.es\/wp-content\/uploads\/2022\/02\/cama-abatible-con-sofa-2-768x651.jpg 768w, https:\/\/mueblesdetena.es\/wp-content\/uploads\/2022\/02\/cama-abatible-con-sofa-2-600x509.jpg 600w, https:\/\/mueblesdetena.es\/wp-content\/uploads\/2022\/02\/cama-abatible-con-sofa-2.jpg 1182w\" sizes=\"(max-width: 300px) 100vw, 300px\" \/><span class=\"ez-toc-section-end\"><\/span><\/h2>\n<p>La ventaja principal es evidente: ganas metros \u00fatiles sin renunciar a una cama completa. Adem\u00e1s, visualmente ayudan a mantener el orden. Una habitaci\u00f3n con la cama recogida parece m\u00e1s amplia, m\u00e1s limpia y m\u00e1s f\u00e1cil de aprovechar.<\/p>\n<p>Otra ventaja importante es que concentran funciones. En lugar de comprar cama por un lado y sof\u00e1 por otro, re\u00fanes ambas piezas en un solo frente. Eso simplifica la distribuci\u00f3n y puede hacer m\u00e1s eficiente la inversi\u00f3n, sobre todo cuando el espacio disponible no permite muchas combinaciones.<\/p>\n<p>Pero tambi\u00e9n hay l\u00edmites. Suelen requerir una pared bien definida y una instalaci\u00f3n correcta. No son muebles para mover cada dos meses. Adem\u00e1s, si eliges un modelo por precio y no por uso, puedes acabar con un sof\u00e1 justo o con una cama que no responde como esperabas. Aqu\u00ed conviene ser pr\u00e1ctico: no se trata de comprar lo m\u00e1s barato, sino lo que realmente encaja.<\/p>\n<h2><span class=\"ez-toc-section\" id=\"Como_acertar_con_el_modelo_segun_tu_caso\"><\/span>C\u00f3mo acertar con el modelo seg\u00fan tu caso<img loading=\"lazy\" decoding=\"async\" class=\"alignnone size-medium wp-image-44415\" src=\"https:\/\/mueblesdetena.es\/wp-content\/uploads\/2023\/12\/Captura-de-pantalla-2026-03-03-093124-300x200.jpg\" alt=\"\" width=\"300\" height=\"200\" srcset=\"https:\/\/mueblesdetena.es\/wp-content\/uploads\/2023\/12\/Captura-de-pantalla-2026-03-03-093124-300x200.jpg 300w, https:\/\/mueblesdetena.es\/wp-content\/uploads\/2023\/12\/Captura-de-pantalla-2026-03-03-093124-1024x682.jpg 1024w, https:\/\/mueblesdetena.es\/wp-content\/uploads\/2023\/12\/Captura-de-pantalla-2026-03-03-093124-768x511.jpg 768w, https:\/\/mueblesdetena.es\/wp-content\/uploads\/2023\/12\/Captura-de-pantalla-2026-03-03-093124-600x400.jpg 600w, https:\/\/mueblesdetena.es\/wp-content\/uploads\/2023\/12\/Captura-de-pantalla-2026-03-03-093124.jpg 1506w\" sizes=\"(max-width: 300px) 100vw, 300px\" \/><span class=\"ez-toc-section-end\"><\/span><\/h2>\n<p>Si buscas una soluci\u00f3n para una primera vivienda o un piso peque\u00f1o, lo m\u00e1s sensato es priorizar versatilidad. Una cama de matrimonio abatible con sof\u00e1 puede convertir un cuarto auxiliar en una estancia muy \u00fatil sin saturarlo. Si el uso ser\u00e1 habitual, merece la pena subir un poco el nivel de estructura y colch\u00f3n.<\/p>\n<p>Para una <a href=\"https:\/\/mueblesdetena.es\/ru_ru\/dormitorio-juvenil-bsc23\/\">habitaci\u00f3n juvenil<\/a> o de adolescente, suele funcionar muy bien una composici\u00f3n compacta que combine cama abatible, sof\u00e1 y almacenamiento. Aqu\u00ed importa que el conjunto sea f\u00e1cil de usar y resistente, porque el ritmo diario es intenso y el mueble debe acompa\u00f1arlo sin complicaciones.<\/p>\n<p>Si se trata de una habitaci\u00f3n de invitados, puedes permitirte una elecci\u00f3n m\u00e1s enfocada al equilibrio entre est\u00e9tica, precio y confort ocasional. En estos casos, muchas familias buscan una soluci\u00f3n que mantenga la habitaci\u00f3n recogida la mayor parte del tiempo y que responda bien cuando viene alguien a dormir.<\/p>\n<p>En una tienda especializada como Muebles Detena, este tipo de decisi\u00f3n resulta m\u00e1s sencilla porque puedes comparar <a href=\"https:\/\/mueblesdetena.es\/ru_ru\/composicion-con-cama-abatible\/\">opciones pensadas<\/a> justo para estos escenarios y pedir asesoramiento seg\u00fan tus medidas, presupuesto y forma de uso.<\/p>\n<h2><span class=\"ez-toc-section\" id=\"Precio_financiacion_y_compra_sin_sorpresas\"><\/span>Precio, financiaci\u00f3n y compra sin sorpresas<img loading=\"lazy\" decoding=\"async\" class=\"alignnone size-medium wp-image-44220\" src=\"https:\/\/mueblesdetena.es\/wp-content\/uploads\/2024\/05\/prime1-300x236.jpg\" alt=\"\" width=\"300\" height=\"236\" srcset=\"https:\/\/mueblesdetena.es\/wp-content\/uploads\/2024\/05\/prime1-300x236.jpg 300w, https:\/\/mueblesdetena.es\/wp-content\/uploads\/2024\/05\/prime1-1024x806.jpg 1024w, https:\/\/mueblesdetena.es\/wp-content\/uploads\/2024\/05\/prime1-768x604.jpg 768w, https:\/\/mueblesdetena.es\/wp-content\/uploads\/2024\/05\/prime1-600x472.jpg 600w, https:\/\/mueblesdetena.es\/wp-content\/uploads\/2024\/05\/prime1.jpg 1243w\" sizes=\"(max-width: 300px) 100vw, 300px\" \/><span class=\"ez-toc-section-end\"><\/span><\/h2>\n<p>El precio de las camas abatibles con sof\u00e1 var\u00eda seg\u00fan medidas, materiales, sistema de apertura, acabados y composici\u00f3n. No es solo una cama, ni solo un sof\u00e1. Es un mueble transformable que debe responder bien en varios frentes. Por eso, comparar \u00fanicamente por importe final puede llevar a errores.<\/p>\n<p>Conviene mirar qu\u00e9 incluye cada propuesta. Hay composiciones m\u00e1s b\u00e1sicas y otras m\u00e1s completas, con armarios, estanter\u00edas o m\u00f3dulos adicionales. A veces una opci\u00f3n algo superior de precio resuelve mejor la estancia y evita compras posteriores. El ahorro real no siempre est\u00e1 en pagar menos al principio.<\/p>\n<p>Tambi\u00e9n ayuda mucho contar con facilidades de pago, presupuesto claro y garant\u00eda amplia. Cuando compras un mueble funcional para usar a diario, la tranquilidad es parte del valor. Saber que habr\u00e1 respuesta ante cualquier incidencia reduce dudas y hace la decisi\u00f3n m\u00e1s f\u00e1cil.<\/p>\n<h2><span class=\"ez-toc-section\" id=\"Un_consejo_final_antes_de_decidir\"><\/span>Un consejo final antes de decidir<span class=\"ez-toc-section-end\"><\/span><\/h2>\n<p>Si est\u00e1s valorando una cama abatible con sof\u00e1, piensa menos en c\u00f3mo queda en una foto y m\u00e1s en c\u00f3mo vas a vivir ese espacio de lunes a domingo. Mide bien, prioriza el uso real y pide una opci\u00f3n que te resuelva la habitaci\u00f3n completa, no solo el hueco de la pared. Cuando el mueble encaja de verdad con tu casa, se nota desde el primer d\u00eda.<\/p>","protected":false},"excerpt":{"rendered":"<p>Descubre c\u00f3mo elegir camas abatibles con sofa seg\u00fan tu espacio, uso y presupuesto. M\u00e1s comodidad, orden y metros \u00fatiles en casa.<\/p>","protected":false},"author":267,"featured_media":44975,"comment_status":"closed","ping_status":"closed","sticky":false,"template":"","format":"standard","meta":{"site-sidebar-layout":"default","site-content-layout":"","ast-site-content-layout":"default","site-content-style":"default","site-sidebar-style":"default","ast-global-header-display":"","ast-banner-title-visibility":"","ast-main-header-display":"","ast-hfb-above-header-display":"","ast-hfb-below-header-display":"","ast-hfb-mobile-header-display":"","site-post-title":"","ast-breadcrumbs-content":"","ast-featured-img":"","footer-sml-layout":"","ast-disable-related-posts":"","theme-transparent-header-meta":"","adv-header-id-meta":"","stick-header-meta":"","header-above-stick-meta":"","header-main-stick-meta":"","header-below-stick-meta":"","astra-migrate-meta-layouts":"set","ast-page-background-enabled":"default","ast-page-background-meta":{"desktop":{"background-color":"var(--ast-global-color-4)","background-image":"","background-repeat":"repeat","background-position":"center center","background-size":"auto","background-attachment":"scroll","background-type":"","background-media":"","overlay-type":"","overlay-color":"","overlay-opacity":"","overlay-gradient":""},"tablet":{"background-color":"","background-image":"","background-repeat":"repeat","background-position":"center center","background-size":"auto","background-attachment":"scroll","background-type":"","background-media":"","overlay-type":"","overlay-color":"","overlay-opacity":"","overlay-gradient":""},"mobile":{"background-color":"","background-image":"","background-repeat":"repeat","background-position":"center center","background-size":"auto","background-attachment":"scroll","background-type":"","background-media":"","overlay-type":"","overlay-color":"","overlay-opacity":"","overlay-gradient":""}},"ast-content-background-meta":{"desktop":{"background-color":"var(--ast-global-color-5)","background-image":"","background-repeat":"repeat","background-position":"center center","background-size":"auto","background-attachment":"scroll","background-type":"","background-media":"","overlay-type":"","overlay-color":"","overlay-opacity":"","overlay-gradient":""},"tablet":{"background-color":"var(--ast-global-color-5)","background-image":"","background-repeat":"repeat","background-position":"center center","background-size":"auto","background-attachment":"scroll","background-type":"","background-media":"","overlay-type":"","overlay-color":"","overlay-opacity":"","overlay-gradient":""},"mobile":{"background-color":"var(--ast-global-color-5)","background-image":"","background-repeat":"repeat","background-position":"center center","background-size":"auto","background-attachment":"scroll","background-type":"","background-media":"","overlay-type":"","overlay-color":"","overlay-opacity":"","overlay-gradient":""}},"_joinchat":[],"footnotes":""},"categories":[1],"tags":[],"class_list":["post-45008","post","type-post","status-publish","format-standard","has-post-thumbnail","hentry","category-sin-categoria"],"_links":{"self":[{"href":"https:\/\/mueblesdetena.es\/ru_ru\/wp-json\/wp\/v2\/posts\/45008","targetHints":{"allow":["GET"]}}],"collection":[{"href":"https:\/\/mueblesdetena.es\/ru_ru\/wp-json\/wp\/v2\/posts"}],"about":[{"href":"https:\/\/mueblesdetena.es\/ru_ru\/wp-json\/wp\/v2\/types\/post"}],"author":[{"embeddable":true,"href":"https:\/\/mueblesdetena.es\/ru_ru\/wp-json\/wp\/v2\/users\/267"}],"replies":[{"embeddable":true,"href":"https:\/\/mueblesdetena.es\/ru_ru\/wp-json\/wp\/v2\/comments?post=45008"}],"version-history":[{"count":2,"href":"https:\/\/mueblesdetena.es\/ru_ru\/wp-json\/wp\/v2\/posts\/45008\/revisions"}],"predecessor-version":[{"id":45016,"href":"https:\/\/mueblesdetena.es\/ru_ru\/wp-json\/wp\/v2\/posts\/45008\/revisions\/45016"}],"wp:featuredmedia":[{"embeddable":true,"href":"https:\/\/mueblesdetena.es\/ru_ru\/wp-json\/wp\/v2\/media\/44975"}],"wp:attachment":[{"href":"https:\/\/mueblesdetena.es\/ru_ru\/wp-json\/wp\/v2\/media?parent=45008"}],"wp:term":[{"taxonomy":"category","embeddable":true,"href":"https:\/\/mueblesdetena.es\/ru_ru\/wp-json\/wp\/v2\/categories?post=45008"},{"taxonomy":"post_tag","embeddable":true,"href":"https:\/\/mueblesdetena.es\/ru_ru\/wp-json\/wp\/v2\/tags?post=45008"}],"curies":[{"name":"wp","href":"https:\/\/api.w.org\/{rel}","templated":true}]}}