{"id":45089,"date":"2026-04-13T15:26:09","date_gmt":"2026-04-13T13:26:09","guid":{"rendered":"https:\/\/mueblesdetena.es\/?p=45089"},"modified":"2026-04-13T15:29:40","modified_gmt":"2026-04-13T13:29:40","slug":"cuantas-personas-caben-en-una-mesa-guia-completa-para-elegir-bien-y-no-equivocarte","status":"publish","type":"post","link":"https:\/\/mueblesdetena.es\/ru_ru\/cuantas-personas-caben-en-una-mesa-guia-completa-para-elegir-bien-y-no-equivocarte\/","title":{"rendered":"\u00bfCu\u00e1ntas personas caben en una mesa? Gu\u00eda completa para elegir bien (y no equivocarte)"},"content":{"rendered":"<p class=\"wp-block-paragraph\"><\/p>\n\n\n\n<p class=\"wp-block-paragraph\">Elegir una mesa no es solo cuesti\u00f3n de dise\u00f1o. Una de las dudas m\u00e1s habituales de nuestros clientes en <strong>Muebles Detena (Badalona)<\/strong> es:<\/p>\n\n\n\n<p class=\"wp-block-paragraph\">\ud83d\udc49 <em>\u201c\u00bfCu\u00e1ntas personas caben realmente en esta mesa?\u201d<\/em><\/p>\n\n\n\n<p class=\"wp-block-paragraph\">En esta gu\u00eda te lo explicamos de forma clara para que elijas bien desde el principio y aproveches al m\u00e1ximo tu espacio, tanto en el d\u00eda a d\u00eda como cuando tienes invitados.<\/p>\n\n\n\n<hr class=\"wp-block-separator has-alpha-channel-opacity\"\/>\n\n\n\n<div id=\"ez-toc-container\" class=\"ez-toc-v2_0_85 counter-hierarchy ez-toc-counter ez-toc-grey ez-toc-container-direction\">\n<div class=\"ez-toc-title-container\">\n<p class=\"ez-toc-title\" style=\"cursor:inherit\">Table of Contents<\/p>\n<span class=\"ez-toc-title-toggle\"><a href=\"#\" class=\"ez-toc-pull-right ez-toc-btn ez-toc-btn-xs ez-toc-btn-default ez-toc-toggle\" aria-label=\"Toggle Table of Content\"><span class=\"ez-toc-js-icon-con\"><span class=\"\"><span class=\"eztoc-hide\" style=\"display:none;\">Toggle<\/span><span class=\"ez-toc-icon-toggle-span\"><svg style=\"fill: #999;color:#999\" xmlns=\"http:\/\/www.w3.org\/2000\/svg\" class=\"list-377408\" width=\"20px\" height=\"20px\" viewbox=\"0 0 24 24\" fill=\"none\"><path d=\"M6 6H4v2h2V6zm14 0H8v2h12V6zM4 11h2v2H4v-2zm16 0H8v2h12v-2zM4 16h2v2H4v-2zm16 0H8v2h12v-2z\" fill=\"currentColor\"><\/path><\/svg><svg style=\"fill: #999;color:#999\" class=\"arrow-unsorted-368013\" xmlns=\"http:\/\/www.w3.org\/2000\/svg\" width=\"10px\" height=\"10px\" viewbox=\"0 0 24 24\" version=\"1.2\" baseprofile=\"tiny\"><path d=\"M18.2 9.3l-6.2-6.3-6.2 6.3c-.2.2-.3.4-.3.7s.1.5.3.7c.2.2.4.3.7.3h11c.3 0 .5-.1.7-.3.2-.2.3-.5.3-.7s-.1-.5-.3-.7zM5.8 14.7l6.2 6.3 6.2-6.3c.2-.2.3-.5.3-.7s-.1-.5-.3-.7c-.2-.2-.4-.3-.7-.3h-11c-.3 0-.5.1-.7.3-.2.2-.3.5-.3.7s.1.5.3.7z\"\/><\/svg><\/span><\/span><\/span><\/a><\/span><\/div>\n<nav><ul class='ez-toc-list ez-toc-list-level-1' ><ul class='ez-toc-list-level-2' ><li class='ez-toc-heading-level-2'><a class=\"ez-toc-link ez-toc-heading-1\" href=\"https:\/\/mueblesdetena.es\/ru_ru\/cuantas-personas-caben-en-una-mesa-guia-completa-para-elegir-bien-y-no-equivocarte\/#%F0%9F%93%8F_%C2%BFCuanto_espacio_necesita_cada_persona\" >\ud83d\udccf \u00bfCu\u00e1nto espacio necesita cada persona?<\/a><\/li><\/ul><\/li><li class='ez-toc-page-1 ez-toc-heading-level-1'><a class=\"ez-toc-link ez-toc-heading-2\" href=\"https:\/\/mueblesdetena.es\/ru_ru\/cuantas-personas-caben-en-una-mesa-guia-completa-para-elegir-bien-y-no-equivocarte\/#%F0%9F%AA%91_Mesas_rectangulares_%C2%BFcuantas_personas_caben\" >\ud83e\ude91 Mesas rectangulares: \u00bfcu\u00e1ntas personas caben?<\/a><\/li><li class='ez-toc-page-1 ez-toc-heading-level-1'><a class=\"ez-toc-link ez-toc-heading-3\" href=\"https:\/\/mueblesdetena.es\/ru_ru\/cuantas-personas-caben-en-una-mesa-guia-completa-para-elegir-bien-y-no-equivocarte\/#%F0%9F%94%B5_Mesas_redondas_ideales_para_espacios_acogedores\" >\ud83d\udd35 Mesas redondas: ideales para espacios acogedores<\/a><\/li><li class='ez-toc-page-1 ez-toc-heading-level-1'><a class=\"ez-toc-link ez-toc-heading-4\" href=\"https:\/\/mueblesdetena.es\/ru_ru\/cuantas-personas-caben-en-una-mesa-guia-completa-para-elegir-bien-y-no-equivocarte\/#%E2%9E%95_%C2%BFCuanto_ganas_con_una_mesa_extensible\" >\u2795 \u00bfCu\u00e1nto ganas con una mesa extensible?<\/a><ul class='ez-toc-list-level-2' ><li class='ez-toc-heading-level-2'><a class=\"ez-toc-link ez-toc-heading-5\" href=\"https:\/\/mueblesdetena.es\/ru_ru\/cuantas-personas-caben-en-una-mesa-guia-completa-para-elegir-bien-y-no-equivocarte\/#Extensiones_mas_habituales\" >Extensiones m\u00e1s habituales:<\/a><\/li><li class='ez-toc-page-1 ez-toc-heading-level-2'><a class=\"ez-toc-link ez-toc-heading-6\" href=\"https:\/\/mueblesdetena.es\/ru_ru\/cuantas-personas-caben-en-una-mesa-guia-completa-para-elegir-bien-y-no-equivocarte\/#%F0%9F%93%8A_Ejemplo_real_muy_importante\" >\ud83d\udcca Ejemplo real (muy importante)<\/a><\/li><\/ul><\/li><li class='ez-toc-page-1 ez-toc-heading-level-1'><a class=\"ez-toc-link ez-toc-heading-7\" href=\"https:\/\/mueblesdetena.es\/ru_ru\/cuantas-personas-caben-en-una-mesa-guia-completa-para-elegir-bien-y-no-equivocarte\/#%F0%9F%A7%A0_Como_elegir_bien_tu_mesa_y_no_arrepentirte\" >\ud83e\udde0 C\u00f3mo elegir bien tu mesa (y no arrepentirte)<\/a><\/li><li class='ez-toc-page-1 ez-toc-heading-level-1'><a class=\"ez-toc-link ez-toc-heading-8\" href=\"https:\/\/mueblesdetena.es\/ru_ru\/cuantas-personas-caben-en-una-mesa-guia-completa-para-elegir-bien-y-no-equivocarte\/#%F0%9F%9B%8B%EF%B8%8F_%C2%BFQue_mesa_necesitas_realmente\" >\ud83d\udecb\ufe0f \u00bfQu\u00e9 mesa necesitas realmente?<\/a><\/li><li class='ez-toc-page-1 ez-toc-heading-level-1'><a class=\"ez-toc-link ez-toc-heading-9\" href=\"https:\/\/mueblesdetena.es\/ru_ru\/cuantas-personas-caben-en-una-mesa-guia-completa-para-elegir-bien-y-no-equivocarte\/#%F0%9F%93%8D_Encuentra_tu_mesa_ideal_en_Muebles_Detena_Badalona\" >\ud83d\udccd Encuentra tu mesa ideal en Muebles Detena (Badalona)<\/a><ul class='ez-toc-list-level-2' ><li class='ez-toc-heading-level-2'><a class=\"ez-toc-link ez-toc-heading-10\" href=\"https:\/\/mueblesdetena.es\/ru_ru\/cuantas-personas-caben-en-una-mesa-guia-completa-para-elegir-bien-y-no-equivocarte\/#%F0%9F%94%A5_%C2%BFTienes_dudas\" >\ud83d\udd25 \u00bfTienes dudas?<\/a><\/li><\/ul><\/li><\/ul><\/nav><\/div>\n<h2 class=\"wp-block-heading\"><span class=\"ez-toc-section\" id=\"%F0%9F%93%8F_%C2%BFCuanto_espacio_necesita_cada_persona\"><\/span>\ud83d\udccf \u00bfCu\u00e1nto espacio necesita cada persona?<img decoding=\"async\" width=\"150\" height=\"93\" class=\"wp-image-33516\" style=\"width: 150px;\" src=\"https:\/\/mueblesdetena.es\/wp-content\/uploads\/2022\/05\/mesa-tibet-silla-andana-2.jpg\" alt=\"\" srcset=\"https:\/\/mueblesdetena.es\/wp-content\/uploads\/2022\/05\/mesa-tibet-silla-andana-2.jpg 900w, https:\/\/mueblesdetena.es\/wp-content\/uploads\/2022\/05\/mesa-tibet-silla-andana-2-300x187.jpg 300w, https:\/\/mueblesdetena.es\/wp-content\/uploads\/2022\/05\/mesa-tibet-silla-andana-2-768x478.jpg 768w, https:\/\/mueblesdetena.es\/wp-content\/uploads\/2022\/05\/mesa-tibet-silla-andana-2-600x373.jpg 600w\" sizes=\"(max-width: 150px) 100vw, 150px\" \/><span class=\"ez-toc-section-end\"><\/span><\/h2>\n\n\n\n<p class=\"wp-block-paragraph\">Para comer con comodidad, lo recomendable es:<\/p>\n\n\n\n<ul class=\"wp-block-list\">\n<li><strong>60 cm por persona<\/strong> en mesas rectangulares<\/li>\n\n\n\n<li><strong>55\u201360 cm por persona<\/strong> en mesas redondas<\/li>\n<\/ul>\n\n\n\n<p class=\"wp-block-paragraph\">\ud83d\udc49 Esto es clave: muchas mesas \u201cparecen grandes\u201d, pero si no respetan estas medidas, resultan inc\u00f3modas.<\/p>\n\n\n\n<hr class=\"wp-block-separator has-alpha-channel-opacity\"\/>\n\n\n\n<h1 class=\"wp-block-heading\"><span class=\"ez-toc-section\" id=\"%F0%9F%AA%91_Mesas_rectangulares_%C2%BFcuantas_personas_caben\"><\/span>\ud83e\ude91 Mesas rectangulares: \u00bfcu\u00e1ntas personas caben?<img decoding=\"async\" width=\"150\" height=\"94\" class=\"wp-image-44552\" style=\"width: 150px;\" src=\"https:\/\/mueblesdetena.es\/wp-content\/uploads\/2023\/12\/mesa-de-comedor-lumier.jpg\" alt=\"\" srcset=\"https:\/\/mueblesdetena.es\/wp-content\/uploads\/2023\/12\/mesa-de-comedor-lumier.jpg 1631w, https:\/\/mueblesdetena.es\/wp-content\/uploads\/2023\/12\/mesa-de-comedor-lumier-300x188.jpg 300w, https:\/\/mueblesdetena.es\/wp-content\/uploads\/2023\/12\/mesa-de-comedor-lumier-1024x642.jpg 1024w, https:\/\/mueblesdetena.es\/wp-content\/uploads\/2023\/12\/mesa-de-comedor-lumier-768x481.jpg 768w, https:\/\/mueblesdetena.es\/wp-content\/uploads\/2023\/12\/mesa-de-comedor-lumier-1536x962.jpg 1536w, https:\/\/mueblesdetena.es\/wp-content\/uploads\/2023\/12\/mesa-de-comedor-lumier-600x376.jpg 600w\" sizes=\"(max-width: 150px) 100vw, 150px\" \/><span class=\"ez-toc-section-end\"><\/span><\/h1>\n\n\n\n<figure class=\"wp-block-table\"><table class=\"has-fixed-layout\"><thead><tr><th>Medida mesa<\/th><th>Capacidad real<\/th><\/tr><\/thead><tbody><tr><td>100 cm<\/td><td>4 personas<\/td><\/tr><tr><td>120 cm<\/td><td>4 personas<\/td><\/tr><tr><td>140 cm<\/td><td>4\u20136 personas<\/td><\/tr><tr><td>160 cm<\/td><td>6 personas<\/td><\/tr><tr><td>180 cm<\/td><td>6\u20138 personas<\/td><\/tr><tr><td>200 cm<\/td><td>8 personas<\/td><\/tr><tr><td>220\u2013240 cm<\/td><td>8\u201310 personas<\/td><\/tr><\/tbody><\/table><\/figure>\n\n\n\n<p class=\"wp-block-paragraph\">\ud83d\udc49 Consejo profesional:<br>A partir de <strong>160 cm<\/strong>, puedes aprovechar las cabeceras si la mesa tiene buen ancho (m\u00ednimo 90 cm).<\/p>\n\n\n\n<hr class=\"wp-block-separator has-alpha-channel-opacity\"\/>\n\n\n\n<h1 class=\"wp-block-heading\"><span class=\"ez-toc-section\" id=\"%F0%9F%94%B5_Mesas_redondas_ideales_para_espacios_acogedores\"><\/span>\ud83d\udd35 Mesas redondas: ideales para espacios acogedores<img decoding=\"async\" width=\"150\" height=\"120\" class=\"wp-image-44054\" style=\"width: 150px;\" src=\"https:\/\/mueblesdetena.es\/wp-content\/uploads\/2022\/11\/mesa-de-comedor.jpg\" alt=\"\" srcset=\"https:\/\/mueblesdetena.es\/wp-content\/uploads\/2022\/11\/mesa-de-comedor.jpg 1251w, https:\/\/mueblesdetena.es\/wp-content\/uploads\/2022\/11\/mesa-de-comedor-300x239.jpg 300w, https:\/\/mueblesdetena.es\/wp-content\/uploads\/2022\/11\/mesa-de-comedor-1024x817.jpg 1024w, https:\/\/mueblesdetena.es\/wp-content\/uploads\/2022\/11\/mesa-de-comedor-768x613.jpg 768w, https:\/\/mueblesdetena.es\/wp-content\/uploads\/2022\/11\/mesa-de-comedor-600x479.jpg 600w\" sizes=\"(max-width: 150px) 100vw, 150px\" \/><span class=\"ez-toc-section-end\"><\/span><\/h1>\n\n\n\n<figure class=\"wp-block-table\"><table class=\"has-fixed-layout\"><thead><tr><th>Di\u00e1metro<\/th><th>Capacidad<\/th><\/tr><\/thead><tbody><tr><td>80 cm<\/td><td>2\u20133 personas<\/td><\/tr><tr><td>90\u2013100 cm<\/td><td>4 personas<\/td><\/tr><tr><td>110 cm<\/td><td>4\u20135 personas<\/td><\/tr><tr><td>120 cm<\/td><td>5\u20136 personas<\/td><\/tr><tr><td>140 cm<\/td><td>6\u20138 personas<\/td><\/tr><tr><td>160 cm<\/td><td>8\u201310 personas<\/td><\/tr><\/tbody><\/table><\/figure>\n\n\n\n<p class=\"wp-block-paragraph\">\ud83d\udc49 Ventaja clave:<br>Las mesas redondas <strong>aprovechan mejor el espacio<\/strong> y hacen el ambiente m\u00e1s cercano.<\/p>\n\n\n\n<hr class=\"wp-block-separator has-alpha-channel-opacity\"\/>\n\n\n\n<h1 class=\"wp-block-heading\"><span class=\"ez-toc-section\" id=\"%E2%9E%95_%C2%BFCuanto_ganas_con_una_mesa_extensible\"><\/span>\u2795 \u00bfCu\u00e1nto ganas con una mesa extensible?<span class=\"ez-toc-section-end\"><\/span><\/h1>\n\n\n\n<p class=\"wp-block-paragraph\">Aqu\u00ed es donde realmente puedes marcar la diferencia en tu compra.<\/p>\n\n\n\n<h2 class=\"wp-block-heading\"><span class=\"ez-toc-section\" id=\"Extensiones_mas_habituales\"><\/span>Extensiones m\u00e1s habituales:<span class=\"ez-toc-section-end\"><\/span><\/h2>\n\n\n\n<ul class=\"wp-block-list\">\n<li><strong>+40 cm \u2192 +2 personas<\/strong><\/li>\n\n\n\n<li><strong>+50 cm \u2192 +2 personas c\u00f3modas<\/strong><\/li>\n\n\n\n<li><strong>+60 cm \u2192 +2\u20133 personas<\/strong><\/li>\n\n\n\n<li><strong>+70 cm \u2192 +3 personas<\/strong><\/li>\n<\/ul>\n\n\n\n<p class=\"wp-block-paragraph\">\ud83d\udc49 Traducci\u00f3n real:<br>Una mesa para 4\u20136 personas puede convertirse f\u00e1cilmente en una mesa para 8 o m\u00e1s.<\/p>\n\n\n\n<hr class=\"wp-block-separator has-alpha-channel-opacity\"\/>\n\n\n\n<h2 class=\"wp-block-heading\"><span class=\"ez-toc-section\" id=\"%F0%9F%93%8A_Ejemplo_real_muy_importante\"><\/span>\ud83d\udcca Ejemplo real (muy importante)<span class=\"ez-toc-section-end\"><\/span><\/h2>\n\n\n\n<p class=\"wp-block-paragraph\">Mesa de 140 cm:<\/p>\n\n\n\n<ul class=\"wp-block-list\">\n<li>Uso diario \u2192 <strong>4\u20136 personas<\/strong><\/li>\n\n\n\n<li>Con extensi\u00f3n:\n<ul class=\"wp-block-list\">\n<li>+40 cm \u2192 6\u20138 personas<\/li>\n\n\n\n<li>+50 cm \u2192 6\u20138 c\u00f3modas<\/li>\n\n\n\n<li>+60 cm \u2192 hasta 8<\/li>\n\n\n\n<li>+70 cm \u2192 8\u20139 personas<\/li>\n<\/ul>\n<\/li>\n<\/ul>\n\n\n\n<p class=\"wp-block-paragraph\">\ud83d\udc49 Esto es exactamente lo que buscan la mayor\u00eda de nuestros clientes:<br><strong>mesa compacta + opci\u00f3n de crecer cuando hace falta<\/strong><\/p>\n\n\n\n<hr class=\"wp-block-separator has-alpha-channel-opacity\"\/>\n\n\n\n<h1 class=\"wp-block-heading\"><span class=\"ez-toc-section\" id=\"%F0%9F%A7%A0_Como_elegir_bien_tu_mesa_y_no_arrepentirte\"><\/span>\ud83e\udde0 C\u00f3mo elegir bien tu mesa (y no arrepentirte)<span class=\"ez-toc-section-end\"><\/span><\/h1>\n\n\n\n<p class=\"wp-block-paragraph\">Antes de comprar, ten en cuenta:<\/p>\n\n\n\n<p class=\"wp-block-paragraph\">\u2714 Mide el espacio <strong>con la mesa abierta<\/strong>, no solo cerrada<br>\u2714 Deja m\u00ednimo <strong>80\u201390 cm alrededor<\/strong><br>\u2714 Si recibes invitados \u2192 <strong>elige extensible s\u00ed o s\u00ed<\/strong><br>\u2714 Para espacios peque\u00f1os \u2192 mejor <strong>redonda o extensible compacta<\/strong><\/p>\n\n\n\n<hr class=\"wp-block-separator has-alpha-channel-opacity\"\/>\n\n\n\n<h1 class=\"wp-block-heading\"><span class=\"ez-toc-section\" id=\"%F0%9F%9B%8B%EF%B8%8F_%C2%BFQue_mesa_necesitas_realmente\"><\/span>\ud83d\udecb\ufe0f \u00bfQu\u00e9 mesa necesitas realmente?<span class=\"ez-toc-section-end\"><\/span><\/h1>\n\n\n\n<p class=\"wp-block-paragraph\">La clave no es comprar la mesa m\u00e1s grande, sino la m\u00e1s inteligente:<\/p>\n\n\n\n<p class=\"wp-block-paragraph\">\ud83d\udc49 Que se adapte a tu d\u00eda a d\u00eda<br>\ud83d\udc49 Que crezca cuando lo necesites<br>\ud83d\udc49 Que encaje en tu espacio sin agobiar<\/p>\n\n\n\n<hr class=\"wp-block-separator has-alpha-channel-opacity\"\/>\n\n\n\n<h1 class=\"wp-block-heading\"><span class=\"ez-toc-section\" id=\"%F0%9F%93%8D_Encuentra_tu_mesa_ideal_en_Muebles_Detena_Badalona\"><\/span>\ud83d\udccd Encuentra tu mesa ideal en Muebles Detena (Badalona)<span class=\"ez-toc-section-end\"><\/span><\/h1>\n\n\n\n<p class=\"wp-block-paragraph\"><a href=\"https:\/\/mueblesdetena.es\/ru_ru\/mesas\/\">https:\/\/mueblesdetena.es\/mesas\/<\/a><\/p>\n\n\n\n<p class=\"wp-block-paragraph\">\u0412 <strong>Muebles Detena<\/strong> te ayudamos personalmente a elegir la mesa perfecta seg\u00fan:<\/p>\n\n\n\n<p class=\"wp-block-paragraph\">\u2714 Tu espacio real<br>\u2714 Tu n\u00famero de comensales<br>\u2714 Tu estilo de vida<\/p>\n\n\n\n<p class=\"wp-block-paragraph\">\ud83d\udc49 Puedes venir a tienda o consultarnos sin compromiso.<\/p>\n\n\n\n<p class=\"wp-block-paragraph\"><strong>Te asesoramos para que aciertes a la primera y no compres una mesa que se te quede peque\u00f1a\u2026 o demasiado grande.<\/strong><\/p>\n\n\n\n<p class=\"wp-block-paragraph\"><\/p>\n\n\n\n<hr class=\"wp-block-separator has-alpha-channel-opacity\"\/>\n\n\n\n<h2 class=\"wp-block-heading\"><span class=\"ez-toc-section\" id=\"%F0%9F%94%A5_%C2%BFTienes_dudas\"><\/span>\ud83d\udd25 \u00bfTienes dudas?<span class=\"ez-toc-section-end\"><\/span><\/h2>\n\n\n\n<p class=\"wp-block-paragraph\">D\u00e9janos tu medida de comedor y te recomendamos la mejor opci\u00f3n:<\/p>\n\n\n\n<p class=\"wp-block-paragraph\">\ud83d\udc49 <em>Cont\u00e1ctanos ahora o vis\u00edtanos en Badalona<\/em><\/p>\n\n\n\n<p class=\"wp-block-paragraph\"><\/p>","protected":false},"excerpt":{"rendered":"<p>Elegir una mesa no es solo cuesti\u00f3n de dise\u00f1o. Una de las dudas m\u00e1s habituales de nuestros clientes en Muebles Detena (Badalona) es: \ud83d\udc49 \u201c\u00bfCu\u00e1ntas personas caben realmente en esta mesa?\u201d En esta gu\u00eda te lo explicamos de forma clara para que elijas bien desde el principio y aproveches al m\u00e1ximo tu espacio, tanto en [&hellip;]<\/p>\n","protected":false},"author":267,"featured_media":31692,"comment_status":"closed","ping_status":"closed","sticky":false,"template":"","format":"standard","meta":{"site-sidebar-layout":"default","site-content-layout":"","ast-site-content-layout":"default","site-content-style":"default","site-sidebar-style":"default","ast-global-header-display":"","ast-banner-title-visibility":"","ast-main-header-display":"","ast-hfb-above-header-display":"","ast-hfb-below-header-display":"","ast-hfb-mobile-header-display":"","site-post-title":"","ast-breadcrumbs-content":"","ast-featured-img":"","footer-sml-layout":"","ast-disable-related-posts":"","theme-transparent-header-meta":"","adv-header-id-meta":"","stick-header-meta":"","header-above-stick-meta":"","header-main-stick-meta":"","header-below-stick-meta":"","astra-migrate-meta-layouts":"set","ast-page-background-enabled":"default","ast-page-background-meta":{"desktop":{"background-color":"var(--ast-global-color-4)","background-image":"","background-repeat":"repeat","background-position":"center center","background-size":"auto","background-attachment":"scroll","background-type":"","background-media":"","overlay-type":"","overlay-color":"","overlay-opacity":"","overlay-gradient":""},"tablet":{"background-color":"","background-image":"","background-repeat":"repeat","background-position":"center center","background-size":"auto","background-attachment":"scroll","background-type":"","background-media":"","overlay-type":"","overlay-color":"","overlay-opacity":"","overlay-gradient":""},"mobile":{"background-color":"","background-image":"","background-repeat":"repeat","background-position":"center center","background-size":"auto","background-attachment":"scroll","background-type":"","background-media":"","overlay-type":"","overlay-color":"","overlay-opacity":"","overlay-gradient":""}},"ast-content-background-meta":{"desktop":{"background-color":"var(--ast-global-color-5)","background-image":"","background-repeat":"repeat","background-position":"center center","background-size":"auto","background-attachment":"scroll","background-type":"","background-media":"","overlay-type":"","overlay-color":"","overlay-opacity":"","overlay-gradient":""},"tablet":{"background-color":"var(--ast-global-color-5)","background-image":"","background-repeat":"repeat","background-position":"center center","background-size":"auto","background-attachment":"scroll","background-type":"","background-media":"","overlay-type":"","overlay-color":"","overlay-opacity":"","overlay-gradient":""},"mobile":{"background-color":"var(--ast-global-color-5)","background-image":"","background-repeat":"repeat","background-position":"center center","background-size":"auto","background-attachment":"scroll","background-type":"","background-media":"","overlay-type":"","overlay-color":"","overlay-opacity":"","overlay-gradient":""}},"_joinchat":[],"footnotes":""},"categories":[1],"tags":[],"class_list":["post-45089","post","type-post","status-publish","format-standard","has-post-thumbnail","hentry","category-sin-categoria"],"_links":{"self":[{"href":"https:\/\/mueblesdetena.es\/ru_ru\/wp-json\/wp\/v2\/posts\/45089","targetHints":{"allow":["GET"]}}],"collection":[{"href":"https:\/\/mueblesdetena.es\/ru_ru\/wp-json\/wp\/v2\/posts"}],"about":[{"href":"https:\/\/mueblesdetena.es\/ru_ru\/wp-json\/wp\/v2\/types\/post"}],"author":[{"embeddable":true,"href":"https:\/\/mueblesdetena.es\/ru_ru\/wp-json\/wp\/v2\/users\/267"}],"replies":[{"embeddable":true,"href":"https:\/\/mueblesdetena.es\/ru_ru\/wp-json\/wp\/v2\/comments?post=45089"}],"version-history":[{"count":1,"href":"https:\/\/mueblesdetena.es\/ru_ru\/wp-json\/wp\/v2\/posts\/45089\/revisions"}],"predecessor-version":[{"id":45090,"href":"https:\/\/mueblesdetena.es\/ru_ru\/wp-json\/wp\/v2\/posts\/45089\/revisions\/45090"}],"wp:featuredmedia":[{"embeddable":true,"href":"https:\/\/mueblesdetena.es\/ru_ru\/wp-json\/wp\/v2\/media\/31692"}],"wp:attachment":[{"href":"https:\/\/mueblesdetena.es\/ru_ru\/wp-json\/wp\/v2\/media?parent=45089"}],"wp:term":[{"taxonomy":"category","embeddable":true,"href":"https:\/\/mueblesdetena.es\/ru_ru\/wp-json\/wp\/v2\/categories?post=45089"},{"taxonomy":"post_tag","embeddable":true,"href":"https:\/\/mueblesdetena.es\/ru_ru\/wp-json\/wp\/v2\/tags?post=45089"}],"curies":[{"name":"wp","href":"https:\/\/api.w.org\/{rel}","templated":true}]}}