{"id":45164,"date":"2026-05-05T05:00:46","date_gmt":"2026-05-05T03:00:46","guid":{"rendered":"https:\/\/mueblesdetena.es\/?p=45164"},"modified":"2026-05-05T05:00:52","modified_gmt":"2026-05-05T03:00:52","slug":"colores-vibrantes-reglas-usarlos-estilo-duradero","status":"publish","type":"post","link":"https:\/\/mueblesdetena.es\/ru_ru\/colores-vibrantes-reglas-usarlos-estilo-duradero\/","title":{"rendered":"Colores vibrantes: 5 reglas expertas para usarlos en un estilo duradero"},"content":{"rendered":"<p class=\"has-medium-font-size wp-block-paragraph\">Durante a\u00f1os, los colores vibrantes han cargado con una reputaci\u00f3n injusta dentro del interiorismo. No por su naturaleza, sino por c\u00f3mo se han aplicado sin medida ni intenci\u00f3n. Paredes saturadas, combinaciones arbitrarias o decisiones impulsivas han contribuido a generar espacios visualmente agotadores, alejando al color de cualquier percepci\u00f3n de elegancia duradera y coherente.<\/p>\n\n\n\n<p class=\"has-medium-font-size wp-block-paragraph\">Tras una larga etapa dominada por blancos, grises y materiales neutros, el dise\u00f1o de interiores vuelve a abrirse al uso del color, aunque desde una mirada mucho m\u00e1s afinada. Los colores vibrantes regresan, s\u00ed, pero lo hacen integrados en ambientes equilibrados, donde cada tono responde a una l\u00f3gica y convive con el conjunto.<\/p>\n\n\n\n<p class=\"has-medium-font-size wp-block-paragraph\">Entender c\u00f3mo introducir colores vibrantes sin comprometer la armon\u00eda del hogar implica cambiar la forma de pensar la decoraci\u00f3n. No se trata de impactar a primera vista, sino de construir espacios que mantengan su atractivo con el paso del tiempo, donde el color aporte car\u00e1cter sin convertirse en un elemento que canse o desborde.<\/p>\n\n\n\n<div style=\"height:25px\" aria-hidden=\"true\" class=\"wp-block-spacer\"><\/div>\n\n\n\n<div id=\"ez-toc-container\" class=\"ez-toc-v2_0_85 counter-hierarchy ez-toc-counter ez-toc-grey ez-toc-container-direction\">\n<div class=\"ez-toc-title-container\">\n<p class=\"ez-toc-title\" style=\"cursor:inherit\">Table of Contents<\/p>\n<span class=\"ez-toc-title-toggle\"><a href=\"#\" class=\"ez-toc-pull-right ez-toc-btn ez-toc-btn-xs ez-toc-btn-default ez-toc-toggle\" aria-label=\"Toggle Table of Content\"><span class=\"ez-toc-js-icon-con\"><span class=\"\"><span class=\"eztoc-hide\" style=\"display:none;\">Toggle<\/span><span class=\"ez-toc-icon-toggle-span\"><svg style=\"fill: #999;color:#999\" xmlns=\"http:\/\/www.w3.org\/2000\/svg\" class=\"list-377408\" width=\"20px\" height=\"20px\" viewbox=\"0 0 24 24\" fill=\"none\"><path d=\"M6 6H4v2h2V6zm14 0H8v2h12V6zM4 11h2v2H4v-2zm16 0H8v2h12v-2zM4 16h2v2H4v-2zm16 0H8v2h12v-2z\" fill=\"currentColor\"><\/path><\/svg><svg style=\"fill: #999;color:#999\" class=\"arrow-unsorted-368013\" xmlns=\"http:\/\/www.w3.org\/2000\/svg\" width=\"10px\" height=\"10px\" viewbox=\"0 0 24 24\" version=\"1.2\" baseprofile=\"tiny\"><path d=\"M18.2 9.3l-6.2-6.3-6.2 6.3c-.2.2-.3.4-.3.7s.1.5.3.7c.2.2.4.3.7.3h11c.3 0 .5-.1.7-.3.2-.2.3-.5.3-.7s-.1-.5-.3-.7zM5.8 14.7l6.2 6.3 6.2-6.3c.2-.2.3-.5.3-.7s-.1-.5-.3-.7c-.2-.2-.4-.3-.7-.3h-11c-.3 0-.5.1-.7.3-.2.2-.3.5-.3.7s.1.5.3.7z\"\/><\/svg><\/span><\/span><\/span><\/a><\/span><\/div>\n<nav><ul class='ez-toc-list ez-toc-list-level-1' ><li class='ez-toc-page-1 ez-toc-heading-level-2'><a class=\"ez-toc-link ez-toc-heading-1\" href=\"https:\/\/mueblesdetena.es\/ru_ru\/colores-vibrantes-reglas-usarlos-estilo-duradero\/#Regla_1_El_color_no_se_anade_se_construye_dentro_del_espacio\" >Regla 1. El color no se a\u00f1ade: se construye dentro del espacio<\/a><\/li><li class='ez-toc-page-1 ez-toc-heading-level-2'><a class=\"ez-toc-link ez-toc-heading-2\" href=\"https:\/\/mueblesdetena.es\/ru_ru\/colores-vibrantes-reglas-usarlos-estilo-duradero\/#Regla_2_Menos_paredes_mas_piezas_el_secreto_para_no_cansarte\" >Regla 2. Menos paredes, m\u00e1s piezas: el secreto para no cansarte<\/a><\/li><li class='ez-toc-page-1 ez-toc-heading-level-2'><a class=\"ez-toc-link ez-toc-heading-3\" href=\"https:\/\/mueblesdetena.es\/ru_ru\/colores-vibrantes-reglas-usarlos-estilo-duradero\/#Regla_3_Sin_neutros_no_hay_equilibrio_como_evitar_el_exceso\" >Regla 3. Sin neutros no hay equilibrio: c\u00f3mo evitar el exceso<\/a><\/li><li class='ez-toc-page-1 ez-toc-heading-level-2'><a class=\"ez-toc-link ez-toc-heading-4\" href=\"https:\/\/mueblesdetena.es\/ru_ru\/colores-vibrantes-reglas-usarlos-estilo-duradero\/#Regla_4_Repeticion_y_coherencia_asi_se_consigue_un_resultado_profesional\" >Regla 4. Repetici\u00f3n y coherencia: as\u00ed se consigue un resultado profesional<\/a><\/li><li class='ez-toc-page-1 ez-toc-heading-level-2'><a class=\"ez-toc-link ez-toc-heading-5\" href=\"https:\/\/mueblesdetena.es\/ru_ru\/colores-vibrantes-reglas-usarlos-estilo-duradero\/#Regla_5_Luz_materiales_y_contexto_lo_que_realmente_cambia_el_resultado\" >Regla 5. Luz, materiales y contexto: lo que realmente cambia el resultado<\/a><\/li><li class='ez-toc-page-1 ez-toc-heading-level-2'><a class=\"ez-toc-link ez-toc-heading-6\" href=\"https:\/\/mueblesdetena.es\/ru_ru\/colores-vibrantes-reglas-usarlos-estilo-duradero\/#Preguntas_frecuentes_sobre_colores_vibrantes\" >Preguntas frecuentes sobre colores vibrantes<\/a><ul class='ez-toc-list-level-3' ><li class='ez-toc-heading-level-3'><a class=\"ez-toc-link ez-toc-heading-7\" href=\"https:\/\/mueblesdetena.es\/ru_ru\/colores-vibrantes-reglas-usarlos-estilo-duradero\/#%C2%BFEs_recomendable_pintar_una_pared_de_color_fuerte\" >\u00bfEs recomendable pintar una pared de color fuerte?<\/a><\/li><li class='ez-toc-page-1 ez-toc-heading-level-3'><a class=\"ez-toc-link ez-toc-heading-8\" href=\"https:\/\/mueblesdetena.es\/ru_ru\/colores-vibrantes-reglas-usarlos-estilo-duradero\/#%C2%BFQue_colores_vibrantes_combinan_mejor\" >\u00bfQu\u00e9 colores vibrantes combinan mejor?<\/a><\/li><li class='ez-toc-page-1 ez-toc-heading-level-3'><a class=\"ez-toc-link ez-toc-heading-9\" href=\"https:\/\/mueblesdetena.es\/ru_ru\/colores-vibrantes-reglas-usarlos-estilo-duradero\/#%C2%BFComo_evitar_que_una_estancia_se_vea_recargada\" >\u00bfC\u00f3mo evitar que una estancia se vea recargada?<\/a><\/li><li class='ez-toc-page-1 ez-toc-heading-level-3'><a class=\"ez-toc-link ez-toc-heading-10\" href=\"https:\/\/mueblesdetena.es\/ru_ru\/colores-vibrantes-reglas-usarlos-estilo-duradero\/#%C2%BFDonde_usar_colores_vivos_en_casa\" >\u00bfD\u00f3nde usar colores vivos en casa?<\/a><\/li><\/ul><\/li><\/ul><\/nav><\/div>\n<h2 class=\"wp-block-heading\"><span class=\"ez-toc-section\" id=\"Regla_1_El_color_no_se_anade_se_construye_dentro_del_espacio\"><\/span>Regla 1. El color no se a\u00f1ade: se construye dentro del espacio<span class=\"ez-toc-section-end\"><\/span><\/h2>\n\n\n\n<p class=\"has-medium-font-size wp-block-paragraph\">Durante a\u00f1os, los colores vibrantes <strong>se han utilizado como un recurso r\u00e1pido para transformar espacios sin demasiado planteamiento<\/strong>. Una pared en rojo intenso o en verde \u00e1cido parec\u00eda suficiente para aportar car\u00e1cter, pero en realidad muchas veces funcionaba como un parche visual que no dialogaba con el resto del ambiente.<\/p>\n\n\n\n<p class=\"has-medium-font-size wp-block-paragraph\"><strong>Cuando el color aparece sin contexto, el resultado suele ser un espacio descompensado<\/strong>, donde la mirada se detiene de forma brusca en un \u00fanico punto. No hay transici\u00f3n, ni coherencia, ni continuidad. Los colores vibrantes, <strong>lejos de enriquecer, terminan imponi\u00e9ndose de manera r\u00edgida<\/strong>, generando una sensaci\u00f3n visual poco amable y dif\u00edcil de sostener en el tiempo.<\/p>\n\n\n\n<p class=\"has-medium-font-size wp-block-paragraph\"><strong>Decorar implica construir una atm\u00f3sfera<\/strong>, mientras que rellenar consiste en ocupar el espacio sin una intenci\u00f3n clara. Esta diferencia, aparentemente sutil, es clave cuando hablamos de colores vibrantes. <strong>No se trata de a\u00f1adir impacto inmediato, sino de integrar cada elemento dentro de una narrativa visual<\/strong> que tenga sentido en conjunto.<\/p>\n\n\n\n<p class=\"has-medium-font-size wp-block-paragraph\">Un espacio bien decorado no depende de un gesto aislado, sino de una suma de decisiones coherentes. <strong>Los colores vibrantes pueden formar parte de esa composici\u00f3n, pero siempre como piezas que encajan dentro de un sistema<\/strong>. Cuando se utilizan sin esta l\u00f3gica, el resultado se acerca m\u00e1s al ruido que al dise\u00f1o.<\/p>\n\n\n\n<p class=\"has-medium-font-size wp-block-paragraph\">El color, entendido desde el interiorismo contempor\u00e1neo, no es un a\u00f1adido superficial, sino una herramienta estructural. <strong>Tiene la capacidad de definir zonas, acompa\u00f1ar materiales y reforzar la identidad de un espacio<\/strong>. Por eso, trabajar con colores vibrantes exige una mirada m\u00e1s estrat\u00e9gica y menos impulsiva.<\/p>\n\n\n\n<p class=\"has-medium-font-size wp-block-paragraph\">Aplicar el color con intenci\u00f3n implica <strong>pensar en su relaci\u00f3n con la luz, los vol\u00famenes y los objetos que lo rodean<\/strong>. Solo as\u00ed deja de ser un elemento aislado para convertirse en parte activa del conjunto. En este enfoque, los colores vibrantes no saturan, sino que aportan profundidad, equilibrio y una personalidad que perdura.<\/p>\n\n\n\n<div style=\"height:25px\" aria-hidden=\"true\" class=\"wp-block-spacer\"><\/div>\n\n\n\n<h2 class=\"wp-block-heading\"><span class=\"ez-toc-section\" id=\"Regla_2_Menos_paredes_mas_piezas_el_secreto_para_no_cansarte\"><\/span>Regla 2. Menos paredes, m\u00e1s piezas: el secreto para no cansarte<span class=\"ez-toc-section-end\"><\/span><\/h2>\n\n\n\n<p class=\"has-medium-font-size wp-block-paragraph\">Renunciar a las paredes en tonos intensos no implica abandonar los colores vibrantes, sino replantear su lugar dentro del espacio. <strong>En lugar de fijarlos de forma permanente, se integran en elementos que dialogan con el entorno sin imponerse<\/strong>. As\u00ed, la casa evoluciona sin perder coherencia ni equilibrio.<\/p>\n\n\n\n<p class=\"has-medium-font-size wp-block-paragraph\">Cuando el color deja de ser una decisi\u00f3n irreversible, el interior gana ligereza visual y versatilidad. Los colores vibrantes aparecen y desaparecen con naturalidad, adapt\u00e1ndose a nuevas estaciones, tendencias o necesidades. Esta libertad <strong>permite experimentar sin comprometer la armon\u00eda general ni generar esa sensaci\u00f3n de saturaci\u00f3n<\/strong> que tanto cansa con el tiempo.<\/p>\n\n\n\n<ul class=\"wp-block-list\">\n<li class=\"has-medium-font-size\">Los textiles se convierten en aliados fundamentales para introducir matices intensos con elegancia. <strong>Cojines, alfombras o cortinas permiten trabajar los colores vibrantes desde la suavidad<\/strong>, aportando capas de inter\u00e9s visual que se pueden modificar con facilidad. El resultado es un ambiente din\u00e1mico, pero siempre controlado y acogedor.<\/li>\n\n\n\n<li class=\"has-medium-font-size\">El mobiliario, por su parte, ofrece una oportunidad m\u00e1s estructural para incorporar el color sin caer en excesos. <strong>Una <a href=\"https:\/\/mueblesdetena.es\/ru_ru\/relax-butacas\/?orderby=date\">butaca<\/a>, un aparador o una pieza auxiliar en tonos vivos puede transformar por completo una estancia<\/strong>. Estos gestos, medidos y bien situados, permiten que los colores vibrantes act\u00faen como acentos con intenci\u00f3n.<\/li>\n\n\n\n<li class=\"has-medium-font-size\">El arte y los objetos decorativos terminan de completar esta estrategia, aportando personalidad sin rigidez. <strong>L\u00e1minas, cer\u00e1micas o piezas escult\u00f3ricas introducen colores vibrantes de forma sutil<\/strong>, generando puntos focales que enriquecen la composici\u00f3n. Son detalles que cuentan una historia y que pueden evolucionar con el tiempo.<\/li>\n<\/ul>\n\n\n\n<p class=\"has-medium-font-size wp-block-paragraph\">Esta forma de trabajar el color convierte la decoraci\u00f3n en un proceso flexible y vivo. <strong>Los cambios no requieren reformas ni decisiones dr\u00e1sticas, sino peque\u00f1os ajustes que renuevan el ambiente<\/strong>. As\u00ed, los colores vibrantes dejan de ser una apuesta arriesgada para convertirse en una herramienta adaptable y duradera.<\/p>\n\n\n\n<div style=\"height:25px\" aria-hidden=\"true\" class=\"wp-block-spacer\"><\/div>\n\n\n\n<figure class=\"wp-block-image alignfull size-full\"><img fetchpriority=\"high\" decoding=\"async\" width=\"2560\" height=\"1440\" src=\"https:\/\/mueblesdetena.es\/wp-content\/uploads\/2026\/05\/colores-vibrantes-2.jpg\" alt=\"colores vibrantes\" class=\"wp-image-45169\" srcset=\"https:\/\/mueblesdetena.es\/wp-content\/uploads\/2026\/05\/colores-vibrantes-2.jpg 2560w, https:\/\/mueblesdetena.es\/wp-content\/uploads\/2026\/05\/colores-vibrantes-2-300x169.jpg 300w, https:\/\/mueblesdetena.es\/wp-content\/uploads\/2026\/05\/colores-vibrantes-2-1024x576.jpg 1024w, https:\/\/mueblesdetena.es\/wp-content\/uploads\/2026\/05\/colores-vibrantes-2-768x432.jpg 768w, https:\/\/mueblesdetena.es\/wp-content\/uploads\/2026\/05\/colores-vibrantes-2-1536x864.jpg 1536w, https:\/\/mueblesdetena.es\/wp-content\/uploads\/2026\/05\/colores-vibrantes-2-2048x1152.jpg 2048w, https:\/\/mueblesdetena.es\/wp-content\/uploads\/2026\/05\/colores-vibrantes-2-600x338.jpg 600w\" sizes=\"(max-width: 2560px) 100vw, 2560px\" \/><figcaption class=\"wp-element-caption\"><a href=\"https:\/\/mueblesdetena.es\/ru_ru\/mesa-de-comedor-arte-602%c2%a8\/\">Mesa comedor extensible Art602<\/a><\/figcaption><\/figure>\n\n\n\n<div style=\"height:25px\" aria-hidden=\"true\" class=\"wp-block-spacer\"><\/div>\n\n\n\n<h2 class=\"wp-block-heading\"><span class=\"ez-toc-section\" id=\"Regla_3_Sin_neutros_no_hay_equilibrio_como_evitar_el_exceso\"><\/span>Regla 3. Sin neutros no hay equilibrio: c\u00f3mo evitar el exceso<span class=\"ez-toc-section-end\"><\/span><\/h2>\n\n\n\n<p class=\"has-medium-font-size wp-block-paragraph\">En cualquier propuesta que incorpore colores vibrantes, la base neutra <strong>act\u00faa como un lienzo que permite que el conjunto respire<\/strong>. Blancos c\u00e1lidos, tonos tierra y maderas naturales no solo aportan calma, sino que construyen una atm\u00f3sfera atemporal donde el color puede integrarse sin resultar invasivo ni excesivo.<\/p>\n\n\n\n<p class=\"has-medium-font-size wp-block-paragraph\">Lejos de ser un recurso aburrido, los neutros son la clave que transforma una combinaci\u00f3n arriesgada en un espacio elegante. Cuando se utilizan correctamente, <strong>amortiguan la intensidad de los colores vibrantes y les otorgan profundidad<\/strong>, evitando que el ambiente caiga en una est\u00e9tica estridente o dif\u00edcil de sostener en el tiempo.<\/p>\n\n\n\n<p class=\"has-medium-font-size wp-block-paragraph\">El contraste es, en este sentido, una herramienta esencial. <strong>No se trata de enfrentar tonos, sino de crear pausas visuales que permitan que cada elemento tenga su protagonismo<\/strong>. Un sof\u00e1 en un tono intenso gana presencia cuando se sit\u00faa sobre una base clara, equilibrada y bien definida.<\/p>\n\n\n\n<p class=\"has-medium-font-size wp-block-paragraph\">Esta relaci\u00f3n entre fondo y acento permite que los colores vibrantes no compitan entre s\u00ed, sino que dialoguen con el espacio. <strong>Introducir zonas de descanso visual, como paredes neutras o textiles suaves, ayuda a que la mirada fluya con naturalidad y evita la sensaci\u00f3n de saturaci\u00f3n<\/strong> que suele aparecer cuando todo reclama atenci\u00f3n.<\/p>\n\n\n\n<p class=\"has-medium-font-size wp-block-paragraph\">Para lograr una sensaci\u00f3n de orden visual, es \u00fatil pensar en proporciones, aunque siempre desde la flexibilidad. <strong>Una base predominante en tonos neutros, acompa\u00f1ada de pinceladas de colores vibrantes, suele generar composiciones m\u00e1s arm\u00f3nicas y f\u00e1ciles de habitar<\/strong>, especialmente en estancias de uso cotidiano.<\/p>\n\n\n\n<p class=\"has-medium-font-size wp-block-paragraph\">Este equilibrio no implica renunciar a la personalidad, sino organizarla con criterio. <strong>Cuando los colores vibrantes se apoyan en una estructura neutra bien definida, el resultado es un espacio coherente, elegante y visualmente sereno<\/strong>, donde cada elecci\u00f3n tiene sentido y contribuye a una est\u00e9tica duradera.<\/p>\n\n\n\n<div style=\"height:25px\" aria-hidden=\"true\" class=\"wp-block-spacer\"><\/div>\n\n\n\n<h2 class=\"wp-block-heading\"><span class=\"ez-toc-section\" id=\"Regla_4_Repeticion_y_coherencia_asi_se_consigue_un_resultado_profesional\"><\/span>Regla 4. Repetici\u00f3n y coherencia: as\u00ed se consigue un resultado profesional<span class=\"ez-toc-section-end\"><\/span><\/h2>\n\n\n\n<p class=\"has-medium-font-size wp-block-paragraph\">La clave para que los colores vibrantes funcionen con elegancia no est\u00e1 en su intensidad, sino en su repetici\u00f3n medida. <strong>Un mismo tono que aparece en distintos puntos del espacio deja de ser un gesto aislado para convertirse en un hilo conductor visual<\/strong>, capaz de ordenar la estancia.<\/p>\n\n\n\n<p class=\"has-medium-font-size wp-block-paragraph\">Cuando ese color se traslada con intenci\u00f3n \u2014de un coj\u00edn a una l\u00e1mpara, de un cuadro a un detalle del mobiliario\u2014, se crea una sensaci\u00f3n de continuidad que aporta calma visual. Los colores vibrantes, lejos de saturar, empiezan a dialogar entre s\u00ed y a integrarse con naturalidad.<\/p>\n\n\n\n<p class=\"has-medium-font-size wp-block-paragraph\">Esta repetici\u00f3n <strong>no consiste en copiar exactamente el mismo elemento, sino en reinterpretarlo en distintas escalas y materiales<\/strong>. Un verde intenso puede aparecer en un textil, suavizarse en una cer\u00e1mica o ganar profundidad en una pieza tapizada, generando matices que enriquecen el conjunto.<\/p>\n\n\n\n<p class=\"has-medium-font-size wp-block-paragraph\">As\u00ed nace lo que los interioristas definen como <strong>un ecosistema crom\u00e1tico: una red de relaciones donde cada color tiene un papel y una funci\u00f3n<\/strong>. Los colores vibrantes dejan de ser protagonistas individuales para formar parte de un sistema coherente, donde todo est\u00e1 conectado sin resultar evidente.<\/p>\n\n\n\n<p class=\"has-medium-font-size wp-block-paragraph\"><strong><mark style=\"background-color:rgba(0, 0, 0, 0);color:#cf2e2e\" class=\"has-inline-color\">Cuando esta l\u00f3gica no existe, aparece el efecto contrario<\/mark><\/strong>. Espacios donde cada objeto compite por llamar la atenci\u00f3n, sin ning\u00fan tipo de v\u00ednculo, generan ruido visual y cansancio. Los colores vibrantes, utilizados sin relaci\u00f3n entre ellos, pierden sofisticaci\u00f3n y rompen la armon\u00eda del ambiente.<\/p>\n\n\n\n<p class=\"has-medium-font-size wp-block-paragraph\">Evitar ese efecto pasa por entender que el dise\u00f1o no es acumulaci\u00f3n, sino selecci\u00f3n. <strong>Repetir con criterio, limitar la paleta y construir relaciones entre piezas permite transformar cualquier estancia en un espacio equilibrado<\/strong>, donde los colores vibrantes aportan car\u00e1cter sin perder elegancia ni coherencia visual.<\/p>\n\n\n\n<div style=\"height:25px\" aria-hidden=\"true\" class=\"wp-block-spacer\"><\/div>\n\n\n\n<h2 class=\"wp-block-heading\"><span class=\"ez-toc-section\" id=\"Regla_5_Luz_materiales_y_contexto_lo_que_realmente_cambia_el_resultado\"><\/span>Regla 5. Luz, materiales y contexto: lo que realmente cambia el resultado<span class=\"ez-toc-section-end\"><\/span><\/h2>\n\n\n\n<p class=\"has-medium-font-size wp-block-paragraph\">La luz es el primer filtro que transforma cualquier decisi\u00f3n crom\u00e1tica. Un mismo tono puede resultar envolvente y sofisticado durante el d\u00eda, y excesivo o apagado al caer la tarde. Por eso, <strong>antes de introducir colores vibrantes, es imprescindible observar c\u00f3mo incide la luz natural en cada estancia<\/strong>.<\/p>\n\n\n\n<p class=\"has-medium-font-size wp-block-paragraph\">La orientaci\u00f3n, la intensidad y la temperatura de la luz artificial tambi\u00e9n condicionan el resultado. <strong><mark style=\"background-color:rgba(0, 0, 0, 0);color:#fcb900\" class=\"has-inline-color\">Una iluminaci\u00f3n <a href=\"https:\/\/www.lamparayluz.es\/catalogsearch\/result\/?q=c%C3%A1lida\" target=\"_blank\" rel=\"noopener\">c\u00e1lida<\/a> suaviza los colores vibrantes y los vuelve m\u00e1s acogedores, mientras que una luz fr\u00eda potencia su intensidad<\/mark><\/strong>. Entender este comportamiento permite elegir tonos que evolucionen bien a lo largo del d\u00eda.<\/p>\n\n\n\n<p class=\"has-medium-font-size wp-block-paragraph\">M\u00e1s all\u00e1 del tono, el acabado define la percepci\u00f3n final. <strong><mark style=\"background-color:rgba(0, 0, 0, 0)\" class=\"has-inline-color has-ast-global-color-0-color\">Las superficies mates absorben la luz y aportan profundidad<\/mark><\/strong>, logrando que los colores vibrantes se integren con mayor elegancia. En cambio, <strong><mark style=\"background-color:rgba(0, 0, 0, 0);color:#0693e3\" class=\"has-inline-color\">los acabados brillantes reflejan la luz y multiplican su presencia<\/mark><\/strong>, generando un efecto m\u00e1s din\u00e1mico y llamativo.<\/p>\n\n\n\n<p class=\"has-medium-font-size wp-block-paragraph\">Las texturas, por su parte, a\u00f1aden complejidad visual sin necesidad de intensificar el color. <strong>Un tejido con relieve, una pared con acabado mineral o una pieza artesanal pueden transformar colores vibrantes en elementos sofisticados<\/strong>. No se trata de a\u00f1adir m\u00e1s intensidad, sino de enriquecer la forma en que el color se percibe.<\/p>\n\n\n\n<p class=\"has-medium-font-size wp-block-paragraph\">El contexto material es el gran aliado del equilibrio. <strong>La madera, la piedra, el lino o la cer\u00e1mica act\u00faan como base calmada que sostiene los colores vibrantes sin competir con ellos<\/strong>. Estos materiales introducen una sensaci\u00f3n de permanencia que evita que el conjunto resulte ef\u00edmero o excesivo.<\/p>\n\n\n\n<p class=\"has-medium-font-size wp-block-paragraph\"><strong>Cuando los colores vibrantes conviven con materiales nobles, el espacio adquiere una est\u00e9tica m\u00e1s atemporal y cuidada<\/strong>. El contraste entre lo vivo y lo natural genera armon\u00eda y profundidad visual. As\u00ed, el color deja de ser un elemento aislado y pasa a formar parte de un conjunto coherente y bien resuelto.<\/p>\n\n\n\n<div style=\"height:25px\" aria-hidden=\"true\" class=\"wp-block-spacer\"><\/div>\n\n\n\n<figure class=\"wp-block-image alignfull size-full\"><img decoding=\"async\" width=\"2560\" height=\"1440\" src=\"https:\/\/mueblesdetena.es\/wp-content\/uploads\/2026\/05\/colores-vibrantes-3.jpg\" alt=\"colores vibrantes\" class=\"wp-image-45170\" srcset=\"https:\/\/mueblesdetena.es\/wp-content\/uploads\/2026\/05\/colores-vibrantes-3.jpg 2560w, https:\/\/mueblesdetena.es\/wp-content\/uploads\/2026\/05\/colores-vibrantes-3-300x169.jpg 300w, https:\/\/mueblesdetena.es\/wp-content\/uploads\/2026\/05\/colores-vibrantes-3-1024x576.jpg 1024w, https:\/\/mueblesdetena.es\/wp-content\/uploads\/2026\/05\/colores-vibrantes-3-768x432.jpg 768w, https:\/\/mueblesdetena.es\/wp-content\/uploads\/2026\/05\/colores-vibrantes-3-1536x864.jpg 1536w, https:\/\/mueblesdetena.es\/wp-content\/uploads\/2026\/05\/colores-vibrantes-3-2048x1152.jpg 2048w, https:\/\/mueblesdetena.es\/wp-content\/uploads\/2026\/05\/colores-vibrantes-3-600x338.jpg 600w\" sizes=\"(max-width: 2560px) 100vw, 2560px\" \/><\/figure>\n\n\n\n<div style=\"height:25px\" aria-hidden=\"true\" class=\"wp-block-spacer\"><\/div>\n\n\n\n<h2 class=\"wp-block-heading\"><span class=\"ez-toc-section\" id=\"Preguntas_frecuentes_sobre_colores_vibrantes\"><\/span>Preguntas frecuentes sobre colores vibrantes<span class=\"ez-toc-section-end\"><\/span><\/h2>\n\n\n\n<h3 class=\"wp-block-heading\"><span class=\"ez-toc-section\" id=\"%C2%BFEs_recomendable_pintar_una_pared_de_color_fuerte\"><\/span>\u00bfEs recomendable pintar una pared de color fuerte?<span class=\"ez-toc-section-end\"><\/span><\/h3>\n\n\n\n<p class=\"has-medium-font-size wp-block-paragraph\">Pintar una pared en tonos intensos puede funcionar, pero solo cuando existe una intenci\u00f3n clara dentro del conjunto. Los colores vibrantes en superficies grandes requieren equilibrio con materiales neutros, buena luz y continuidad visual. Sin estos elementos, el resultado puede volverse invasivo, perdiendo sofisticaci\u00f3n y generando una sensaci\u00f3n de agotamiento.<\/p>\n\n\n\n<h3 class=\"wp-block-heading\"><span class=\"ez-toc-section\" id=\"%C2%BFQue_colores_vibrantes_combinan_mejor\"><\/span>\u00bfQu\u00e9 colores vibrantes combinan mejor?<span class=\"ez-toc-section-end\"><\/span><\/h3>\n\n\n\n<p class=\"has-medium-font-size wp-block-paragraph\">Las combinaciones m\u00e1s acertadas surgen de entender la relaci\u00f3n entre tonos. Los colores vibrantes funcionan mejor cuando dialogan entre s\u00ed mediante contrastes controlados o gamas afines. Azules profundos con mostazas, verdes con tierras c\u00e1lidas o rojos suavizados encuentran armon\u00eda cuando se integran con bases neutras y materiales naturales.<\/p>\n\n\n\n<h3 class=\"wp-block-heading\"><span class=\"ez-toc-section\" id=\"%C2%BFComo_evitar_que_una_estancia_se_vea_recargada\"><\/span>\u00bfC\u00f3mo evitar que una estancia se vea recargada?<span class=\"ez-toc-section-end\"><\/span><\/h3>\n\n\n\n<p class=\"has-medium-font-size wp-block-paragraph\">La clave est\u00e1 en dosificar la presencia crom\u00e1tica y permitir que el espacio respire. Los colores vibrantes deben aparecer en puntos concretos, nunca compitiendo entre s\u00ed. Introducir pausas visuales mediante blancos, maderas o textiles suaves ayuda a ordenar la composici\u00f3n y a mantener una atm\u00f3sfera equilibrada, elegante y visualmente c\u00f3moda.<\/p>\n\n\n\n<h3 class=\"wp-block-heading\"><span class=\"ez-toc-section\" id=\"%C2%BFDonde_usar_colores_vivos_en_casa\"><\/span>\u00bfD\u00f3nde usar colores vivos en casa?<span class=\"ez-toc-section-end\"><\/span><\/h3>\n\n\n\n<p class=\"has-medium-font-size wp-block-paragraph\">Los espacios sociales como salones o comedores aceptan mejor la energ\u00eda de los colores vibrantes, siempre que est\u00e9n bien integrados. Tambi\u00e9n funcionan en zonas de paso o rincones espec\u00edficos donde se busca acento. En dormitorios o \u00e1reas de descanso, es preferible utilizarlos de forma sutil para no alterar la sensaci\u00f3n de calma.<\/p>","protected":false},"excerpt":{"rendered":"<p>Durante a\u00f1os, los colores vibrantes han cargado con una reputaci\u00f3n injusta dentro del interiorismo. No por su naturaleza, sino por c\u00f3mo se han aplicado sin medida ni intenci\u00f3n. Paredes saturadas, combinaciones arbitrarias o decisiones impulsivas han contribuido a generar espacios visualmente agotadores, alejando al color de cualquier percepci\u00f3n de elegancia duradera y coherente. Tras una [&hellip;]<\/p>\n","protected":false},"author":618,"featured_media":45167,"comment_status":"closed","ping_status":"closed","sticky":false,"template":"","format":"standard","meta":{"site-sidebar-layout":"default","site-content-layout":"","ast-site-content-layout":"default","site-content-style":"default","site-sidebar-style":"default","ast-global-header-display":"","ast-banner-title-visibility":"","ast-main-header-display":"","ast-hfb-above-header-display":"","ast-hfb-below-header-display":"","ast-hfb-mobile-header-display":"","site-post-title":"","ast-breadcrumbs-content":"","ast-featured-img":"","footer-sml-layout":"","ast-disable-related-posts":"","theme-transparent-header-meta":"","adv-header-id-meta":"","stick-header-meta":"","header-above-stick-meta":"","header-main-stick-meta":"","header-below-stick-meta":"","astra-migrate-meta-layouts":"set","ast-page-background-enabled":"default","ast-page-background-meta":{"desktop":{"background-color":"var(--ast-global-color-4)","background-image":"","background-repeat":"repeat","background-position":"center center","background-size":"auto","background-attachment":"scroll","background-type":"","background-media":"","overlay-type":"","overlay-color":"","overlay-opacity":"","overlay-gradient":""},"tablet":{"background-color":"","background-image":"","background-repeat":"repeat","background-position":"center center","background-size":"auto","background-attachment":"scroll","background-type":"","background-media":"","overlay-type":"","overlay-color":"","overlay-opacity":"","overlay-gradient":""},"mobile":{"background-color":"","background-image":"","background-repeat":"repeat","background-position":"center center","background-size":"auto","background-attachment":"scroll","background-type":"","background-media":"","overlay-type":"","overlay-color":"","overlay-opacity":"","overlay-gradient":""}},"ast-content-background-meta":{"desktop":{"background-color":"var(--ast-global-color-5)","background-image":"","background-repeat":"repeat","background-position":"center center","background-size":"auto","background-attachment":"scroll","background-type":"","background-media":"","overlay-type":"","overlay-color":"","overlay-opacity":"","overlay-gradient":""},"tablet":{"background-color":"var(--ast-global-color-5)","background-image":"","background-repeat":"repeat","background-position":"center center","background-size":"auto","background-attachment":"scroll","background-type":"","background-media":"","overlay-type":"","overlay-color":"","overlay-opacity":"","overlay-gradient":""},"mobile":{"background-color":"var(--ast-global-color-5)","background-image":"","background-repeat":"repeat","background-position":"center center","background-size":"auto","background-attachment":"scroll","background-type":"","background-media":"","overlay-type":"","overlay-color":"","overlay-opacity":"","overlay-gradient":""}},"_joinchat":[],"footnotes":""},"categories":[1],"tags":[],"class_list":["post-45164","post","type-post","status-publish","format-standard","has-post-thumbnail","hentry","category-sin-categoria"],"_links":{"self":[{"href":"https:\/\/mueblesdetena.es\/ru_ru\/wp-json\/wp\/v2\/posts\/45164","targetHints":{"allow":["GET"]}}],"collection":[{"href":"https:\/\/mueblesdetena.es\/ru_ru\/wp-json\/wp\/v2\/posts"}],"about":[{"href":"https:\/\/mueblesdetena.es\/ru_ru\/wp-json\/wp\/v2\/types\/post"}],"author":[{"embeddable":true,"href":"https:\/\/mueblesdetena.es\/ru_ru\/wp-json\/wp\/v2\/users\/618"}],"replies":[{"embeddable":true,"href":"https:\/\/mueblesdetena.es\/ru_ru\/wp-json\/wp\/v2\/comments?post=45164"}],"version-history":[{"count":2,"href":"https:\/\/mueblesdetena.es\/ru_ru\/wp-json\/wp\/v2\/posts\/45164\/revisions"}],"predecessor-version":[{"id":45171,"href":"https:\/\/mueblesdetena.es\/ru_ru\/wp-json\/wp\/v2\/posts\/45164\/revisions\/45171"}],"wp:featuredmedia":[{"embeddable":true,"href":"https:\/\/mueblesdetena.es\/ru_ru\/wp-json\/wp\/v2\/media\/45167"}],"wp:attachment":[{"href":"https:\/\/mueblesdetena.es\/ru_ru\/wp-json\/wp\/v2\/media?parent=45164"}],"wp:term":[{"taxonomy":"category","embeddable":true,"href":"https:\/\/mueblesdetena.es\/ru_ru\/wp-json\/wp\/v2\/categories?post=45164"},{"taxonomy":"post_tag","embeddable":true,"href":"https:\/\/mueblesdetena.es\/ru_ru\/wp-json\/wp\/v2\/tags?post=45164"}],"curies":[{"name":"wp","href":"https:\/\/api.w.org\/{rel}","templated":true}]}}