{"id":45211,"date":"2026-04-17T06:00:48","date_gmt":"2026-04-17T04:00:48","guid":{"rendered":"https:\/\/mueblesdetena.es\/sofa-deslizante-para-salon-como-elegir-bien\/"},"modified":"2026-04-17T10:24:56","modified_gmt":"2026-04-17T08:24:56","slug":"sofa-deslizante-para-salon-como-elegir-bien","status":"publish","type":"post","link":"https:\/\/mueblesdetena.es\/ru_ru\/sofa-deslizante-para-salon-como-elegir-bien\/","title":{"rendered":"Sof\u00e1 deslizante para sal\u00f3n: c\u00f3mo elegir bien (Gu\u00eda completa 2026)"},"content":{"rendered":"<h1 class=\"wp-block-heading\"><\/h1>\n\n\n\n<p class=\"wp-block-paragraph\">Si est\u00e1s pensando en renovar tu sal\u00f3n, el <strong>sof\u00e1 deslizante<\/strong> es una de las mejores opciones por comodidad, funcionalidad y aprovechamiento del espacio. En <a><strong>Muebles Detena<\/strong><\/a>, tu tienda de muebles en Badalona, sabemos que elegir el sof\u00e1 adecuado puede marcar la diferencia en tu hogar.<\/p>\n\n\n\n<p class=\"wp-block-paragraph\">En esta gu\u00eda te explicamos todo lo que necesitas saber para elegir el sof\u00e1 deslizante perfecto.<\/p>\n\n\n\n<hr class=\"wp-block-separator has-alpha-channel-opacity\"\/>\n\n\n\n<div id=\"ez-toc-container\" class=\"ez-toc-v2_0_85 counter-hierarchy ez-toc-counter ez-toc-grey ez-toc-container-direction\">\n<div class=\"ez-toc-title-container\">\n<p class=\"ez-toc-title\" style=\"cursor:inherit\">Table of Contents<\/p>\n<span class=\"ez-toc-title-toggle\"><a href=\"#\" class=\"ez-toc-pull-right ez-toc-btn ez-toc-btn-xs ez-toc-btn-default ez-toc-toggle\" aria-label=\"Toggle Table of Content\"><span class=\"ez-toc-js-icon-con\"><span class=\"\"><span class=\"eztoc-hide\" style=\"display:none;\">Toggle<\/span><span class=\"ez-toc-icon-toggle-span\"><svg style=\"fill: #999;color:#999\" xmlns=\"http:\/\/www.w3.org\/2000\/svg\" class=\"list-377408\" width=\"20px\" height=\"20px\" viewbox=\"0 0 24 24\" fill=\"none\"><path d=\"M6 6H4v2h2V6zm14 0H8v2h12V6zM4 11h2v2H4v-2zm16 0H8v2h12v-2zM4 16h2v2H4v-2zm16 0H8v2h12v-2z\" fill=\"currentColor\"><\/path><\/svg><svg style=\"fill: #999;color:#999\" class=\"arrow-unsorted-368013\" xmlns=\"http:\/\/www.w3.org\/2000\/svg\" width=\"10px\" height=\"10px\" viewbox=\"0 0 24 24\" version=\"1.2\" baseprofile=\"tiny\"><path d=\"M18.2 9.3l-6.2-6.3-6.2 6.3c-.2.2-.3.4-.3.7s.1.5.3.7c.2.2.4.3.7.3h11c.3 0 .5-.1.7-.3.2-.2.3-.5.3-.7s-.1-.5-.3-.7zM5.8 14.7l6.2 6.3 6.2-6.3c.2-.2.3-.5.3-.7s-.1-.5-.3-.7c-.2-.2-.4-.3-.7-.3h-11c-.3 0-.5.1-.7.3-.2.2-.3.5-.3.7s.1.5.3.7z\"\/><\/svg><\/span><\/span><\/span><\/a><\/span><\/div>\n<nav><ul class='ez-toc-list ez-toc-list-level-1' ><li class='ez-toc-page-1 ez-toc-heading-level-2'><a class=\"ez-toc-link ez-toc-heading-1\" href=\"https:\/\/mueblesdetena.es\/ru_ru\/sofa-deslizante-para-salon-como-elegir-bien\/#%C2%BFQue_es_un_sofa_deslizante\" >\u00bfQu\u00e9 es un sof\u00e1 deslizante?<\/a><\/li><li class='ez-toc-page-1 ez-toc-heading-level-2'><a class=\"ez-toc-link ez-toc-heading-2\" href=\"https:\/\/mueblesdetena.es\/ru_ru\/sofa-deslizante-para-salon-como-elegir-bien\/#Ventajas_de_un_sofa_deslizante\" >Ventajas de un sof\u00e1 deslizante<\/a><\/li><li class='ez-toc-page-1 ez-toc-heading-level-2'><a class=\"ez-toc-link ez-toc-heading-3\" href=\"https:\/\/mueblesdetena.es\/ru_ru\/sofa-deslizante-para-salon-como-elegir-bien\/#Tipos_de_sofas_deslizantes\" >Tipos de sof\u00e1s deslizantes<\/a><ul class='ez-toc-list-level-3' ><li class='ez-toc-heading-level-3'><a class=\"ez-toc-link ez-toc-heading-4\" href=\"https:\/\/mueblesdetena.es\/ru_ru\/sofa-deslizante-para-salon-como-elegir-bien\/#1_Sofa_deslizante_manual\" >1. Sof\u00e1 deslizante manual<\/a><\/li><li class='ez-toc-page-1 ez-toc-heading-level-3'><a class=\"ez-toc-link ez-toc-heading-5\" href=\"https:\/\/mueblesdetena.es\/ru_ru\/sofa-deslizante-para-salon-como-elegir-bien\/#2_Sofa_deslizante_electrico\" >2. Sof\u00e1 deslizante el\u00e9ctrico<\/a><\/li><li class='ez-toc-page-1 ez-toc-heading-level-3'><a class=\"ez-toc-link ez-toc-heading-6\" href=\"https:\/\/mueblesdetena.es\/ru_ru\/sofa-deslizante-para-salon-como-elegir-bien\/#3_Sofa_deslizante_con_arcon\" >3. Sof\u00e1 deslizante con arc\u00f3n<\/a><\/li><\/ul><\/li><li class='ez-toc-page-1 ez-toc-heading-level-2'><a class=\"ez-toc-link ez-toc-heading-7\" href=\"https:\/\/mueblesdetena.es\/ru_ru\/sofa-deslizante-para-salon-como-elegir-bien\/#%C2%BFComo_elegir_el_mejor_sofa_deslizante\" >\u00bfC\u00f3mo elegir el mejor sof\u00e1 deslizante?<\/a><ul class='ez-toc-list-level-3' ><li class='ez-toc-heading-level-3'><a class=\"ez-toc-link ez-toc-heading-8\" href=\"https:\/\/mueblesdetena.es\/ru_ru\/sofa-deslizante-para-salon-como-elegir-bien\/#1_Mide_bien_tu_espacio\" >1. Mide bien tu espacio<\/a><\/li><li class='ez-toc-page-1 ez-toc-heading-level-3'><a class=\"ez-toc-link ez-toc-heading-9\" href=\"https:\/\/mueblesdetena.es\/ru_ru\/sofa-deslizante-para-salon-como-elegir-bien\/#2_Tipo_de_apertura\" >2. Tipo de apertura<\/a><\/li><li class='ez-toc-page-1 ez-toc-heading-level-3'><a class=\"ez-toc-link ez-toc-heading-10\" href=\"https:\/\/mueblesdetena.es\/ru_ru\/sofa-deslizante-para-salon-como-elegir-bien\/#3_Materiales_y_tapizado\" >3. Materiales y tapizado<\/a><\/li><li class='ez-toc-page-1 ez-toc-heading-level-3'><a class=\"ez-toc-link ez-toc-heading-11\" href=\"https:\/\/mueblesdetena.es\/ru_ru\/sofa-deslizante-para-salon-como-elegir-bien\/#4_Densidad_de_la_espuma\" >4. Densidad de la espuma<\/a><\/li><li class='ez-toc-page-1 ez-toc-heading-level-3'><a class=\"ez-toc-link ez-toc-heading-12\" href=\"https:\/\/mueblesdetena.es\/ru_ru\/sofa-deslizante-para-salon-como-elegir-bien\/#5_Estructura\" >5. Estructura<\/a><\/li><\/ul><\/li><li class='ez-toc-page-1 ez-toc-heading-level-2'><a class=\"ez-toc-link ez-toc-heading-13\" href=\"https:\/\/mueblesdetena.es\/ru_ru\/sofa-deslizante-para-salon-como-elegir-bien\/#Consejos_clave_antes_de_comprar\" >Consejos clave antes de comprar<\/a><\/li><li class='ez-toc-page-1 ez-toc-heading-level-2'><a class=\"ez-toc-link ez-toc-heading-14\" href=\"https:\/\/mueblesdetena.es\/ru_ru\/sofa-deslizante-para-salon-como-elegir-bien\/#%C2%BFDonde_comprar_un_sofa_deslizante_en_Badalona\" >\u00bfD\u00f3nde comprar un sof\u00e1 deslizante en Badalona?<\/a><\/li><li class='ez-toc-page-1 ez-toc-heading-level-2'><a class=\"ez-toc-link ez-toc-heading-15\" href=\"https:\/\/mueblesdetena.es\/ru_ru\/sofa-deslizante-para-salon-como-elegir-bien\/#Conclusion\" >Conclusi\u00f3n<\/a><ul class='ez-toc-list-level-3' ><li class='ez-toc-heading-level-3'><a class=\"ez-toc-link ez-toc-heading-16\" href=\"https:\/\/mueblesdetena.es\/ru_ru\/sofa-deslizante-para-salon-como-elegir-bien\/#%C2%BFBuscas_mas_ideas_para_tu_salon\" >\u00bfBuscas m\u00e1s ideas para tu sal\u00f3n?<\/a><\/li><\/ul><\/li><\/ul><\/nav><\/div>\n<h2 class=\"wp-block-heading\"><span class=\"ez-toc-section\" id=\"%C2%BFQue_es_un_sofa_deslizante\"><\/span>\u00bfQu\u00e9 es un sof\u00e1 deslizante?<img decoding=\"async\" width=\"150\" height=\"121\" class=\"wp-image-44809\" style=\"width: 150px;\" src=\"https:\/\/mueblesdetena.es\/wp-content\/uploads\/2026\/03\/sofa-en-badalona-elite.jpg\" alt=\"\" srcset=\"https:\/\/mueblesdetena.es\/wp-content\/uploads\/2026\/03\/sofa-en-badalona-elite.jpg 2304w, https:\/\/mueblesdetena.es\/wp-content\/uploads\/2026\/03\/sofa-en-badalona-elite-300x242.jpg 300w, https:\/\/mueblesdetena.es\/wp-content\/uploads\/2026\/03\/sofa-en-badalona-elite-1024x825.jpg 1024w, https:\/\/mueblesdetena.es\/wp-content\/uploads\/2026\/03\/sofa-en-badalona-elite-768x619.jpg 768w, https:\/\/mueblesdetena.es\/wp-content\/uploads\/2026\/03\/sofa-en-badalona-elite-1536x1237.jpg 1536w, https:\/\/mueblesdetena.es\/wp-content\/uploads\/2026\/03\/sofa-en-badalona-elite-2048x1650.jpg 2048w, https:\/\/mueblesdetena.es\/wp-content\/uploads\/2026\/03\/sofa-en-badalona-elite-600x483.jpg 600w\" sizes=\"(max-width: 150px) 100vw, 150px\" \/><span class=\"ez-toc-section-end\"><\/span><\/h2>\n\n\n\n<p class=\"wp-block-paragraph\">Un sof\u00e1 deslizante es aquel que permite <strong>extender los asientos hacia adelante<\/strong>, ofreciendo mayor profundidad y comodidad. Es ideal para relajarse, ver pel\u00edculas o incluso tumbarse.<\/p>\n\n\n\n<p class=\"wp-block-paragraph\">A diferencia de los sof\u00e1s tradicionales, este sistema mejora la ergonom\u00eda y adapta el sof\u00e1 a diferentes usos diarios.<\/p>\n\n\n\n<hr class=\"wp-block-separator has-alpha-channel-opacity\"\/>\n\n\n\n<h2 class=\"wp-block-heading\"><span class=\"ez-toc-section\" id=\"Ventajas_de_un_sofa_deslizante\"><\/span>Ventajas de un sof\u00e1 deslizante<img decoding=\"async\" width=\"150\" height=\"96\" class=\"wp-image-41154\" style=\"width: 150px;\" src=\"https:\/\/mueblesdetena.es\/wp-content\/uploads\/2025\/10\/sofa-city3.jpg\" alt=\"\" srcset=\"https:\/\/mueblesdetena.es\/wp-content\/uploads\/2025\/10\/sofa-city3.jpg 1349w, https:\/\/mueblesdetena.es\/wp-content\/uploads\/2025\/10\/sofa-city3-300x193.jpg 300w, https:\/\/mueblesdetena.es\/wp-content\/uploads\/2025\/10\/sofa-city3-1024x658.jpg 1024w, https:\/\/mueblesdetena.es\/wp-content\/uploads\/2025\/10\/sofa-city3-768x494.jpg 768w, https:\/\/mueblesdetena.es\/wp-content\/uploads\/2025\/10\/sofa-city3-600x386.jpg 600w\" sizes=\"(max-width: 150px) 100vw, 150px\" \/><span class=\"ez-toc-section-end\"><\/span><\/h2>\n\n\n\n<p class=\"wp-block-paragraph\">Elegir un sof\u00e1 deslizante tiene m\u00faltiples beneficios:<\/p>\n\n\n\n<ul class=\"wp-block-list\">\n<li>\u2714\ufe0f Mayor comodidad y descanso<\/li>\n\n\n\n<li>\u2714\ufe0f Adaptable a diferentes posiciones<\/li>\n\n\n\n<li>\u2714\ufe0f Ideal para espacios peque\u00f1os o medianos<\/li>\n\n\n\n<li>\u2714\ufe0f Perfecto como alternativa a sof\u00e1 cama<\/li>\n<\/ul>\n\n\n\n<p class=\"wp-block-paragraph\">Si buscas modelos de calidad, puedes ver nuestras opciones en la secci\u00f3n de <a><strong>sof\u00e1s en Muebles Detena<\/strong><\/a>.<\/p>\n\n\n\n<hr class=\"wp-block-separator has-alpha-channel-opacity\"\/>\n\n\n\n<h2 class=\"wp-block-heading\"><span class=\"ez-toc-section\" id=\"Tipos_de_sofas_deslizantes\"><\/span>Tipos de sof\u00e1s deslizantes<span class=\"ez-toc-section-end\"><\/span><\/h2>\n\n\n\n<h3 class=\"wp-block-heading\"><span class=\"ez-toc-section\" id=\"1_Sofa_deslizante_manual\"><\/span>1. Sof\u00e1 deslizante manual<span class=\"ez-toc-section-end\"><\/span><\/h3>\n\n\n\n<p class=\"wp-block-paragraph\">Funciona mediante un sistema sencillo que se extiende con la mano. Es econ\u00f3mico y f\u00e1cil de mantener.<\/p>\n\n\n\n<h3 class=\"wp-block-heading\"><span class=\"ez-toc-section\" id=\"2_Sofa_deslizante_electrico\"><\/span>2. Sof\u00e1 deslizante el\u00e9ctrico<span class=\"ez-toc-section-end\"><\/span><\/h3>\n\n\n\n<p class=\"wp-block-paragraph\">Incorpora motor para ajustar la posici\u00f3n con solo pulsar un bot\u00f3n. Ideal si buscas m\u00e1xima comodidad.<\/p>\n\n\n\n<h3 class=\"wp-block-heading\"><span class=\"ez-toc-section\" id=\"3_Sofa_deslizante_con_arcon\"><\/span>3. Sof\u00e1 deslizante con arc\u00f3n<span class=\"ez-toc-section-end\"><\/span><\/h3>\n\n\n\n<p class=\"wp-block-paragraph\">Perfecto para aprovechar el espacio, ya que incluye almacenamiento debajo de los asientos.<\/p>\n\n\n\n<hr class=\"wp-block-separator has-alpha-channel-opacity\"\/>\n\n\n\n<h2 class=\"wp-block-heading\"><span class=\"ez-toc-section\" id=\"%C2%BFComo_elegir_el_mejor_sofa_deslizante\"><\/span>\u00bfC\u00f3mo elegir el mejor sof\u00e1 deslizante?<span class=\"ez-toc-section-end\"><\/span><\/h2>\n\n\n\n<h3 class=\"wp-block-heading\"><span class=\"ez-toc-section\" id=\"1_Mide_bien_tu_espacio\"><\/span>1. Mide bien tu espacio<span class=\"ez-toc-section-end\"><\/span><\/h3>\n\n\n\n<p class=\"wp-block-paragraph\">Antes de comprar, mide el sal\u00f3n teniendo en cuenta el espacio necesario cuando el sof\u00e1 est\u00e9 extendido.<\/p>\n\n\n\n<p class=\"wp-block-paragraph\">Si est\u00e1s en la zona, puedes visitarnos en nuestra tienda de <strong>muebles en Badalona<\/strong> para asesoramiento personalizado.<\/p>\n\n\n\n<h3 class=\"wp-block-heading\"><span class=\"ez-toc-section\" id=\"2_Tipo_de_apertura\"><\/span>2. Tipo de apertura<span class=\"ez-toc-section-end\"><\/span><\/h3>\n\n\n\n<ul class=\"wp-block-list\">\n<li>Sistema suave y silencioso<\/li>\n\n\n\n<li>Gu\u00edas met\u00e1licas resistentes<\/li>\n\n\n\n<li>F\u00e1cil manejo<\/li>\n<\/ul>\n\n\n\n<h3 class=\"wp-block-heading\"><span class=\"ez-toc-section\" id=\"3_Materiales_y_tapizado\"><\/span>3. Materiales y tapizado<span class=\"ez-toc-section-end\"><\/span><\/h3>\n\n\n\n<p class=\"wp-block-paragraph\">Elige tejidos resistentes y f\u00e1ciles de limpiar:<\/p>\n\n\n\n<ul class=\"wp-block-list\">\n<li>Tela antimanchas<\/li>\n\n\n\n<li>Microfibra<\/li>\n\n\n\n<li>Piel sint\u00e9tica o natural<\/li>\n<\/ul>\n\n\n\n<h3 class=\"wp-block-heading\"><span class=\"ez-toc-section\" id=\"4_Densidad_de_la_espuma\"><\/span>4. Densidad de la espuma<img decoding=\"async\" width=\"150\" height=\"60\" class=\"wp-image-32353\" style=\"width: 150px;\" src=\"https:\/\/mueblesdetena.es\/wp-content\/uploads\/2024\/10\/MAYOR-BN-MAGNUM-CAMA-02-ESP.jpg\" alt=\"\" srcset=\"https:\/\/mueblesdetena.es\/wp-content\/uploads\/2024\/10\/MAYOR-BN-MAGNUM-CAMA-02-ESP.jpg 1920w, https:\/\/mueblesdetena.es\/wp-content\/uploads\/2024\/10\/MAYOR-BN-MAGNUM-CAMA-02-ESP-300x120.jpg 300w, https:\/\/mueblesdetena.es\/wp-content\/uploads\/2024\/10\/MAYOR-BN-MAGNUM-CAMA-02-ESP-1024x410.jpg 1024w, https:\/\/mueblesdetena.es\/wp-content\/uploads\/2024\/10\/MAYOR-BN-MAGNUM-CAMA-02-ESP-768x307.jpg 768w, https:\/\/mueblesdetena.es\/wp-content\/uploads\/2024\/10\/MAYOR-BN-MAGNUM-CAMA-02-ESP-1536x614.jpg 1536w, https:\/\/mueblesdetena.es\/wp-content\/uploads\/2024\/10\/MAYOR-BN-MAGNUM-CAMA-02-ESP-600x240.jpg 600w\" sizes=\"(max-width: 150px) 100vw, 150px\" \/><span class=\"ez-toc-section-end\"><\/span><\/h3>\n\n\n\n<p class=\"wp-block-paragraph\">Un buen sof\u00e1 debe tener una densidad adecuada para garantizar confort y durabilidad.<\/p>\n\n\n\n<h3 class=\"wp-block-heading\"><span class=\"ez-toc-section\" id=\"5_Estructura\"><\/span>5. Estructura<span class=\"ez-toc-section-end\"><\/span><\/h3>\n\n\n\n<p class=\"wp-block-paragraph\">La estructura ideal es de madera maciza o metal reforzado.<\/p>\n\n\n\n<hr class=\"wp-block-separator has-alpha-channel-opacity\"\/>\n\n\n\n<h2 class=\"wp-block-heading\"><span class=\"ez-toc-section\" id=\"Consejos_clave_antes_de_comprar\"><\/span>Consejos clave antes de comprar<span class=\"ez-toc-section-end\"><\/span><\/h2>\n\n\n\n<ul class=\"wp-block-list\">\n<li>Prueba el sof\u00e1 siempre que sea posible<\/li>\n\n\n\n<li>Comprueba la garant\u00eda<\/li>\n\n\n\n<li>Aseg\u00farate de que el sistema deslizante sea resistente<\/li>\n\n\n\n<li>Elige un dise\u00f1o acorde a tu decoraci\u00f3n<\/li>\n<\/ul>\n\n\n\n<p class=\"wp-block-paragraph\">\u0412 <a><strong>Muebles Detena<\/strong><\/a> te ayudamos a encontrar el modelo perfecto seg\u00fan tus necesidades.<\/p>\n\n\n\n<hr class=\"wp-block-separator has-alpha-channel-opacity\"\/>\n\n\n\n<h2 class=\"wp-block-heading\"><span class=\"ez-toc-section\" id=\"%C2%BFDonde_comprar_un_sofa_deslizante_en_Badalona\"><\/span>\u00bfD\u00f3nde comprar un sof\u00e1 deslizante en Badalona?<img loading=\"lazy\" decoding=\"async\" width=\"150\" height=\"88\" class=\"wp-image-40312\" style=\"width: 150px;\" src=\"https:\/\/mueblesdetena.es\/wp-content\/uploads\/2025\/09\/sofa-elite-en-alella.jpg\" alt=\"\" srcset=\"https:\/\/mueblesdetena.es\/wp-content\/uploads\/2025\/09\/sofa-elite-en-alella.jpg 1643w, https:\/\/mueblesdetena.es\/wp-content\/uploads\/2025\/09\/sofa-elite-en-alella-300x176.jpg 300w, https:\/\/mueblesdetena.es\/wp-content\/uploads\/2025\/09\/sofa-elite-en-alella-1024x600.jpg 1024w, https:\/\/mueblesdetena.es\/wp-content\/uploads\/2025\/09\/sofa-elite-en-alella-768x450.jpg 768w, https:\/\/mueblesdetena.es\/wp-content\/uploads\/2025\/09\/sofa-elite-en-alella-1536x900.jpg 1536w, https:\/\/mueblesdetena.es\/wp-content\/uploads\/2025\/09\/sofa-elite-en-alella-600x352.jpg 600w\" sizes=\"(max-width: 150px) 100vw, 150px\" \/><span class=\"ez-toc-section-end\"><\/span><\/h2>\n\n\n\n<p class=\"wp-block-paragraph\">Si buscas calidad, precio y asesoramiento experto, en <strong>Muebles Detena<\/strong> encontrar\u00e1s una amplia selecci\u00f3n de sof\u00e1s deslizantes adaptados a todos los estilos.<\/p>\n\n\n\n<p class=\"wp-block-paragraph\">\ud83d\udccd Vis\u00edtanos en Badalona o explora nuestro cat\u00e1logo online: \ud83d\udc49 <a>https:\/\/mueblesdetena.es\/<\/a><\/p>\n\n\n\n<hr class=\"wp-block-separator has-alpha-channel-opacity\"\/>\n\n\n\n<h2 class=\"wp-block-heading\"><span class=\"ez-toc-section\" id=\"Conclusion\"><\/span>Conclusi\u00f3n<span class=\"ez-toc-section-end\"><\/span><\/h2>\n\n\n\n<p class=\"wp-block-paragraph\">El sof\u00e1 deslizante es una inversi\u00f3n inteligente para cualquier sal\u00f3n. Elegir bien significa tener en cuenta espacio, materiales y comodidad.<\/p>\n\n\n\n<p class=\"wp-block-paragraph\">Si tienes dudas, nuestro equipo estar\u00e1 encantado de ayudarte a encontrar el sof\u00e1 ideal para tu hogar.<\/p>\n\n\n\n<hr class=\"wp-block-separator has-alpha-channel-opacity\"\/>\n\n\n\n<h3 class=\"wp-block-heading\"><span class=\"ez-toc-section\" id=\"%C2%BFBuscas_mas_ideas_para_tu_salon\"><\/span>\u00bfBuscas m\u00e1s ideas para tu sal\u00f3n?<img loading=\"lazy\" decoding=\"async\" width=\"150\" height=\"82\" class=\"wp-image-42691\" style=\"width: 150px;\" src=\"https:\/\/mueblesdetena.es\/wp-content\/uploads\/2025\/12\/sofa-isense-top-gun.jpg\" alt=\"\" srcset=\"https:\/\/mueblesdetena.es\/wp-content\/uploads\/2025\/12\/sofa-isense-top-gun.jpg 1796w, https:\/\/mueblesdetena.es\/wp-content\/uploads\/2025\/12\/sofa-isense-top-gun-300x163.jpg 300w, https:\/\/mueblesdetena.es\/wp-content\/uploads\/2025\/12\/sofa-isense-top-gun-1024x557.jpg 1024w, https:\/\/mueblesdetena.es\/wp-content\/uploads\/2025\/12\/sofa-isense-top-gun-768x418.jpg 768w, https:\/\/mueblesdetena.es\/wp-content\/uploads\/2025\/12\/sofa-isense-top-gun-1536x836.jpg 1536w, https:\/\/mueblesdetena.es\/wp-content\/uploads\/2025\/12\/sofa-isense-top-gun-600x326.jpg 600w\" sizes=\"(max-width: 150px) 100vw, 150px\" \/><span class=\"ez-toc-section-end\"><\/span><\/h3>\n\n\n\n<p class=\"wp-block-paragraph\">Te invitamos a seguir leyendo nuestro blog o visitar nuestra tienda online para descubrir las \u00faltimas tendencias en mobiliario.<\/p>","protected":false},"excerpt":{"rendered":"<p>Descubre c\u00f3mo elegir un sof\u00e1 deslizante para sal\u00f3n c\u00f3modo, pr\u00e1ctico y duradero seg\u00fan tu espacio, uso diario, tapizado y presupuesto.<\/p>","protected":false},"author":267,"featured_media":41379,"comment_status":"closed","ping_status":"closed","sticky":false,"template":"","format":"standard","meta":{"site-sidebar-layout":"default","site-content-layout":"","ast-site-content-layout":"default","site-content-style":"default","site-sidebar-style":"default","ast-global-header-display":"","ast-banner-title-visibility":"","ast-main-header-display":"","ast-hfb-above-header-display":"","ast-hfb-below-header-display":"","ast-hfb-mobile-header-display":"","site-post-title":"","ast-breadcrumbs-content":"","ast-featured-img":"","footer-sml-layout":"","ast-disable-related-posts":"","theme-transparent-header-meta":"","adv-header-id-meta":"","stick-header-meta":"","header-above-stick-meta":"","header-main-stick-meta":"","header-below-stick-meta":"","astra-migrate-meta-layouts":"set","ast-page-background-enabled":"default","ast-page-background-meta":{"desktop":{"background-color":"var(--ast-global-color-4)","background-image":"","background-repeat":"repeat","background-position":"center center","background-size":"auto","background-attachment":"scroll","background-type":"","background-media":"","overlay-type":"","overlay-color":"","overlay-opacity":"","overlay-gradient":""},"tablet":{"background-color":"","background-image":"","background-repeat":"repeat","background-position":"center center","background-size":"auto","background-attachment":"scroll","background-type":"","background-media":"","overlay-type":"","overlay-color":"","overlay-opacity":"","overlay-gradient":""},"mobile":{"background-color":"","background-image":"","background-repeat":"repeat","background-position":"center center","background-size":"auto","background-attachment":"scroll","background-type":"","background-media":"","overlay-type":"","overlay-color":"","overlay-opacity":"","overlay-gradient":""}},"ast-content-background-meta":{"desktop":{"background-color":"var(--ast-global-color-5)","background-image":"","background-repeat":"repeat","background-position":"center center","background-size":"auto","background-attachment":"scroll","background-type":"","background-media":"","overlay-type":"","overlay-color":"","overlay-opacity":"","overlay-gradient":""},"tablet":{"background-color":"var(--ast-global-color-5)","background-image":"","background-repeat":"repeat","background-position":"center center","background-size":"auto","background-attachment":"scroll","background-type":"","background-media":"","overlay-type":"","overlay-color":"","overlay-opacity":"","overlay-gradient":""},"mobile":{"background-color":"var(--ast-global-color-5)","background-image":"","background-repeat":"repeat","background-position":"center center","background-size":"auto","background-attachment":"scroll","background-type":"","background-media":"","overlay-type":"","overlay-color":"","overlay-opacity":"","overlay-gradient":""}},"_joinchat":[],"footnotes":""},"categories":[1],"tags":[],"class_list":["post-45211","post","type-post","status-publish","format-standard","has-post-thumbnail","hentry","category-sin-categoria"],"_links":{"self":[{"href":"https:\/\/mueblesdetena.es\/ru_ru\/wp-json\/wp\/v2\/posts\/45211","targetHints":{"allow":["GET"]}}],"collection":[{"href":"https:\/\/mueblesdetena.es\/ru_ru\/wp-json\/wp\/v2\/posts"}],"about":[{"href":"https:\/\/mueblesdetena.es\/ru_ru\/wp-json\/wp\/v2\/types\/post"}],"author":[{"embeddable":true,"href":"https:\/\/mueblesdetena.es\/ru_ru\/wp-json\/wp\/v2\/users\/267"}],"replies":[{"embeddable":true,"href":"https:\/\/mueblesdetena.es\/ru_ru\/wp-json\/wp\/v2\/comments?post=45211"}],"version-history":[{"count":2,"href":"https:\/\/mueblesdetena.es\/ru_ru\/wp-json\/wp\/v2\/posts\/45211\/revisions"}],"predecessor-version":[{"id":45220,"href":"https:\/\/mueblesdetena.es\/ru_ru\/wp-json\/wp\/v2\/posts\/45211\/revisions\/45220"}],"wp:featuredmedia":[{"embeddable":true,"href":"https:\/\/mueblesdetena.es\/ru_ru\/wp-json\/wp\/v2\/media\/41379"}],"wp:attachment":[{"href":"https:\/\/mueblesdetena.es\/ru_ru\/wp-json\/wp\/v2\/media?parent=45211"}],"wp:term":[{"taxonomy":"category","embeddable":true,"href":"https:\/\/mueblesdetena.es\/ru_ru\/wp-json\/wp\/v2\/categories?post=45211"},{"taxonomy":"post_tag","embeddable":true,"href":"https:\/\/mueblesdetena.es\/ru_ru\/wp-json\/wp\/v2\/tags?post=45211"}],"curies":[{"name":"wp","href":"https:\/\/api.w.org\/{rel}","templated":true}]}}