{"id":45449,"date":"2026-04-27T03:27:19","date_gmt":"2026-04-27T01:27:19","guid":{"rendered":"https:\/\/mueblesdetena.es\/como-elegir-cama-abatible\/"},"modified":"2026-04-27T07:53:33","modified_gmt":"2026-04-27T05:53:33","slug":"como-elegir-una-cama-abatible-guia-completa-2026","status":"publish","type":"post","link":"https:\/\/mueblesdetena.es\/ru_ru\/como-elegir-una-cama-abatible-guia-completa-2026\/","title":{"rendered":"C\u00f3mo elegir una cama abatible (gu\u00eda completa ) Increible oferta"},"content":{"rendered":"<div id=\"ez-toc-container\" class=\"ez-toc-v2_0_85 counter-hierarchy ez-toc-counter ez-toc-grey ez-toc-container-direction\">\n<div class=\"ez-toc-title-container\">\n<p class=\"ez-toc-title\" style=\"cursor:inherit\">Table of Contents<\/p>\n<span class=\"ez-toc-title-toggle\"><a href=\"#\" class=\"ez-toc-pull-right ez-toc-btn ez-toc-btn-xs ez-toc-btn-default ez-toc-toggle\" aria-label=\"Toggle Table of Content\"><span class=\"ez-toc-js-icon-con\"><span class=\"\"><span class=\"eztoc-hide\" style=\"display:none;\">Toggle<\/span><span class=\"ez-toc-icon-toggle-span\"><svg style=\"fill: #999;color:#999\" xmlns=\"http:\/\/www.w3.org\/2000\/svg\" class=\"list-377408\" width=\"20px\" height=\"20px\" viewbox=\"0 0 24 24\" fill=\"none\"><path d=\"M6 6H4v2h2V6zm14 0H8v2h12V6zM4 11h2v2H4v-2zm16 0H8v2h12v-2zM4 16h2v2H4v-2zm16 0H8v2h12v-2z\" fill=\"currentColor\"><\/path><\/svg><svg style=\"fill: #999;color:#999\" class=\"arrow-unsorted-368013\" xmlns=\"http:\/\/www.w3.org\/2000\/svg\" width=\"10px\" height=\"10px\" viewbox=\"0 0 24 24\" version=\"1.2\" baseprofile=\"tiny\"><path d=\"M18.2 9.3l-6.2-6.3-6.2 6.3c-.2.2-.3.4-.3.7s.1.5.3.7c.2.2.4.3.7.3h11c.3 0 .5-.1.7-.3.2-.2.3-.5.3-.7s-.1-.5-.3-.7zM5.8 14.7l6.2 6.3 6.2-6.3c.2-.2.3-.5.3-.7s-.1-.5-.3-.7c-.2-.2-.4-.3-.7-.3h-11c-.3 0-.5.1-.7.3-.2.2-.3.5-.3.7s.1.5.3.7z\"\/><\/svg><\/span><\/span><\/span><\/a><\/span><\/div>\n<nav><ul class='ez-toc-list ez-toc-list-level-1' ><li class='ez-toc-page-1 ez-toc-heading-level-2'><a class=\"ez-toc-link ez-toc-heading-1\" href=\"https:\/\/mueblesdetena.es\/ru_ru\/como-elegir-una-cama-abatible-guia-completa-2026\/#Como_elegir_una_cama_abatible_guia_completa_2026\" >C\u00f3mo elegir una cama abatible (gu\u00eda completa 2026)<\/a><\/li><li class='ez-toc-page-1 ez-toc-heading-level-2'><a class=\"ez-toc-link ez-toc-heading-2\" href=\"https:\/\/mueblesdetena.es\/ru_ru\/como-elegir-una-cama-abatible-guia-completa-2026\/#Como_elegir_cama_abatible_segun_el_espacio\" >C\u00f3mo elegir cama abatible seg\u00fan el espacio<\/a><\/li><li class='ez-toc-page-1 ez-toc-heading-level-2'><a class=\"ez-toc-link ez-toc-heading-3\" href=\"https:\/\/mueblesdetena.es\/ru_ru\/como-elegir-una-cama-abatible-guia-completa-2026\/#Tipos_de_camas_abatibles\" >Tipos de camas abatibles<\/a><\/li><li class='ez-toc-page-1 ez-toc-heading-level-2'><a class=\"ez-toc-link ez-toc-heading-4\" href=\"https:\/\/mueblesdetena.es\/ru_ru\/como-elegir-una-cama-abatible-guia-completa-2026\/#Medidas_y_espacio_necesario\" >Medidas y espacio necesario<\/a><\/li><li class='ez-toc-page-1 ez-toc-heading-level-2'><a class=\"ez-toc-link ez-toc-heading-5\" href=\"https:\/\/mueblesdetena.es\/ru_ru\/como-elegir-una-cama-abatible-guia-completa-2026\/#Precio_de_una_cama_abatible\" >Precio de una cama abatible<\/a><\/li><li class='ez-toc-page-1 ez-toc-heading-level-2'><a class=\"ez-toc-link ez-toc-heading-6\" href=\"https:\/\/mueblesdetena.es\/ru_ru\/como-elegir-una-cama-abatible-guia-completa-2026\/#Que_tener_en_cuenta_antes_de_comprar\" >Qu\u00e9 tener en cuenta antes de comprar<\/a><\/li><li class='ez-toc-page-1 ez-toc-heading-level-2'><a class=\"ez-toc-link ez-toc-heading-7\" href=\"https:\/\/mueblesdetena.es\/ru_ru\/como-elegir-una-cama-abatible-guia-completa-2026\/#Preguntas_frecuentes\" >\u0427\u0430\u0441\u0442\u043e \u0437\u0430\u0434\u0430\u0432\u0430\u0435\u043c\u044b\u0435 \u0432\u043e\u043f\u0440\u043e\u0441\u044b<\/a><ul class='ez-toc-list-level-3' ><li class='ez-toc-heading-level-3'><a class=\"ez-toc-link ez-toc-heading-8\" href=\"https:\/\/mueblesdetena.es\/ru_ru\/como-elegir-una-cama-abatible-guia-completa-2026\/#%C2%BFQue_es_mejor_cama_abatible_vertical_u_horizontal\" >\u00bfQu\u00e9 es mejor, cama abatible vertical u horizontal?<\/a><\/li><li class='ez-toc-page-1 ez-toc-heading-level-3'><a class=\"ez-toc-link ez-toc-heading-9\" href=\"https:\/\/mueblesdetena.es\/ru_ru\/como-elegir-una-cama-abatible-guia-completa-2026\/#%C2%BFCuanto_mide_una_cama_abatible\" >\u00bfCu\u00e1nto mide una cama abatible?<\/a><\/li><li class='ez-toc-page-1 ez-toc-heading-level-3'><a class=\"ez-toc-link ez-toc-heading-10\" href=\"https:\/\/mueblesdetena.es\/ru_ru\/como-elegir-una-cama-abatible-guia-completa-2026\/#%C2%BFSon_comodas_para_uso_diario\" >\u00bfSon c\u00f3modas para uso diario?<\/a><\/li><\/ul><\/li><li class='ez-toc-page-1 ez-toc-heading-level-2'><a class=\"ez-toc-link ez-toc-heading-11\" href=\"https:\/\/mueblesdetena.es\/ru_ru\/como-elegir-una-cama-abatible-guia-completa-2026\/#%C2%BFBuscas_una_cama_abatible\" >\u00bfBuscas una cama abatible?<\/a><\/li><\/ul><\/nav><\/div>\n<h2 class=\"wp-block-heading\"><span class=\"ez-toc-section\" id=\"Como_elegir_una_cama_abatible_guia_completa_2026\"><\/span>C\u00f3mo elegir una cama abatible (gu\u00eda completa 2026)<figure><img decoding=\"async\" width=\"150\" height=\"137\" class=\"wp-image-45454\" style=\"width: 150px;\" src=\"https:\/\/mueblesdetena.es\/wp-content\/uploads\/2026\/04\/cama-abatible-de-matrimonio-barecleona.webp\" alt=\"\" srcset=\"https:\/\/mueblesdetena.es\/wp-content\/uploads\/2026\/04\/cama-abatible-de-matrimonio-barecleona.webp 1117w, https:\/\/mueblesdetena.es\/wp-content\/uploads\/2026\/04\/cama-abatible-de-matrimonio-barecleona-300x273.webp 300w, https:\/\/mueblesdetena.es\/wp-content\/uploads\/2026\/04\/cama-abatible-de-matrimonio-barecleona-1024x932.webp 1024w, https:\/\/mueblesdetena.es\/wp-content\/uploads\/2026\/04\/cama-abatible-de-matrimonio-barecleona-768x699.webp 768w, https:\/\/mueblesdetena.es\/wp-content\/uploads\/2026\/04\/cama-abatible-de-matrimonio-barecleona-600x546.webp 600w\" sizes=\"(max-width: 150px) 100vw, 150px\" \/><\/figure><span class=\"ez-toc-section-end\"><\/span><\/h2>\n\n\n\n<p class=\"wp-block-paragraph\">En esta gu\u00eda completa 2026, aprender\u00e1s c\u00f3mo elegir una cama abatible que se adapte a tus necesidades.<\/p>\n\n\n\n<p class=\"wp-block-paragraph\">Si est\u00e1s mirando opciones y no tienes claro c\u00f3mo elegir ESTE TIPO DE CAMA, hay una pregunta clave antes del dise\u00f1o o el precio: \u00bfla necesitas para uso diario o puntual? Esta decisi\u00f3n influye en todo, desde el sistema de apertura hasta el colch\u00f3n o el tipo de estructura.<\/p>\n\n\n\n<p class=\"wp-block-paragraph\">Una cama abatible bien elegida no solo ahorra espacio. Tambi\u00e9n mejora la circulaci\u00f3n, permite aprovechar mejor habitaciones peque\u00f1as y evita soluciones inc\u00f3modas a largo plazo.<\/p>\n\n\n\n<p class=\"wp-block-paragraph\"><strong>\u00bfBuscas una cama abatible para tu hogar?<\/strong> Descubre nuestra selecci\u00f3n de <a href=\"\/ru_ru\/camas-abatibles\/\">camas abatibles<\/a> y encuentra el modelo perfecto para ahorrar espacio sin renunciar a la comodidad.<\/p>\n\n\n\n<hr class=\"wp-block-separator has-alpha-channel-opacity\"\/>\n\n\n\n<h2 class=\"wp-block-heading\"><span class=\"ez-toc-section\" id=\"Como_elegir_cama_abatible_segun_el_espacio\"><\/span>C\u00f3mo elegir cama abatible seg\u00fan el espacio<img decoding=\"async\" width=\"150\" height=\"121\" class=\"wp-image-45455\" style=\"width: 150px;\" src=\"https:\/\/mueblesdetena.es\/wp-content\/uploads\/2026\/04\/cama-abatible-area-joven.jpg\" alt=\"\" srcset=\"https:\/\/mueblesdetena.es\/wp-content\/uploads\/2026\/04\/cama-abatible-area-joven.jpg 2304w, https:\/\/mueblesdetena.es\/wp-content\/uploads\/2026\/04\/cama-abatible-area-joven-300x242.jpg 300w, https:\/\/mueblesdetena.es\/wp-content\/uploads\/2026\/04\/cama-abatible-area-joven-1024x825.jpg 1024w, https:\/\/mueblesdetena.es\/wp-content\/uploads\/2026\/04\/cama-abatible-area-joven-768x619.jpg 768w, https:\/\/mueblesdetena.es\/wp-content\/uploads\/2026\/04\/cama-abatible-area-joven-1536x1237.jpg 1536w, https:\/\/mueblesdetena.es\/wp-content\/uploads\/2026\/04\/cama-abatible-area-joven-2048x1650.jpg 2048w, https:\/\/mueblesdetena.es\/wp-content\/uploads\/2026\/04\/cama-abatible-area-joven-600x483.jpg 600w\" sizes=\"(max-width: 150px) 100vw, 150px\" \/><span class=\"ez-toc-section-end\"><\/span><\/h2>\n\n\n\n<p class=\"wp-block-paragraph\">El primer paso es medir correctamente. No solo el ancho de la pared, sino tambi\u00e9n:Estas medidas son clave para evitar errores al elegir tu cama plegable.<\/p>\n\n\n\n<ul class=\"wp-block-list\">\n<li>Altura disponible<\/li>\n\n\n\n<li>Fondo del mueble una vez abierto<\/li>\n\n\n\n<li>Espacio de paso alrededor<\/li>\n<\/ul>\n\n\n\n<p class=\"wp-block-paragraph\">Uno de los errores m\u00e1s comunes es fijarse solo en el hueco cerrado y descubrir despu\u00e9s que abierta invade demasiado la habitaci\u00f3n.<\/p>\n\n\n\n<p class=\"wp-block-paragraph\">Si el espacio es estrecho, una cama plegable horizontal suele funcionar mejor. Si tienes m\u00e1s altura, la vertical aprovecha mejor el espacio.<\/p>\n\n\n\n<p class=\"wp-block-paragraph\">Consulta nuestro catalogo de camas abatibles de matrimonio en oferta:<a href=\"https:\/\/mueblesdetena.es\/ru_ru\/camas-abatibles-matrimonio\/\" rel=\"nofollow\">https:\/\/mueblesdetena.es\/camas-abatibles-matrimonio\/<\/a><\/p>\n\n\n\n<hr class=\"wp-block-separator has-alpha-channel-opacity\"\/>\n\n\n\n<h2 class=\"wp-block-heading\"><span class=\"ez-toc-section\" id=\"Tipos_de_camas_abatibles\"><\/span>Tipos de camas abatibles<img decoding=\"async\" width=\"150\" height=\"149\" class=\"wp-image-45429\" style=\"width: 150px;\" src=\"https:\/\/mueblesdetena.es\/wp-content\/uploads\/2025\/10\/cama-abatible-vertical-abierta-dormitorio-moderno.jpg.webp\" alt=\"Cama abatible vertical abierta con armarios en dormitorio moderno\" srcset=\"https:\/\/mueblesdetena.es\/wp-content\/uploads\/2025\/10\/cama-abatible-vertical-abierta-dormitorio-moderno.jpg.webp 869w, https:\/\/mueblesdetena.es\/wp-content\/uploads\/2025\/10\/cama-abatible-vertical-abierta-dormitorio-moderno.jpg-300x300.webp 300w, https:\/\/mueblesdetena.es\/wp-content\/uploads\/2025\/10\/cama-abatible-vertical-abierta-dormitorio-moderno.jpg-150x150.webp 150w, https:\/\/mueblesdetena.es\/wp-content\/uploads\/2025\/10\/cama-abatible-vertical-abierta-dormitorio-moderno.jpg-768x762.webp 768w, https:\/\/mueblesdetena.es\/wp-content\/uploads\/2025\/10\/cama-abatible-vertical-abierta-dormitorio-moderno.jpg-600x595.webp 600w, https:\/\/mueblesdetena.es\/wp-content\/uploads\/2025\/10\/cama-abatible-vertical-abierta-dormitorio-moderno.jpg-100x100.webp 100w\" sizes=\"(max-width: 150px) 100vw, 150px\" \/><span class=\"ez-toc-section-end\"><\/span><\/h2>\n\n\n\n<p class=\"wp-block-paragraph\">Existen varios tipos seg\u00fan el uso y el espacio:<\/p>\n\n\n\n<ul class=\"wp-block-list\">\n<li><strong>Cama abatible vertical<\/strong>: ideal para adultos y uso diario <a href=\"\/ru_ru\/camas-abatibles\/\">cama abatible vertical<\/a><\/li>\n\n\n\n<li><strong>Cama abatible horizontal<\/strong>: perfecta para habitaciones peque\u00f1as<a href=\"\/ru_ru\/camas-abatibles\/\">cama abatible horizontal<\/a><\/li>\n\n\n\n<li><strong>Cama abatible con escritorio<\/strong>: muy pr\u00e1ctica para estudios o habitaciones juveniles<a href=\"\/ru_ru\/camas-abatibles-con-escritorio\/\">cama abatible con escritorio<\/a><\/li>\n\n\n\n<li><strong>Cama plegable con sof\u00e1<\/strong>: soluci\u00f3n completa para salones<\/li>\n<\/ul>\n\n\n\n<p class=\"wp-block-paragraph\">Elegir el tipo correcto es clave para la comodidad y funcionalidad.<\/p>\n\n\n\n<p class=\"wp-block-paragraph\">Accede a nuestro catalogo de camas individuales:<a href=\"https:\/\/mueblesdetena.es\/ru_ru\/camas-abatibles-individuales-madera\/\">https:\/\/mueblesdetena.es\/camas-abatibles-individuales-madera\/<\/a><\/p>\n\n\n\n<hr class=\"wp-block-separator has-alpha-channel-opacity\"\/>\n\n\n\n<h2 class=\"wp-block-heading\"><span class=\"ez-toc-section\" id=\"Medidas_y_espacio_necesario\"><\/span>Medidas y espacio necesario<img loading=\"lazy\" decoding=\"async\" width=\"150\" height=\"121\" class=\"wp-image-45460\" style=\"width: 150px;\" src=\"https:\/\/mueblesdetena.es\/wp-content\/uploads\/2026\/04\/Como-elegir-una-cama-abatible-guia-completa-2026.jpg\" alt=\"C\u00f3mo elegir una cama abatible (gu\u00eda completa 2026)\" srcset=\"https:\/\/mueblesdetena.es\/wp-content\/uploads\/2026\/04\/Como-elegir-una-cama-abatible-guia-completa-2026.jpg 1238w, https:\/\/mueblesdetena.es\/wp-content\/uploads\/2026\/04\/Como-elegir-una-cama-abatible-guia-completa-2026-300x241.jpg 300w, https:\/\/mueblesdetena.es\/wp-content\/uploads\/2026\/04\/Como-elegir-una-cama-abatible-guia-completa-2026-1024x823.jpg 1024w, https:\/\/mueblesdetena.es\/wp-content\/uploads\/2026\/04\/Como-elegir-una-cama-abatible-guia-completa-2026-768x617.jpg 768w, https:\/\/mueblesdetena.es\/wp-content\/uploads\/2026\/04\/Como-elegir-una-cama-abatible-guia-completa-2026-600x482.jpg 600w\" sizes=\"(max-width: 150px) 100vw, 150px\" \/><span class=\"ez-toc-section-end\"><\/span><\/h2>\n\n\n\n<p class=\"wp-block-paragraph\">Las medidas m\u00e1s comunes son:<\/p>\n\n\n\n<ul class=\"wp-block-list\">\n<li>90&#215;190 cm (individual)<\/li>\n\n\n\n<li>135&#215;190 cm (matrimonio compacto)<\/li>\n\n\n\n<li>150&#215;190 cm (matrimonio est\u00e1ndar)<\/li>\n<\/ul>\n\n\n\n<p class=\"wp-block-paragraph\">Adem\u00e1s del tama\u00f1o de la cama, debes tener en cuenta:<\/p>\n\n\n\n<ul class=\"wp-block-list\">\n<li>Profundidad del mueble cerrado<\/li>\n\n\n\n<li>Espacio necesario al abrir<\/li>\n\n\n\n<li>Altura total del sistema<\/li>\n<\/ul>\n\n\n\n<hr class=\"wp-block-separator has-alpha-channel-opacity\"\/>\n\n\n\n<h2 class=\"wp-block-heading\"><span class=\"ez-toc-section\" id=\"Precio_de_una_cama_abatible\"><\/span>Precio de una cama abatible<span class=\"ez-toc-section-end\"><\/span><\/h2>\n\n\n\n<p class=\"wp-block-paragraph\">El precio puede variar bastante seg\u00fan el modelo:<\/p>\n\n\n\n<ul class=\"wp-block-list\">\n<li>Modelos b\u00e1sicos: desde 600\u2013800\u20ac<\/li>\n\n\n\n<li>Con almacenamiento o extras: 900\u20131500\u20ac<\/li>\n\n\n\n<li>Sistemas completos (con sof\u00e1 o escritorio): +1500\u20ac<\/li>\n<\/ul>\n\n\n\n<p class=\"wp-block-paragraph\">Factores que influyen:<\/p>\n\n\n\n<ul class=\"wp-block-list\">\n<li>Calidad del mecanismo<\/li>\n\n\n\n<li>Materiales<\/li>\n\n\n\n<li>Extras incluidos<\/li>\n<\/ul>\n\n\n\n<hr class=\"wp-block-separator has-alpha-channel-opacity\"\/>\n\n\n\n<h2 class=\"wp-block-heading\"><span class=\"ez-toc-section\" id=\"Que_tener_en_cuenta_antes_de_comprar\"><\/span>Qu\u00e9 tener en cuenta antes de comprar<span class=\"ez-toc-section-end\"><\/span><\/h2>\n\n\n\n<p class=\"wp-block-paragraph\">Antes de decidirte, revisa estos puntos:<\/p>\n\n\n\n<ul class=\"wp-block-list\">\n<li>Sistema de apertura (mejor hidr\u00e1ulico)<\/li>\n\n\n\n<li>Tipo de colch\u00f3n compatible<\/li>\n\n\n\n<li>Seguridad (barandillas, anclaje a pared)<\/li>\n\n\n\n<li>Uso diario o puntual<\/li>\n\n\n\n<li>Espacio disponible<\/li>\n<\/ul>\n\n\n\n<p class=\"wp-block-paragraph\">Una buena elecci\u00f3n evita problemas y mejora la experiencia de uso.<\/p>\n\n\n\n<hr class=\"wp-block-separator has-alpha-channel-opacity\"\/>\n\n\n\n<h2 class=\"wp-block-heading\"><span class=\"ez-toc-section\" id=\"Preguntas_frecuentes\"><\/span>\u0427\u0430\u0441\u0442\u043e \u0437\u0430\u0434\u0430\u0432\u0430\u0435\u043c\u044b\u0435 \u0432\u043e\u043f\u0440\u043e\u0441\u044b<span class=\"ez-toc-section-end\"><\/span><\/h2>\n\n\n\n<h3 class=\"wp-block-heading\"><span class=\"ez-toc-section\" id=\"%C2%BFQue_es_mejor_cama_abatible_vertical_u_horizontal\"><\/span>\u00bfQu\u00e9 es mejor, cama abatible vertical u horizontal?<span class=\"ez-toc-section-end\"><\/span><\/h3>\n\n\n\n<p class=\"wp-block-paragraph\">Depende del espacio. La vertical aprovecha mejor la altura, la horizontal es ideal para habitaciones m\u00e1s bajas o estrechas.<\/p>\n\n\n\n<h3 class=\"wp-block-heading\"><span class=\"ez-toc-section\" id=\"%C2%BFCuanto_mide_una_cama_abatible\"><\/span>\u00bfCu\u00e1nto mide una cama abatible?<span class=\"ez-toc-section-end\"><\/span><\/h3>\n\n\n\n<p class=\"wp-block-paragraph\">Depende del modelo, pero normalmente entre 30 y 45 cm de fondo cerrada.<\/p>\n\n\n\n<h3 class=\"wp-block-heading\"><span class=\"ez-toc-section\" id=\"%C2%BFSon_comodas_para_uso_diario\"><\/span>\u00bfSon c\u00f3modas para uso diario?<span class=\"ez-toc-section-end\"><\/span><\/h3>\n\n\n\n<p class=\"wp-block-paragraph\">S\u00ed, siempre que el sistema sea de calidad y el colch\u00f3n adecuado.<\/p>\n\n\n\n<hr class=\"wp-block-separator has-alpha-channel-opacity\"\/>\n\n\n\n<h2 class=\"wp-block-heading\"><span class=\"ez-toc-section\" id=\"%C2%BFBuscas_una_cama_abatible\"><\/span>\u00bfBuscas una cama abatible?<span class=\"ez-toc-section-end\"><\/span><\/h2>\n\n\n\n<p class=\"wp-block-paragraph\">Descubre todos los modelos disponibles y encuentra la opci\u00f3n perfecta para tu espacio y necesidades.<\/p>\n\n\n\n<p class=\"wp-block-paragraph\">Nuestra oferta completa con el mejor precio de toda Catalu\u00f1a aqui:<a href=\"https:\/\/mueblesdetena.es\/ru_ru\/camas-abatibles\/\" rel=\"nofollow\">https:\/\/mueblesdetena.es\/camas-abatibles\/<\/a><\/p>\n\n\n\n<p class=\"wp-block-paragraph\"><\/p>\n\n\n\n<p class=\"wp-block-paragraph\"><\/p>","protected":false},"excerpt":{"rendered":"<p>Descubre c\u00f3mo elegir cama abatible seg\u00fan espacio, uso y apertura. Claves pr\u00e1cticas para comprar con acierto, comodidad y seguridad en casa.<\/p>","protected":false},"author":267,"featured_media":45453,"comment_status":"closed","ping_status":"closed","sticky":false,"template":"","format":"standard","meta":{"site-sidebar-layout":"default","site-content-layout":"","ast-site-content-layout":"default","site-content-style":"default","site-sidebar-style":"default","ast-global-header-display":"","ast-banner-title-visibility":"","ast-main-header-display":"","ast-hfb-above-header-display":"","ast-hfb-below-header-display":"","ast-hfb-mobile-header-display":"","site-post-title":"","ast-breadcrumbs-content":"","ast-featured-img":"","footer-sml-layout":"","ast-disable-related-posts":"","theme-transparent-header-meta":"","adv-header-id-meta":"","stick-header-meta":"","header-above-stick-meta":"","header-main-stick-meta":"","header-below-stick-meta":"","astra-migrate-meta-layouts":"set","ast-page-background-enabled":"default","ast-page-background-meta":{"desktop":{"background-color":"var(--ast-global-color-4)","background-image":"","background-repeat":"repeat","background-position":"center center","background-size":"auto","background-attachment":"scroll","background-type":"","background-media":"","overlay-type":"","overlay-color":"","overlay-opacity":"","overlay-gradient":""},"tablet":{"background-color":"","background-image":"","background-repeat":"repeat","background-position":"center center","background-size":"auto","background-attachment":"scroll","background-type":"","background-media":"","overlay-type":"","overlay-color":"","overlay-opacity":"","overlay-gradient":""},"mobile":{"background-color":"","background-image":"","background-repeat":"repeat","background-position":"center center","background-size":"auto","background-attachment":"scroll","background-type":"","background-media":"","overlay-type":"","overlay-color":"","overlay-opacity":"","overlay-gradient":""}},"ast-content-background-meta":{"desktop":{"background-color":"var(--ast-global-color-5)","background-image":"","background-repeat":"repeat","background-position":"center center","background-size":"auto","background-attachment":"scroll","background-type":"","background-media":"","overlay-type":"","overlay-color":"","overlay-opacity":"","overlay-gradient":""},"tablet":{"background-color":"var(--ast-global-color-5)","background-image":"","background-repeat":"repeat","background-position":"center center","background-size":"auto","background-attachment":"scroll","background-type":"","background-media":"","overlay-type":"","overlay-color":"","overlay-opacity":"","overlay-gradient":""},"mobile":{"background-color":"var(--ast-global-color-5)","background-image":"","background-repeat":"repeat","background-position":"center center","background-size":"auto","background-attachment":"scroll","background-type":"","background-media":"","overlay-type":"","overlay-color":"","overlay-opacity":"","overlay-gradient":""}},"_joinchat":{"message_text":"\u00bfTienes dudas sobre qu\u00e9 cama abatible elegir? Te asesoramos sin compromiso.","message_send":"Hola, necesito ayuda para elegir una cama abatible. \u00bfPod\u00e9is asesorarme seg\u00fan las medidas de mi habitaci\u00f3n?\n\u00bfNecesitas ayuda para elegir tu cama abatible? Escr\u00edbenos por WhatsApp y te asesoramos sin compromiso."},"footnotes":""},"categories":[1],"tags":[900,911,910,909,117,914,913,912,915],"class_list":["post-45449","post","type-post","status-publish","format-standard","has-post-thumbnail","hentry","category-sin-categoria","tag-cama-abatible","tag-cama-abatible-con-escritorio","tag-cama-abatible-horizontal","tag-cama-abatible-vertical","tag-camas-abatibles","tag-camas-plegables","tag-dormitorios-pequenos","tag-muebles-ahorro-de-espacio","tag-muebles-funcionales"],"_links":{"self":[{"href":"https:\/\/mueblesdetena.es\/ru_ru\/wp-json\/wp\/v2\/posts\/45449","targetHints":{"allow":["GET"]}}],"collection":[{"href":"https:\/\/mueblesdetena.es\/ru_ru\/wp-json\/wp\/v2\/posts"}],"about":[{"href":"https:\/\/mueblesdetena.es\/ru_ru\/wp-json\/wp\/v2\/types\/post"}],"author":[{"embeddable":true,"href":"https:\/\/mueblesdetena.es\/ru_ru\/wp-json\/wp\/v2\/users\/267"}],"replies":[{"embeddable":true,"href":"https:\/\/mueblesdetena.es\/ru_ru\/wp-json\/wp\/v2\/comments?post=45449"}],"version-history":[{"count":4,"href":"https:\/\/mueblesdetena.es\/ru_ru\/wp-json\/wp\/v2\/posts\/45449\/revisions"}],"predecessor-version":[{"id":45464,"href":"https:\/\/mueblesdetena.es\/ru_ru\/wp-json\/wp\/v2\/posts\/45449\/revisions\/45464"}],"wp:featuredmedia":[{"embeddable":true,"href":"https:\/\/mueblesdetena.es\/ru_ru\/wp-json\/wp\/v2\/media\/45453"}],"wp:attachment":[{"href":"https:\/\/mueblesdetena.es\/ru_ru\/wp-json\/wp\/v2\/media?parent=45449"}],"wp:term":[{"taxonomy":"category","embeddable":true,"href":"https:\/\/mueblesdetena.es\/ru_ru\/wp-json\/wp\/v2\/categories?post=45449"},{"taxonomy":"post_tag","embeddable":true,"href":"https:\/\/mueblesdetena.es\/ru_ru\/wp-json\/wp\/v2\/tags?post=45449"}],"curies":[{"name":"wp","href":"https:\/\/api.w.org\/{rel}","templated":true}]}}