{"id":45772,"date":"2026-06-02T05:27:01","date_gmt":"2026-06-02T03:27:01","guid":{"rendered":"https:\/\/mueblesdetena.es\/?p=45772"},"modified":"2026-06-02T05:31:50","modified_gmt":"2026-06-02T03:31:50","slug":"espacio-negativo-formas-transformar-hogar-con-el","status":"publish","type":"post","link":"https:\/\/mueblesdetena.es\/ru_ru\/espacio-negativo-formas-transformar-hogar-con-el\/","title":{"rendered":"Espacio negativo: 6 formas de transformar tu hogar con esta teor\u00eda"},"content":{"rendered":"<p class=\"has-medium-font-size wp-block-paragraph\">Durante a\u00f1os, decorar pareci\u00f3 consistir en sumar: m\u00e1s muebles, m\u00e1s objetos, m\u00e1s capas, m\u00e1s intenci\u00f3n. Como si una casa solo pudiera demostrar personalidad a base de insistencia visual. Sin embargo, el espacio negativo propone algo bastante m\u00e1s refinado: entender que una estancia tambi\u00e9n mejora cuando se permite una pausa y cierta respiraci\u00f3n.<\/p>\n\n\n\n<p class=\"has-medium-font-size wp-block-paragraph\">Lejos de sonar t\u00e9cnico o severo, <strong>el espacio negativo habla un lenguaje muy dom\u00e9stico: el del equilibrio<\/strong>. No se trata de vaciar por sistema ni de abrazar una austeridad esc\u00e9nica, sino de dejar que la luz circule, que los vol\u00famenes se ordenen y que la mirada encuentre un ritmo mucho m\u00e1s calmado.<\/p>\n\n\n\n<p class=\"has-medium-font-size wp-block-paragraph\">Ah\u00ed reside buena parte de su atractivo. Una vivienda no se transforma \u00fanicamente cuando incorpora piezas nuevas, sino cuando aprende a relacionarlas mejor. El espacio negativo introduce jerarqu\u00eda visual, afina proporciones y concede protagonismo a lo que de verdad importa, sin convertir cada rinc\u00f3n en una declaraci\u00f3n decorativa permanente y solemne.<\/p>\n\n\n\n<p class=\"has-medium-font-size wp-block-paragraph\">Frente a cierta tendencia agotadora a justificarlo todo con discursos pomposos sobre bienestar, conciencia y sostenibilidad, esta teor\u00eda resulta casi liberadora. Porque una casa puede ser elegante, c\u00e1lida y actual sin recargarse ni predicar. A veces, la sofisticaci\u00f3n empieza justo ah\u00ed: en saber contenerse, editar mejor y dejar aire alrededor.<\/p>\n\n\n\n<div style=\"height:25px\" aria-hidden=\"true\" class=\"wp-block-spacer\"><\/div>\n\n\n\n<div id=\"ez-toc-container\" class=\"ez-toc-v2_0_85 counter-hierarchy ez-toc-counter ez-toc-grey ez-toc-container-direction\">\n<div class=\"ez-toc-title-container\">\n<p class=\"ez-toc-title\" style=\"cursor:inherit\">Table of Contents<\/p>\n<span class=\"ez-toc-title-toggle\"><a href=\"#\" class=\"ez-toc-pull-right ez-toc-btn ez-toc-btn-xs ez-toc-btn-default ez-toc-toggle\" aria-label=\"Toggle Table of Content\"><span class=\"ez-toc-js-icon-con\"><span class=\"\"><span class=\"eztoc-hide\" style=\"display:none;\">Toggle<\/span><span class=\"ez-toc-icon-toggle-span\"><svg style=\"fill: #999;color:#999\" xmlns=\"http:\/\/www.w3.org\/2000\/svg\" class=\"list-377408\" width=\"20px\" height=\"20px\" viewbox=\"0 0 24 24\" fill=\"none\"><path d=\"M6 6H4v2h2V6zm14 0H8v2h12V6zM4 11h2v2H4v-2zm16 0H8v2h12v-2zM4 16h2v2H4v-2zm16 0H8v2h12v-2z\" fill=\"currentColor\"><\/path><\/svg><svg style=\"fill: #999;color:#999\" class=\"arrow-unsorted-368013\" xmlns=\"http:\/\/www.w3.org\/2000\/svg\" width=\"10px\" height=\"10px\" viewbox=\"0 0 24 24\" version=\"1.2\" baseprofile=\"tiny\"><path d=\"M18.2 9.3l-6.2-6.3-6.2 6.3c-.2.2-.3.4-.3.7s.1.5.3.7c.2.2.4.3.7.3h11c.3 0 .5-.1.7-.3.2-.2.3-.5.3-.7s-.1-.5-.3-.7zM5.8 14.7l6.2 6.3 6.2-6.3c.2-.2.3-.5.3-.7s-.1-.5-.3-.7c-.2-.2-.4-.3-.7-.3h-11c-.3 0-.5.1-.7.3-.2.2-.3.5-.3.7s.1.5.3.7z\"\/><\/svg><\/span><\/span><\/span><\/a><\/span><\/div>\n<nav><ul class='ez-toc-list ez-toc-list-level-1' ><li class='ez-toc-page-1 ez-toc-heading-level-2'><a class=\"ez-toc-link ez-toc-heading-1\" href=\"https:\/\/mueblesdetena.es\/ru_ru\/espacio-negativo-formas-transformar-hogar-con-el\/#1_Entender_que_el_espacio_vacio_no_esta_vacio_esta_trabajando_a_favor_de_tu_casa\" >1. Entender que el espacio vac\u00edo no est\u00e1 vac\u00edo: est\u00e1 trabajando a favor de tu casa<\/a><\/li><li class='ez-toc-page-1 ez-toc-heading-level-2'><a class=\"ez-toc-link ez-toc-heading-2\" href=\"https:\/\/mueblesdetena.es\/ru_ru\/espacio-negativo-formas-transformar-hogar-con-el\/#2_Dejar_de_confundir_serenidad_con_minimalismo_frio\" >2. Dejar de confundir serenidad con minimalismo fr\u00edo<\/a><\/li><li class='ez-toc-page-1 ez-toc-heading-level-2'><a class=\"ez-toc-link ez-toc-heading-3\" href=\"https:\/\/mueblesdetena.es\/ru_ru\/espacio-negativo-formas-transformar-hogar-con-el\/#3_Frenar_el_horror_vacui_la_transformacion_empieza_cuando_no_intentas_llenar_cada_rincon\" >3. Frenar el horror vacui: la transformaci\u00f3n empieza cuando no intentas llenar cada rinc\u00f3n<\/a><\/li><li class='ez-toc-page-1 ez-toc-heading-level-2'><a class=\"ez-toc-link ez-toc-heading-4\" href=\"https:\/\/mueblesdetena.es\/ru_ru\/espacio-negativo-formas-transformar-hogar-con-el\/#4_Aplicarlo_en_las_estancias_clave_salon_dormitorio_comedor_y_zonas_de_paso\" >4. Aplicarlo en las estancias clave: sal\u00f3n, dormitorio, comedor y zonas de paso<\/a><\/li><li class='ez-toc-page-1 ez-toc-heading-level-2'><a class=\"ez-toc-link ez-toc-heading-5\" href=\"https:\/\/mueblesdetena.es\/ru_ru\/espacio-negativo-formas-transformar-hogar-con-el\/#5_Elegir_mejor_los_muebles_para_que_el_espacio_respire_de_verdad\" >5. Elegir mejor los muebles para que el espacio respire de verdad<\/a><\/li><li class='ez-toc-page-1 ez-toc-heading-level-2'><a class=\"ez-toc-link ez-toc-heading-6\" href=\"https:\/\/mueblesdetena.es\/ru_ru\/espacio-negativo-formas-transformar-hogar-con-el\/#6_Detectar_cuando_tu_casa_pide_una_pausa_visual\" >6. Detectar cu\u00e1ndo tu casa pide una pausa visual<\/a><\/li><\/ul><\/nav><\/div>\n<h2 class=\"wp-block-heading\"><span class=\"ez-toc-section\" id=\"1_Entender_que_el_espacio_vacio_no_esta_vacio_esta_trabajando_a_favor_de_tu_casa\"><\/span>1. Entender que el espacio vac\u00edo no est\u00e1 vac\u00edo: est\u00e1 trabajando a favor de tu casa<span class=\"ez-toc-section-end\"><\/span><\/h2>\n\n\n\n<p class=\"has-medium-font-size wp-block-paragraph\">El espacio negativo no consiste en vaciar una estancia hasta volverla impersonal, sino en <strong>introducir una pausa visual capaz de ordenar lo que ya existe<\/strong>. En decoraci\u00f3n, ese margen sereno entre muebles, objetos y arquitectura permite que la casa respire mejor y que el conjunto deje de sentirse ansioso, recargado o ruidoso visualmente.<\/p>\n\n\n\n<p class=\"has-medium-font-size wp-block-paragraph\">A menudo pensamos que una habitaci\u00f3n bien resuelta es aquella donde cada rinc\u00f3n cumple una funci\u00f3n, sostiene un adorno o exhibe alguna intenci\u00f3n. Sin embargo, el espacio negativo demuestra justo lo contrario: <strong>no todo debe decir algo al mismo tiempo<\/strong>. Cuando una composici\u00f3n se aligera, la lectura del ambiente se vuelve mucho m\u00e1s clara.<\/p>\n\n\n\n<p class=\"has-medium-font-size wp-block-paragraph\"><strong>Ese aire entre piezas no es un descuido ni una renuncia, sino una herramienta de equilibrio<\/strong>. Gracias al espacio negativo, la mirada encuentra descanso y entiende mejor las proporciones del lugar. De pronto, un sof\u00e1 bien elegido, una l\u00e1mpara escult\u00f3rica o una madera c\u00e1lida adquieren una presencia mucho m\u00e1s convincente.<\/p>\n\n\n\n<p class=\"has-medium-font-size wp-block-paragraph\">Tambi\u00e9n <strong>la luz sale ganando cuando una estancia evita la saturaci\u00f3n<\/strong>. Las superficies despejadas permiten que circule con naturalidad, rebote con delicadeza y construya atm\u00f3sferas m\u00e1s amables. En ese sentido, el espacio negativo no solo ordena vol\u00famenes: afina la relaci\u00f3n entre claridad, materia y profundidad, haciendo que la casa se perciba m\u00e1s amplia.<\/p>\n\n\n\n<p class=\"has-medium-font-size wp-block-paragraph\">Sucede adem\u00e1s algo importante: muchas veces una pieza no destaca \u00fanicamente por su dise\u00f1o, su textura o su valor material, sino por el silencio que la envuelve. <strong>Un aparador, una <a href=\"https:\/\/mueblesdetena.es\/ru_ru\/relax-butacas\/\">butaca<\/a> o una obra especial necesitan cierta distancia para ser le\u00eddos<\/strong>. El espacio negativo act\u00faa ah\u00ed como un marco invisible enormemente elegante.<\/p>\n\n\n\n<p class=\"has-medium-font-size wp-block-paragraph\">Por eso, hablar de espacio negativo no es hablar de ausencia, sino de intenci\u00f3n. No se quita por quitar, ni se despeja por obedecer una moda decorativa. Se trata de componer con m\u00e1s criterio, de dar aire a lo importante y de entender que, en una casa, el equilibrio tambi\u00e9n se dise\u00f1a.<\/p>\n\n\n\n<div style=\"height:25px\" aria-hidden=\"true\" class=\"wp-block-spacer\"><\/div>\n\n\n\n<figure class=\"wp-block-image alignfull size-full\"><img fetchpriority=\"high\" decoding=\"async\" width=\"2560\" height=\"1440\" src=\"https:\/\/mueblesdetena.es\/wp-content\/uploads\/2026\/05\/espacio-negativo-2.jpg\" alt=\"espacio negativo\" class=\"wp-image-45777\" srcset=\"https:\/\/mueblesdetena.es\/wp-content\/uploads\/2026\/05\/espacio-negativo-2.jpg 2560w, https:\/\/mueblesdetena.es\/wp-content\/uploads\/2026\/05\/espacio-negativo-2-300x169.jpg 300w, https:\/\/mueblesdetena.es\/wp-content\/uploads\/2026\/05\/espacio-negativo-2-1024x576.jpg 1024w, https:\/\/mueblesdetena.es\/wp-content\/uploads\/2026\/05\/espacio-negativo-2-768x432.jpg 768w, https:\/\/mueblesdetena.es\/wp-content\/uploads\/2026\/05\/espacio-negativo-2-1536x864.jpg 1536w, https:\/\/mueblesdetena.es\/wp-content\/uploads\/2026\/05\/espacio-negativo-2-2048x1152.jpg 2048w, https:\/\/mueblesdetena.es\/wp-content\/uploads\/2026\/05\/espacio-negativo-2-600x338.jpg 600w\" sizes=\"(max-width: 2560px) 100vw, 2560px\" \/><\/figure>\n\n\n\n<div style=\"height:25px\" aria-hidden=\"true\" class=\"wp-block-spacer\"><\/div>\n\n\n\n<h2 class=\"wp-block-heading\"><span class=\"ez-toc-section\" id=\"2_Dejar_de_confundir_serenidad_con_minimalismo_frio\"><\/span>2. Dejar de confundir serenidad con minimalismo fr\u00edo<span class=\"ez-toc-section-end\"><\/span><\/h2>\n\n\n\n<p class=\"has-medium-font-size wp-block-paragraph\">Para muchos, hablar de espacio negativo <strong>sigue despertando una sospecha inmediata: la imagen de una casa casi vac\u00eda, demasiado correcta, donde la belleza parece estar re\u00f1ida con la vida<\/strong>. Sin embargo, esta teor\u00eda no propone eliminar personalidad, sino ordenar la escena para que cada pieza encuentre su lugar natural propio.<\/p>\n\n\n\n<p class=\"has-medium-font-size wp-block-paragraph\">En realidad, el espacio negativo no pertenece al universo del minimalismo fr\u00edo, sino al de la composici\u00f3n inteligente. <strong>Puede convivir con molduras, maderas oscuras, tejidos gustosos, recuerdos familiares y objetos elegidos con cari\u00f1o<\/strong>. La clave no est\u00e1 en reducirlo todo, sino en permitir que lo valioso respire sin interferencias alrededor.<\/p>\n\n\n\n<p class=\"has-medium-font-size wp-block-paragraph\">Una vivienda cl\u00e1sica puede aplicar esta l\u00f3gica con la misma naturalidad que un interior contempor\u00e1neo, y una casa ecl\u00e9ctica tambi\u00e9n puede ganar calma sin perder matices. El espacio negativo <strong>no exige uniformidad est\u00e9tica, sino cierta jerarqu\u00eda visual<\/strong>: saber qu\u00e9 merece protagonismo, qu\u00e9 acompa\u00f1a con discreci\u00f3n y qu\u00e9 simplemente sobra en conjunto.<\/p>\n\n\n\n<p class=\"has-medium-font-size wp-block-paragraph\">El error no es tener libros, cer\u00e1micas, l\u00e1mparas, cuadros o muebles con car\u00e1cter. <strong>El error aparece cuando todo reclama atenci\u00f3n al mismo tiempo y ninguna elecci\u00f3n establece un ritmo<\/strong>. Una estancia rica en materiales y memoria puede sentirse ligera si hay pausas, distancias y silencios visuales bien pensados entre elementos.<\/p>\n\n\n\n<p class=\"has-medium-font-size wp-block-paragraph\">Quiz\u00e1 por eso resultan algo fatigantes ciertos discursos decorativos que convierten cada decisi\u00f3n dom\u00e9stica en una tesis sobre sostenibilidad, resiliencia o conciencia vital. <strong>Hay casas tan empe\u00f1adas en parecer virtuosas que olvidan algo m\u00e1s dif\u00edcil y m\u00e1s elegante: resultar agradables<\/strong>. A veces, decorar bien consiste sencillamente en no excederse demasiado.<\/p>\n\n\n\n<p class=\"has-medium-font-size wp-block-paragraph\">No hace falta vaciar una vivienda para que se vea mejor, del mismo modo que no hace falta solemnizarla para que parezca sofisticada. <strong>El espacio negativo funciona cuando la casa conserva alma, pero aprende a dosificarla<\/strong>. Entonces aparecen la armon\u00eda, la luz y ese bienestar sereno tan f\u00e1cil de reconocer.<\/p>\n\n\n\n<div style=\"height:25px\" aria-hidden=\"true\" class=\"wp-block-spacer\"><\/div>\n\n\n\n<h2 class=\"wp-block-heading\"><span class=\"ez-toc-section\" id=\"3_Frenar_el_horror_vacui_la_transformacion_empieza_cuando_no_intentas_llenar_cada_rincon\"><\/span>3. Frenar el horror vacui: la transformaci\u00f3n empieza cuando no intentas llenar cada rinc\u00f3n<span class=\"ez-toc-section-end\"><\/span><\/h2>\n\n\n\n<p class=\"has-medium-font-size wp-block-paragraph\">Durante a\u00f1os, la decoraci\u00f3n ha confundido riqueza visual con ocupaci\u00f3n constante. Parece que una casa solo est\u00e1 terminada cuando cada pared exhibe algo, cada esquina sostiene una pieza y cada superficie demuestra intenci\u00f3n. Sin embargo, <strong>ese impulso por llenarlo todo rara vez aporta belleza: siempre introduce ruido, prisa y fatiga<\/strong>.<\/p>\n\n\n\n<p class=\"has-medium-font-size wp-block-paragraph\">El problema no es amar los objetos, ni disfrutar de los detalles, ni querer una vivienda con car\u00e1cter. <strong>El problema aparece cuando todo reclama protagonismo al mismo tiempo<\/strong>. Entonces, incluso las piezas hermosas pierden fuerza, porque la mirada no encuentra pausa, jerarqu\u00eda ni un recorrido claro dentro del conjunto visual.<\/p>\n\n\n\n<p class=\"has-medium-font-size wp-block-paragraph\">En muchos interiores actuales se ha instalado <strong>una ansiedad decorativa muy reconocible: la necesidad de aprovechar cada hueco, justificar cada rinc\u00f3n y convertir cualquier vac\u00edo en almacenaje, ornamento o gesto expresivo<\/strong>. Como si una casa no pudiera permitirse el lujo de callar un momento y respirar sin dar explicaciones.<\/p>\n\n\n\n<p class=\"has-medium-font-size wp-block-paragraph\">Ese exceso no siempre se percibe como desorden, y ah\u00ed reside parte de su trampa. <strong>Puede haber limpieza, coherencia crom\u00e1tica y muebles bien elegidos, pero aun as\u00ed aparecer una sensaci\u00f3n de cansancio dif\u00edcil de nombrar<\/strong>. Falta espacio negativo, y con \u00e9l desaparece esa calma silenciosa que vuelve m\u00e1s amable cualquier estancia.<\/p>\n\n\n\n<p class=\"has-medium-font-size wp-block-paragraph\"><strong>No todo hueco necesita una funci\u00f3n heroica, ni toda pared pide compa\u00f1\u00eda, ni toda balda exige una composici\u00f3n perfecta<\/strong>. Hay rincones que mejoran precisamente cuando dejan de intentar ser \u00fatiles, inspiradores o ejemplares. En tiempos de discursos dom\u00e9sticos excesivamente conscientes, agradecer un poco de ligereza resulta casi subversivo y refrescante.<\/p>\n\n\n\n<p class=\"has-medium-font-size wp-block-paragraph\"><strong>Cuando una vivienda deja de competir por la atenci\u00f3n desde todos los \u00e1ngulos, algo cambia de inmediato<\/strong>. El ambiente se vuelve m\u00e1s maduro, m\u00e1s claro, m\u00e1s elegante. La luz circula con mayor naturalidad, los vol\u00famenes se entienden mejor y los muebles adquieren una presencia serena, sin necesidad de sobreactuar ni imponerse demasiado.<\/p>\n\n\n\n<p class=\"has-medium-font-size wp-block-paragraph\">Aplicar espacio negativo no consiste en vaciar la casa hasta dejarla irreconocible, sino en afinar su respiraci\u00f3n visual. Es <strong>decidir qu\u00e9 merece presencia y qu\u00e9 necesita silencio alrededor<\/strong>. Ah\u00ed empieza la verdadera transformaci\u00f3n: no cuando a\u00f1adimos otra capa de intenci\u00f3n, sino cuando por fin permitimos que el hogar descanse a la vista.<\/p>\n\n\n\n<div style=\"height:25px\" aria-hidden=\"true\" class=\"wp-block-spacer\"><\/div>\n\n\n\n<h2 class=\"wp-block-heading\"><span class=\"ez-toc-section\" id=\"4_Aplicarlo_en_las_estancias_clave_salon_dormitorio_comedor_y_zonas_de_paso\"><\/span>4. Aplicarlo en las estancias clave: sal\u00f3n, dormitorio, comedor y zonas de paso<span class=\"ez-toc-section-end\"><\/span><\/h2>\n\n\n\n<p class=\"has-medium-font-size wp-block-paragraph\">En el <strong><mark style=\"background-color:rgba(0, 0, 0, 0)\" class=\"has-inline-color has-ast-global-color-0-color\">sal\u00f3n<\/mark><\/strong>, el espacio negativo empieza por una decisi\u00f3n poco vistosa y muy eficaz: dejar que el sof\u00e1 respire. Cuando se le concede distancia respecto a mesas, l\u00e1mparas y objetos secundarios, la estancia gana calma. La pared principal tambi\u00e9n agradece contenci\u00f3n, porque no necesita competir con cuadros ni baldas.<\/p>\n\n\n\n<p class=\"has-medium-font-size wp-block-paragraph\">Conviene sospechar de esas composiciones que a\u00f1aden una mesa auxiliar, un puff, una cesta, una bandeja y otra mesita por pura inercia. El sal\u00f3n no resulta m\u00e1s rico por fragmentarse en peque\u00f1as estaciones decorativas. El espacio negativo ordena la mirada y permite que cada pieza tenga presencia, escala, equilibrio y descanso.<\/p>\n\n\n\n<p class=\"has-medium-font-size wp-block-paragraph\">En el <strong><mark style=\"background-color:rgba(0, 0, 0, 0);color:#fcb900\" class=\"has-inline-color\">comedor<\/mark><\/strong>, casi todo mejora cuando la mesa recupera su papel central. La proporci\u00f3n entre sillas, aparador y circulaci\u00f3n debe sentirse natural, no apretada. El espacio negativo aqu\u00ed no resta calidez, sino solemnidad innecesaria: evita que la estancia parezca montada para impresionar y la devuelve a una elegancia dom\u00e9stica.<\/p>\n\n\n\n<p class=\"has-medium-font-size wp-block-paragraph\">Tambi\u00e9n conviene mirar con cierta severidad el aparador, ese mueble que a menudo acaba convertido en escaparate involuntario. Cuando se llena de jarrones, velas, bandejas, libros y recuerdos, pierde fuerza. En cambio, unas pocas piezas bien elegidas y suficiente aire alrededor refuerzan el comedor y lo vuelven visualmente mucho m\u00e1s amable.<\/p>\n\n\n\n<p class=\"has-medium-font-size wp-block-paragraph\">En el <strong><mark style=\"background-color:rgba(0, 0, 0, 0);color:#0693e3\" class=\"has-inline-color\">dormitorio<\/mark><\/strong>, el espacio negativo se nota sobre todo alrededor de la cama. Liberar ese per\u00edmetro cambia por completo la atm\u00f3sfera: la habitaci\u00f3n parece m\u00e1s serena, m\u00e1s cuidada y hasta m\u00e1s luminosa. Las mesillas, por su parte, funcionan mejor cuando sostienen lo esencial y renuncian a ejercer de peque\u00f1o almac\u00e9n sentimental.<\/p>\n\n\n\n<p class=\"has-medium-font-size wp-block-paragraph\">Ah\u00ed es donde los textiles y la luz pueden hacer su trabajo con m\u00e1s delicadeza. Un cabecero con presencia, una ropa de cama bien pensada o una l\u00e1mpara discreta ganan mucho cuando no est\u00e1n rodeados de interferencias. El espacio negativo no enfr\u00eda el dormitorio; lo vuelve m\u00e1s envolvente, m\u00e1s claro y m\u00e1s descansado.<\/p>\n\n\n\n<p class=\"has-medium-font-size wp-block-paragraph\">Las <strong>zonas de paso y los recibidores<\/strong> suelen sufrir una injusticia decorativa frecuente: se les exige demostrar algo. Se les cuelga un espejo, una consola, una banqueta, una l\u00e1mpara y quiz\u00e1 una composici\u00f3n mural, como si el vac\u00edo fuera un fallo. Sin embargo, el espacio negativo los convierte en lugares m\u00e1s fluidos.<\/p>\n\n\n\n<p class=\"has-medium-font-size wp-block-paragraph\">En estos espacios de transici\u00f3n, basta muchas veces una pieza bien elegida y una proporci\u00f3n generosa alrededor para que todo funcione mejor. Un mueble con presencia, una luz agradable o un gesto decorativo sobrio pueden resolver much\u00edsimo. Lo importante no es llenar para terminar, sino dejar aire para que la casa respire.<\/p>\n\n\n\n<div style=\"height:25px\" aria-hidden=\"true\" class=\"wp-block-spacer\"><\/div>\n\n\n\n<figure class=\"wp-block-image size-full\"><img decoding=\"async\" width=\"2560\" height=\"1440\" src=\"https:\/\/mueblesdetena.es\/wp-content\/uploads\/2026\/05\/espacio-negativo-3.jpg\" alt=\"espacio negativo\" class=\"wp-image-45778\" srcset=\"https:\/\/mueblesdetena.es\/wp-content\/uploads\/2026\/05\/espacio-negativo-3.jpg 2560w, https:\/\/mueblesdetena.es\/wp-content\/uploads\/2026\/05\/espacio-negativo-3-300x169.jpg 300w, https:\/\/mueblesdetena.es\/wp-content\/uploads\/2026\/05\/espacio-negativo-3-1024x576.jpg 1024w, https:\/\/mueblesdetena.es\/wp-content\/uploads\/2026\/05\/espacio-negativo-3-768x432.jpg 768w, https:\/\/mueblesdetena.es\/wp-content\/uploads\/2026\/05\/espacio-negativo-3-1536x864.jpg 1536w, https:\/\/mueblesdetena.es\/wp-content\/uploads\/2026\/05\/espacio-negativo-3-2048x1152.jpg 2048w, https:\/\/mueblesdetena.es\/wp-content\/uploads\/2026\/05\/espacio-negativo-3-600x338.jpg 600w\" sizes=\"(max-width: 2560px) 100vw, 2560px\" \/><\/figure>\n\n\n\n<div style=\"height:25px\" aria-hidden=\"true\" class=\"wp-block-spacer\"><\/div>\n\n\n\n<h2 class=\"wp-block-heading\"><span class=\"ez-toc-section\" id=\"5_Elegir_mejor_los_muebles_para_que_el_espacio_respire_de_verdad\"><\/span>5. Elegir mejor los muebles para que el espacio respire de verdad<span class=\"ez-toc-section-end\"><\/span><\/h2>\n\n\n\n<p class=\"has-medium-font-size wp-block-paragraph\">Elegir bien los muebles no consiste en sumar piezas hasta que la estancia parezca resuelta, sino en entender c\u00f3mo dialogan entre s\u00ed. En la pr\u00e1ctica, <strong>el espacio negativo depende menos de la cantidad que de la escala, el volumen y esa convivencia visual<\/strong> que puede convertir un sal\u00f3n sereno en un lugar saturado.<\/p>\n\n\n\n<p class=\"has-medium-font-size wp-block-paragraph\">A menudo, <strong>una sola pieza bien proporcionada ordena mucho m\u00e1s que varios muebles peque\u00f1os<\/strong> repartidos sin criterio. Un aparador con presencia, una mesa equilibrada o un sof\u00e1 de l\u00edneas limpias pueden estructurar la habitaci\u00f3n con naturalidad. El espacio negativo aparece entonces como una pausa elegante, no como una carencia decorativa inc\u00f3moda.<\/p>\n\n\n\n<p class=\"has-medium-font-size wp-block-paragraph\">Tambi\u00e9n conviene recordar que <strong>los muebles deben ayudar al espacio, no invadirlo<\/strong>. Hay elecciones que, sobre el papel, parecen pr\u00e1cticas y hasta vistosas, pero en conjunto pesan demasiado. Cuando cada elemento reclama atenci\u00f3n, la estancia pierde claridad. El espacio negativo devuelve jerarqu\u00eda visual y permite que la casa respire con mucha m\u00e1s calma.<\/p>\n\n\n\n<p class=\"has-medium-font-size wp-block-paragraph\">La ligereza visual importa m\u00e1s de lo que solemos admitir. <strong>Influyen la altura de las piezas, su profundidad, la separaci\u00f3n entre unas y otras y, sobre todo, su relaci\u00f3n con la luz<\/strong>. Un mueble demasiado compacto junto a una ventana puede apagar una estancia entera sin necesidad de ser especialmente grande.<\/p>\n\n\n\n<p class=\"has-medium-font-size wp-block-paragraph\">Por eso, <strong>transformar un hogar no siempre empieza comprando algo nuevo, sino editando mejor lo que ya existe<\/strong>. Retirar una mesa auxiliar innecesaria, liberar una pared o dejar m\u00e1s aire entre el sof\u00e1 y la librer\u00eda puede resultar mucho m\u00e1s eficaz que incorporar otra pieza bienintencionada con vocaci\u00f3n de milagro decorativo.<\/p>\n\n\n\n<p class=\"has-medium-font-size wp-block-paragraph\">En una casa bien pensada, <strong>el buen mobiliario no es el que ocupa metros con entusiasmo, sino el que resuelve necesidades sin asfixiar la estancia<\/strong>. Ah\u00ed es donde el espacio negativo se vuelve verdaderamente \u00fatil: no como una teor\u00eda distante, sino como una forma refinada de elegir, ordenar y dar protagonismo a lo esencial.<\/p>\n\n\n\n<div style=\"height:25px\" aria-hidden=\"true\" class=\"wp-block-spacer\"><\/div>\n\n\n\n<h2 class=\"wp-block-heading\"><span class=\"ez-toc-section\" id=\"6_Detectar_cuando_tu_casa_pide_una_pausa_visual\"><\/span>6. Detectar cu\u00e1ndo tu casa pide una pausa visual<span class=\"ez-toc-section-end\"><\/span><\/h2>\n\n\n\n<p class=\"has-medium-font-size wp-block-paragraph\">Hay casas que, nada m\u00e1s cruzar la puerta, lo cuentan todo a la vez. La vista salta del cuadro a la <a href=\"https:\/\/www.lamparayluz.es\/iluminacion-interior\/lamparas-de-pie\" target=\"_blank\" rel=\"noopener\">l\u00e1mpara<\/a>, del aparador a la estanter\u00eda, sin encontrar un punto de apoyo claro. Cuando ocurre eso, <strong>el espacio negativo no falta por capricho est\u00e9tico, sino como una pausa verdaderamente necesaria visual<\/strong>.<\/p>\n\n\n\n<p class=\"has-medium-font-size wp-block-paragraph\">Tambi\u00e9n <strong>hay interiores donde todo parece estar en su sitio y, aun as\u00ed, nada termina de brillar<\/strong>. Los muebles cumplen, los objetos encajan, los colores combinan, pero el conjunto no emociona. Suele ser se\u00f1al de que falta espacio negativo alrededor de lo importante para darle presencia, aire y una jerarqu\u00eda clara.<\/p>\n\n\n\n<p class=\"has-medium-font-size wp-block-paragraph\"><strong>Otra pista aparece cuando la casa se siente cargada incluso despu\u00e9s de ordenar<\/strong>. No siempre sobra desorden; a veces sobra est\u00edmulo. Mesas, consolas, baldas y rincones empiezan a acumular capas de intenci\u00f3n decorativa que pesan m\u00e1s de lo que aportan. El espacio negativo act\u00faa entonces como un gesto de edici\u00f3n refinada.<\/p>\n\n\n\n<p class=\"has-medium-font-size wp-block-paragraph\"><strong>Sucede mucho cuando se a\u00f1ade una pieza para compensar otra, y despu\u00e9s otra para suavizar la anterior<\/strong>. As\u00ed, la decoraci\u00f3n deja de construir y empieza a parchear. Cada superficie ocupada, cada pared intervenida, cada esquina aprovechada acaba diciendo demasiado. El espacio negativo devuelve a la vivienda una respiraci\u00f3n m\u00e1s natural y elegante.<\/p>\n\n\n\n<p class=\"has-medium-font-size wp-block-paragraph\">Detectar esa necesidad de calma no obliga a reformarlo todo ni a cambiar de estilo de vida. <strong>A menudo basta con retirar ruido, liberar contornos y dejar que una pieza, una textura o la luz hablen mejor<\/strong>. Ah\u00ed, en ese silencio bien medido, empieza una casa m\u00e1s serena, bella y f\u00e1cil.<\/p>","protected":false},"excerpt":{"rendered":"<p>Durante a\u00f1os, decorar pareci\u00f3 consistir en sumar: m\u00e1s muebles, m\u00e1s objetos, m\u00e1s capas, m\u00e1s intenci\u00f3n. Como si una casa solo pudiera demostrar personalidad a base de insistencia visual. Sin embargo, el espacio negativo propone algo bastante m\u00e1s refinado: entender que una estancia tambi\u00e9n mejora cuando se permite una pausa y cierta respiraci\u00f3n. Lejos de sonar [&hellip;]<\/p>\n","protected":false},"author":618,"featured_media":45776,"comment_status":"closed","ping_status":"closed","sticky":false,"template":"","format":"standard","meta":{"site-sidebar-layout":"default","site-content-layout":"","ast-site-content-layout":"default","site-content-style":"default","site-sidebar-style":"default","ast-global-header-display":"","ast-banner-title-visibility":"","ast-main-header-display":"","ast-hfb-above-header-display":"","ast-hfb-below-header-display":"","ast-hfb-mobile-header-display":"","site-post-title":"","ast-breadcrumbs-content":"","ast-featured-img":"","footer-sml-layout":"","ast-disable-related-posts":"","theme-transparent-header-meta":"","adv-header-id-meta":"","stick-header-meta":"","header-above-stick-meta":"","header-main-stick-meta":"","header-below-stick-meta":"","astra-migrate-meta-layouts":"set","ast-page-background-enabled":"default","ast-page-background-meta":{"desktop":{"background-color":"var(--ast-global-color-4)","background-image":"","background-repeat":"repeat","background-position":"center center","background-size":"auto","background-attachment":"scroll","background-type":"","background-media":"","overlay-type":"","overlay-color":"","overlay-opacity":"","overlay-gradient":""},"tablet":{"background-color":"","background-image":"","background-repeat":"repeat","background-position":"center center","background-size":"auto","background-attachment":"scroll","background-type":"","background-media":"","overlay-type":"","overlay-color":"","overlay-opacity":"","overlay-gradient":""},"mobile":{"background-color":"","background-image":"","background-repeat":"repeat","background-position":"center center","background-size":"auto","background-attachment":"scroll","background-type":"","background-media":"","overlay-type":"","overlay-color":"","overlay-opacity":"","overlay-gradient":""}},"ast-content-background-meta":{"desktop":{"background-color":"var(--ast-global-color-5)","background-image":"","background-repeat":"repeat","background-position":"center center","background-size":"auto","background-attachment":"scroll","background-type":"","background-media":"","overlay-type":"","overlay-color":"","overlay-opacity":"","overlay-gradient":""},"tablet":{"background-color":"var(--ast-global-color-5)","background-image":"","background-repeat":"repeat","background-position":"center center","background-size":"auto","background-attachment":"scroll","background-type":"","background-media":"","overlay-type":"","overlay-color":"","overlay-opacity":"","overlay-gradient":""},"mobile":{"background-color":"var(--ast-global-color-5)","background-image":"","background-repeat":"repeat","background-position":"center center","background-size":"auto","background-attachment":"scroll","background-type":"","background-media":"","overlay-type":"","overlay-color":"","overlay-opacity":"","overlay-gradient":""}},"_joinchat":[],"footnotes":""},"categories":[1],"tags":[],"class_list":["post-45772","post","type-post","status-publish","format-standard","has-post-thumbnail","hentry","category-sin-categoria"],"_links":{"self":[{"href":"https:\/\/mueblesdetena.es\/ru_ru\/wp-json\/wp\/v2\/posts\/45772","targetHints":{"allow":["GET"]}}],"collection":[{"href":"https:\/\/mueblesdetena.es\/ru_ru\/wp-json\/wp\/v2\/posts"}],"about":[{"href":"https:\/\/mueblesdetena.es\/ru_ru\/wp-json\/wp\/v2\/types\/post"}],"author":[{"embeddable":true,"href":"https:\/\/mueblesdetena.es\/ru_ru\/wp-json\/wp\/v2\/users\/618"}],"replies":[{"embeddable":true,"href":"https:\/\/mueblesdetena.es\/ru_ru\/wp-json\/wp\/v2\/comments?post=45772"}],"version-history":[{"count":2,"href":"https:\/\/mueblesdetena.es\/ru_ru\/wp-json\/wp\/v2\/posts\/45772\/revisions"}],"predecessor-version":[{"id":45779,"href":"https:\/\/mueblesdetena.es\/ru_ru\/wp-json\/wp\/v2\/posts\/45772\/revisions\/45779"}],"wp:featuredmedia":[{"embeddable":true,"href":"https:\/\/mueblesdetena.es\/ru_ru\/wp-json\/wp\/v2\/media\/45776"}],"wp:attachment":[{"href":"https:\/\/mueblesdetena.es\/ru_ru\/wp-json\/wp\/v2\/media?parent=45772"}],"wp:term":[{"taxonomy":"category","embeddable":true,"href":"https:\/\/mueblesdetena.es\/ru_ru\/wp-json\/wp\/v2\/categories?post=45772"},{"taxonomy":"post_tag","embeddable":true,"href":"https:\/\/mueblesdetena.es\/ru_ru\/wp-json\/wp\/v2\/tags?post=45772"}],"curies":[{"name":"wp","href":"https:\/\/api.w.org\/{rel}","templated":true}]}}