{"id":46507,"date":"2026-06-23T18:55:06","date_gmt":"2026-06-23T16:55:06","guid":{"rendered":"https:\/\/mueblesdetena.es\/?p=46507"},"modified":"2026-06-24T08:19:45","modified_gmt":"2026-06-24T06:19:45","slug":"biblioteca-compacta-en-tu-piso-pequeno-5-claves","status":"publish","type":"post","link":"https:\/\/mueblesdetena.es\/ru_ru\/biblioteca-compacta-en-tu-piso-pequeno-5-claves\/","title":{"rendered":"Una biblioteca compacta en tu piso peque\u00f1o: 5 claves"},"content":{"rendered":"<p class=\"has-medium-font-size wp-block-paragraph\">En los pisos peque\u00f1os, los libros rara vez viven donde merecen. Se apilan en mesillas, colonizan aparadores, esperan en cajas o sobreviven en rincones sin intenci\u00f3n. As\u00ed, la biblioteca dom\u00e9stica deja de ser refugio y relato para convertirse en una suma dispersa de vol\u00famenes, recuerdos y desorden cotidiano sin pausa.<\/p>\n\n\n\n<p class=\"has-medium-font-size wp-block-paragraph\">Sin embargo, convivir con una biblioteca en pocos metros no solo es posible, sino profundamente transformador. Cuando los libros encuentran su lugar, la casa respira de otra manera: gana calma, intenci\u00f3n y una belleza serena que no depende del tama\u00f1o, sino de c\u00f3mo cada espacio empieza a ordenarse por fin.<\/p>\n\n\n\n<p class=\"has-medium-font-size wp-block-paragraph\">La clave no est\u00e1 en ocupar una pared entera ni en buscar una soluci\u00f3n aparente. Una buena biblioteca nace cuando se piensa con sentido, se integra en la vida diaria y resuelve sin imponerse. M\u00e1s que acumular baldas, se trata de dar forma a una presencia \u00fatil, amable y coherente.<\/p>\n\n\n\n<p class=\"has-medium-font-size wp-block-paragraph\">Por eso, antes de decidir nada, conviene mirar la casa con otros ojos y entender qu\u00e9 pide realmente. A partir de ah\u00ed, estas <strong>cinco claves proponen un recorrido claro para convertir la biblioteca en una pieza natural del hogar<\/strong>: m\u00e1s habitable, m\u00e1s arm\u00f3nica y mucho m\u00e1s ligada a ti siempre.<\/p>\n\n\n\n<div style=\"height:25px\" aria-hidden=\"true\" class=\"wp-block-spacer\"><\/div>\n\n\n\n<div id=\"ez-toc-container\" class=\"ez-toc-v2_0_85 counter-hierarchy ez-toc-counter ez-toc-grey ez-toc-container-direction\">\n<div class=\"ez-toc-title-container\">\n<p class=\"ez-toc-title\" style=\"cursor:inherit\">Table of Contents<\/p>\n<span class=\"ez-toc-title-toggle\"><a href=\"#\" class=\"ez-toc-pull-right ez-toc-btn ez-toc-btn-xs ez-toc-btn-default ez-toc-toggle\" aria-label=\"Toggle Table of Content\"><span class=\"ez-toc-js-icon-con\"><span class=\"\"><span class=\"eztoc-hide\" style=\"display:none;\">Toggle<\/span><span class=\"ez-toc-icon-toggle-span\"><svg style=\"fill: #999;color:#999\" xmlns=\"http:\/\/www.w3.org\/2000\/svg\" class=\"list-377408\" width=\"20px\" height=\"20px\" viewbox=\"0 0 24 24\" fill=\"none\"><path d=\"M6 6H4v2h2V6zm14 0H8v2h12V6zM4 11h2v2H4v-2zm16 0H8v2h12v-2zM4 16h2v2H4v-2zm16 0H8v2h12v-2z\" fill=\"currentColor\"><\/path><\/svg><svg style=\"fill: #999;color:#999\" class=\"arrow-unsorted-368013\" xmlns=\"http:\/\/www.w3.org\/2000\/svg\" width=\"10px\" height=\"10px\" viewbox=\"0 0 24 24\" version=\"1.2\" baseprofile=\"tiny\"><path d=\"M18.2 9.3l-6.2-6.3-6.2 6.3c-.2.2-.3.4-.3.7s.1.5.3.7c.2.2.4.3.7.3h11c.3 0 .5-.1.7-.3.2-.2.3-.5.3-.7s-.1-.5-.3-.7zM5.8 14.7l6.2 6.3 6.2-6.3c.2-.2.3-.5.3-.7s-.1-.5-.3-.7c-.2-.2-.4-.3-.7-.3h-11c-.3 0-.5.1-.7.3-.2.2-.3.5-.3.7s.1.5.3.7z\"\/><\/svg><\/span><\/span><\/span><\/a><\/span><\/div>\n<nav><ul class='ez-toc-list ez-toc-list-level-1' ><li class='ez-toc-page-1 ez-toc-heading-level-2'><a class=\"ez-toc-link ez-toc-heading-1\" href=\"https:\/\/mueblesdetena.es\/ru_ru\/biblioteca-compacta-en-tu-piso-pequeno-5-claves\/#1_Encontrar_el_lugar_correcto_una_biblioteca_compacta_empieza_mucho_antes_del_mueble\" >1. Encontrar el lugar correcto: una biblioteca compacta empieza mucho antes del mueble<\/a><\/li><li class='ez-toc-page-1 ez-toc-heading-level-2'><a class=\"ez-toc-link ez-toc-heading-2\" href=\"https:\/\/mueblesdetena.es\/ru_ru\/biblioteca-compacta-en-tu-piso-pequeno-5-claves\/#2_Disenarla_para_pocos_metros_menos_volumen_mas_precision\" >2. Dise\u00f1arla para pocos metros: menos volumen, m\u00e1s precisi\u00f3n<\/a><\/li><li class='ez-toc-page-1 ez-toc-heading-level-2'><a class=\"ez-toc-link ez-toc-heading-3\" href=\"https:\/\/mueblesdetena.es\/ru_ru\/biblioteca-compacta-en-tu-piso-pequeno-5-claves\/#3_Hacer_que_trabaje_para_la_casa_no_solo_libros_tambien_orden_real\" >3. Hacer que trabaje para la casa: no solo libros, tambi\u00e9n orden real<\/a><\/li><li class='ez-toc-page-1 ez-toc-heading-level-2'><a class=\"ez-toc-link ez-toc-heading-4\" href=\"https:\/\/mueblesdetena.es\/ru_ru\/biblioteca-compacta-en-tu-piso-pequeno-5-claves\/#4_Conseguir_que_se_vea_ligera_la_biblioteca_tambien_se_disena_con_aire_luz_y_pausa\" >4. Conseguir que se vea ligera: la biblioteca tambi\u00e9n se dise\u00f1a con aire, luz y pausa<\/a><\/li><li class='ez-toc-page-1 ez-toc-heading-level-2'><a class=\"ez-toc-link ez-toc-heading-5\" href=\"https:\/\/mueblesdetena.es\/ru_ru\/biblioteca-compacta-en-tu-piso-pequeno-5-claves\/#5_Darle_alma_sin_recargarla_como_convertir_una_biblioteca_compacta_en_un_rincon_con_identidad\" >5. Darle alma sin recargarla: c\u00f3mo convertir una biblioteca compacta en un rinc\u00f3n con identidad<\/a><\/li><li class='ez-toc-page-1 ez-toc-heading-level-2'><a class=\"ez-toc-link ez-toc-heading-6\" href=\"https:\/\/mueblesdetena.es\/ru_ru\/biblioteca-compacta-en-tu-piso-pequeno-5-claves\/#Una_biblioteca_compacta_no_ocupa_sitio_lo_revela\" >Una biblioteca compacta no ocupa sitio, lo revela<\/a><\/li><\/ul><\/nav><\/div>\n<h2 class=\"wp-block-heading\"><span class=\"ez-toc-section\" id=\"1_Encontrar_el_lugar_correcto_una_biblioteca_compacta_empieza_mucho_antes_del_mueble\"><\/span>1. Encontrar el lugar correcto: una biblioteca compacta empieza mucho antes del mueble<span class=\"ez-toc-section-end\"><\/span><\/h2>\n\n\n\n<p class=\"has-medium-font-size wp-block-paragraph\">Antes de pensar en el mueble, conviene observar la casa con otros ojos. En un piso peque\u00f1o, <strong>la futura biblioteca suele aparecer donde nadie la estaba mirando del todo<\/strong>: una pared de transici\u00f3n, una esquina sin funci\u00f3n clara, el frente del sof\u00e1 o ese tramo breve que hoy solo acompa\u00f1a el paso.<\/p>\n\n\n\n<p class=\"has-medium-font-size wp-block-paragraph\">No todos los metros libres tienen el mismo valor. Una buena biblioteca <strong>encuentra su lugar en zonas capaces de asumir presencia sin alterar el equilibrio de la estancia<\/strong>: un lateral del dormitorio, el hueco bajo una ventana o un pasillo con fondo controlado pueden ofrecer m\u00e1s posibilidades que una pared grande mal situada.<\/p>\n\n\n\n<p class=\"has-medium-font-size wp-block-paragraph\">Tambi\u00e9n <strong><mark style=\"background-color:rgba(0, 0, 0, 0)\" class=\"has-inline-color has-ast-global-color-0-color\">hay ubicaciones que parecen pr\u00e1cticas sobre el papel y, sin embargo, terminan entorpeciendo la vida diaria<\/mark><\/strong>. Cuando una biblioteca invade un recorrido natural, estrecha una zona de paso o obliga a forzar la distribuci\u00f3n, deja de resolver y empieza a competir con la casa en lugar de acompa\u00f1arla.<\/p>\n\n\n\n<p class=\"has-medium-font-size wp-block-paragraph\">Por eso, la decisi\u00f3n importante no es cu\u00e1nto cabe, sino c\u00f3mo se vive ese rinc\u00f3n cada d\u00eda. <strong>Antes de <a href=\"https:\/\/mueblesdetena.es\/ru_ru\/\" data-type=\"link\" data-id=\"mueblesdetena.es\">comprar<\/a>, hay que pensar en la circulaci\u00f3n, en la entrada de luz y en el uso real de la estancia<\/strong>. Cuando la biblioteca ocupa el sitio correcto, todo lo dem\u00e1s resulta mucho m\u00e1s f\u00e1cil.<\/p>\n\n\n\n<div style=\"height:25px\" aria-hidden=\"true\" class=\"wp-block-spacer\"><\/div>\n\n\n\n<figure class=\"wp-block-image alignfull size-full\"><img fetchpriority=\"high\" decoding=\"async\" width=\"2560\" height=\"1440\" src=\"https:\/\/mueblesdetena.es\/wp-content\/uploads\/2026\/06\/biblioteca-2.jpg\" alt=\"biblioteca\" class=\"wp-image-46519\" srcset=\"https:\/\/mueblesdetena.es\/wp-content\/uploads\/2026\/06\/biblioteca-2.jpg 2560w, https:\/\/mueblesdetena.es\/wp-content\/uploads\/2026\/06\/biblioteca-2-300x169.jpg 300w, https:\/\/mueblesdetena.es\/wp-content\/uploads\/2026\/06\/biblioteca-2-1024x576.jpg 1024w, https:\/\/mueblesdetena.es\/wp-content\/uploads\/2026\/06\/biblioteca-2-768x432.jpg 768w, https:\/\/mueblesdetena.es\/wp-content\/uploads\/2026\/06\/biblioteca-2-1536x864.jpg 1536w, https:\/\/mueblesdetena.es\/wp-content\/uploads\/2026\/06\/biblioteca-2-2048x1152.jpg 2048w, https:\/\/mueblesdetena.es\/wp-content\/uploads\/2026\/06\/biblioteca-2-600x338.jpg 600w\" sizes=\"(max-width: 2560px) 100vw, 2560px\" \/><\/figure>\n\n\n\n<div style=\"height:25px\" aria-hidden=\"true\" class=\"wp-block-spacer\"><\/div>\n\n\n\n<h2 class=\"wp-block-heading\"><span class=\"ez-toc-section\" id=\"2_Disenarla_para_pocos_metros_menos_volumen_mas_precision\"><\/span>2. Dise\u00f1arla para pocos metros: menos volumen, m\u00e1s precisi\u00f3n<span class=\"ez-toc-section-end\"><\/span><\/h2>\n\n\n\n<p class=\"has-medium-font-size wp-block-paragraph\">En una vivienda peque\u00f1a, <strong>la primera decisi\u00f3n inteligente no es cu\u00e1ntas baldas a\u00f1adir, sino cu\u00e1nto fondo necesita realmente la biblioteca<\/strong>. Reducir la profundidad permite liberar paso, aligerar la pared y evitar esa sensaci\u00f3n de bloque que empeque\u00f1ece la estancia. Cuanto m\u00e1s precisa sea, m\u00e1s natural y elegante resultar\u00e1 su presencia.<\/p>\n\n\n\n<p class=\"has-medium-font-size wp-block-paragraph\">Cuando los metros escasean, <strong>conviene pensar menos en horizontal y m\u00e1s en altura<\/strong>. Una biblioteca que asciende con delicadeza aprovecha planos que normalmente quedan vac\u00edos y dirige la mirada hacia arriba, afinando la percepci\u00f3n del espacio. Esa verticalidad, bien proporcionada, aporta capacidad sin invadir la vida cotidiana de la estancia.<\/p>\n\n\n\n<p class=\"has-medium-font-size wp-block-paragraph\">Frente a los muebles anchos y pesados, <strong>una biblioteca estrecha, alta y bien calibrada ofrece una lectura visual mucho m\u00e1s serena<\/strong>. La clave est\u00e1 en ajustar sus medidas a la arquitectura cercana: una puerta, una ventana o un retranqueo. As\u00ed, el mueble deja de imponerse y empieza verdaderamente a dialogar.<\/p>\n\n\n\n<p class=\"has-medium-font-size wp-block-paragraph\">Tambi\u00e9n por eso <strong>las soluciones modulares o realizadas a medida resultan especialmente valiosas en pisos peque\u00f1os<\/strong>. Permiten adaptarse a techos desiguales, esquinas dif\u00edciles o tramos muy concretos, aprovechando cent\u00edmetros que un modelo est\u00e1ndar perder\u00eda. Una buena biblioteca no nace de un formato fijo, sino de una respuesta exacta y sensible.<\/p>\n\n\n\n<p class=\"has-medium-font-size wp-block-paragraph\">Dise\u00f1ar <strong>una biblioteca compacta no consiste en ocupar una pared entera por sistema, sino en dibujar una presencia \u00fatil<\/strong>. Hay muebles que llenan y otros que ordenan visualmente. La diferencia est\u00e1 en la proporci\u00f3n, en el ritmo y en esa capacidad silenciosa de parecer inevitables dentro de toda la casa.<\/p>\n\n\n\n<div style=\"height:25px\" aria-hidden=\"true\" class=\"wp-block-spacer\"><\/div>\n\n\n\n<h2 class=\"wp-block-heading\"><span class=\"ez-toc-section\" id=\"3_Hacer_que_trabaje_para_la_casa_no_solo_libros_tambien_orden_real\"><\/span>3. Hacer que trabaje para la casa: no solo libros, tambi\u00e9n orden real<span class=\"ez-toc-section-end\"><\/span><\/h2>\n\n\n\n<p class=\"has-medium-font-size wp-block-paragraph\">En una vivienda peque\u00f1a, la biblioteca deja de ser un lugar donde colocar libros y pasa a convertirse en una pieza de apoyo cotidiano. <strong>Cuando se dise\u00f1a con l\u00f3gica dom\u00e9stica tambi\u00e9n absorbe papeles, cargadores, libretas o mandos<\/strong> y ayuda a que la estancia funcione mejor sin improvisaciones ni acumulaciones innecesarias.<\/p>\n\n\n\n<p class=\"has-medium-font-size wp-block-paragraph\">La combinaci\u00f3n de huecos abiertos y compartimentos cerrados marca una diferencia decisiva. <strong>Los estantes visibles permiten tener a mano los t\u00edtulos de uso frecuente, mientras las zonas cerradas recogen todo aquello que conviene guardar sin distraer<\/strong>. As\u00ed, la biblioteca responde a la vida real y no solo a una imagen ordenada.<\/p>\n\n\n\n<p class=\"has-medium-font-size wp-block-paragraph\">Uno de los mayores aciertos de una biblioteca bien planteada es evitar el ruido visual. <strong>No todo debe quedar expuesto, porque en pocos metros cualquier exceso pesa m\u00e1s<\/strong>. Mostrar solo lo que merece permanecer a la vista y reservar el resto para zonas ocultas ayuda a mantener serenidad, continuidad y una lectura m\u00e1s limpia.<\/p>\n\n\n\n<p class=\"has-medium-font-size wp-block-paragraph\"><strong>Tambi\u00e9n importa su relaci\u00f3n con el uso concreto de la estancia<\/strong>. En un sal\u00f3n, la biblioteca puede asumir revistas, documentos o peque\u00f1os apoyos del d\u00eda a d\u00eda; junto a una zona de trabajo, ordenar carpetas y cuadernos; en un dormitorio, reunir lectura, apuntes y piezas de consulta sin invadir el descanso.<\/p>\n\n\n\n<p class=\"has-medium-font-size wp-block-paragraph\">Cuando est\u00e1 bien resuelta, la biblioteca no a\u00f1ade una tarea m\u00e1s a la casa, sino que la simplifica. <strong>Re\u00fane, filtra y contiene, evitando que muchos objetos queden dispersos por mesas, escritorios o aparadores<\/strong>. Esa capacidad de aliviar el entorno es lo que convierte una biblioteca compacta en una soluci\u00f3n verdaderamente inteligente.<\/p>\n\n\n\n<div style=\"height:25px\" aria-hidden=\"true\" class=\"wp-block-spacer\"><\/div>\n\n\n\n<h2 class=\"wp-block-heading\"><span class=\"ez-toc-section\" id=\"4_Conseguir_que_se_vea_ligera_la_biblioteca_tambien_se_disena_con_aire_luz_y_pausa\"><\/span>4. Conseguir que se vea ligera: la biblioteca tambi\u00e9n se dise\u00f1a con aire, luz y pausa<span class=\"ez-toc-section-end\"><\/span><\/h2>\n\n\n\n<p class=\"has-medium-font-size wp-block-paragraph\">Los acabados son decisivos para que una biblioteca resulte ligera en un piso peque\u00f1o. <strong>Las maderas claras, los lacados suaves y las texturas mates reflejan mejor la luz y reducen la sensaci\u00f3n de bloque<\/strong>. Cuando el mueble se percibe sereno y t\u00e1ctil, la composici\u00f3n gana calma, amplitud visual y elegancia dom\u00e9stica.<\/p>\n\n\n\n<p class=\"has-medium-font-size wp-block-paragraph\">No siempre conviene que la biblioteca destaque. <strong>En espacios muy ajustados, pintarla en el mismo tono que la pared ayuda a difuminar su volumen y crear continuidad<\/strong>. Sin embargo, cuando la estancia necesita un punto de car\u00e1cter, un acabado con mayor presencia puede enmarcarla sin volverla pesada ni r\u00edgida visualmente.<\/p>\n\n\n\n<p class=\"has-medium-font-size wp-block-paragraph\">Una biblioteca peque\u00f1a no debe confundirse con una biblioteca llena hasta el l\u00edmite. <strong><mark style=\"background-color:rgba(0, 0, 0, 0)\" class=\"has-inline-color has-ast-global-color-0-color\">Cuando todas las baldas se ocupan por completo, el conjunto pierde descanso y se vuelve denso<\/mark><\/strong>. Dejar tramos m\u00e1s despejados introduce una sensaci\u00f3n de orden sereno, permite que cada elemento respire y mejora la lectura visual del mueble.<\/p>\n\n\n\n<p class=\"has-medium-font-size wp-block-paragraph\">La ligereza tambi\u00e9n nace del ritmo. <strong>Alternar libros con peque\u00f1os vac\u00edos, cambiar ligeramente las alturas y evitar una secuencia excesivamente uniforme ayuda a que la biblioteca no parezca compactada<\/strong>. Esa respiraci\u00f3n visual introduce pausa, hace m\u00e1s amable la composici\u00f3n y transforma una superficie est\u00e1tica en una presencia mucho m\u00e1s flexible.<\/p>\n\n\n\n<p class=\"has-medium-font-size wp-block-paragraph\">La luz c\u00e1lida tiene la capacidad de cambiar por completo el lenguaje de una biblioteca. Una <strong><a href=\"https:\/\/www.lamparayluz.es\/\" target=\"_blank\" rel=\"noopener\"><mark style=\"background-color:rgba(0, 0, 0, 0);color:#fcb900\" class=\"has-inline-color\">iluminaci\u00f3n<\/mark><\/a><\/strong> <strong>bien pensada suaviza los vol\u00famenes, realza las texturas y convierte un mueble funcional en una escena acogedora<\/strong>. No hace falta exagerar: basta una luz envolvente y serena para que todo resulte m\u00e1s \u00edntimo.<\/p>\n\n\n\n<p class=\"has-medium-font-size wp-block-paragraph\">La biblioteca agradece la claridad, pero su equilibrio depende de evitar la luz m\u00e1s agresiva. <strong><mark style=\"background-color:rgba(0, 0, 0, 0)\" class=\"has-inline-color has-ast-global-color-0-color\">El sol directo desgasta colores, amarillea el papel y endurece la percepci\u00f3n del conjunto<\/mark><\/strong>. Filtrar esa entrada con cortinas ligeras o visillos permite conservar luminosidad, proteger los libros y mantener una atm\u00f3sfera mucho m\u00e1s suave.<\/p>\n\n\n\n<div style=\"height:25px\" aria-hidden=\"true\" class=\"wp-block-spacer\"><\/div>\n\n\n\n<figure class=\"wp-block-image size-full\"><img decoding=\"async\" width=\"2560\" height=\"1440\" src=\"https:\/\/mueblesdetena.es\/wp-content\/uploads\/2026\/06\/biblioteca-3.jpg\" alt=\"biblioteca\" class=\"wp-image-46520\" srcset=\"https:\/\/mueblesdetena.es\/wp-content\/uploads\/2026\/06\/biblioteca-3.jpg 2560w, https:\/\/mueblesdetena.es\/wp-content\/uploads\/2026\/06\/biblioteca-3-300x169.jpg 300w, https:\/\/mueblesdetena.es\/wp-content\/uploads\/2026\/06\/biblioteca-3-1024x576.jpg 1024w, https:\/\/mueblesdetena.es\/wp-content\/uploads\/2026\/06\/biblioteca-3-768x432.jpg 768w, https:\/\/mueblesdetena.es\/wp-content\/uploads\/2026\/06\/biblioteca-3-1536x864.jpg 1536w, https:\/\/mueblesdetena.es\/wp-content\/uploads\/2026\/06\/biblioteca-3-2048x1152.jpg 2048w, https:\/\/mueblesdetena.es\/wp-content\/uploads\/2026\/06\/biblioteca-3-600x338.jpg 600w\" sizes=\"(max-width: 2560px) 100vw, 2560px\" \/><\/figure>\n\n\n\n<div style=\"height:25px\" aria-hidden=\"true\" class=\"wp-block-spacer\"><\/div>\n\n\n\n<h2 class=\"wp-block-heading\"><span class=\"ez-toc-section\" id=\"5_Darle_alma_sin_recargarla_como_convertir_una_biblioteca_compacta_en_un_rincon_con_identidad\"><\/span>5. Darle alma sin recargarla: c\u00f3mo convertir una biblioteca compacta en un rinc\u00f3n con identidad<span class=\"ez-toc-section-end\"><\/span><\/h2>\n\n\n\n<p class=\"has-medium-font-size wp-block-paragraph\">Personalizar una biblioteca peque\u00f1a exige editar, no acumular. La clave est\u00e1 en elegir muy bien qu\u00e9 entra y qu\u00e9 se queda fuera, para que cada elemento tenga sentido. <strong>Unos pocos libros especialmente queridos, mezclados con aire visual, transmiten m\u00e1s verdad que una composici\u00f3n excesiva, r\u00edgida o simplemente demasiado llena<\/strong> para respirar.<\/p>\n\n\n\n<p class=\"has-medium-font-size wp-block-paragraph\"><strong>Los objetos que mejor acompa\u00f1an una biblioteca son aquellos que aportan textura, memoria y calma sin competir con los libros<\/strong>. Una caja bonita, una pieza de cer\u00e1mica, una fotograf\u00eda enmarcada o un sujetalibros escult\u00f3rico pueden bastar. Lo importante es que introduzcan matices y hagan que el conjunto resulte m\u00e1s vivido y personal.<\/p>\n\n\n\n<p class=\"has-medium-font-size wp-block-paragraph\">Tambi\u00e9n son <strong>los detalles discretos los que dan profundidad emocional a una biblioteca<\/strong>. Un recuerdo de viaje, una edici\u00f3n heredada, una peque\u00f1a obra gr\u00e1fica o una l\u00e1mpara con luz c\u00e1lida convierten el mueble en algo m\u00e1s \u00edntimo. No decoran solo el espacio: cuentan, con sutileza, la historia de quien lo habita.<\/p>\n\n\n\n<p class=\"has-medium-font-size wp-block-paragraph\">Incluso cuando faltan metros, una biblioteca puede sugerir un rinc\u00f3n de lectura apetecible. <strong>Basta una butaca ligera, un puf, una l\u00e1mpara bien orientada o una banqueta cercana para insinuar pausa<\/strong>. Esa proximidad convierte la biblioteca en un lugar al que apetece volver, no solo en una soluci\u00f3n de orden dom\u00e9stico.<\/p>\n\n\n\n<p class=\"has-medium-font-size wp-block-paragraph\">Por eso, una biblioteca compacta suele convertirse en una de las zonas con m\u00e1s car\u00e1cter de la casa. Tiene algo de refugio, de escaparate \u00edntimo y de paisaje cotidiano. Cuando est\u00e1 bien compuesta, no parece un a\u00f1adido decorativo, sino una presencia serena que aporta identidad, calidez y profundidad a todo el ambiente.<\/p>\n\n\n\n<div style=\"height:25px\" aria-hidden=\"true\" class=\"wp-block-spacer\"><\/div>\n\n\n\n<h2 class=\"wp-block-heading\"><span class=\"ez-toc-section\" id=\"Una_biblioteca_compacta_no_ocupa_sitio_lo_revela\"><\/span>Una biblioteca compacta no ocupa sitio, lo revela<span class=\"ez-toc-section-end\"><\/span><\/h2>\n\n\n\n<p class=\"has-medium-font-size wp-block-paragraph\">El verdadero reto nunca fue convivir con los libros, sino no haber encontrado todav\u00eda una forma inteligente de darles su lugar. Cuando una biblioteca se piensa con intenci\u00f3n, deja de comportarse como un mueble que invade y empieza a actuar como una soluci\u00f3n serena, capaz de ordenar, acompa\u00f1ar y embellecer la vida diaria.<\/p>\n\n\n\n<p class=\"has-medium-font-size wp-block-paragraph\">Por eso, el acierto no depende de sumar baldas sin medida, sino de afinar cada decisi\u00f3n. El lugar, la proporci\u00f3n, la capacidad de guardar, la ligereza visual y el tono personal convierten una biblioteca en una pieza coherente con la casa, integrada en ella y pensada para durar con naturalidad y equilibrio.<\/p>\n\n\n\n<p class=\"has-medium-font-size wp-block-paragraph\">Entonces sucede algo revelador: un rinc\u00f3n anodino empieza a tener presencia, ritmo y profundidad. All\u00ed donde antes solo hab\u00eda una pared libre o un espacio indeciso, la biblioteca introduce car\u00e1cter y uso. En un piso peque\u00f1o, esa transformaci\u00f3n es decisiva, porque demuestra que los metros bien pensados siempre pueden ofrecer mucho m\u00e1s.<\/p>","protected":false},"excerpt":{"rendered":"<p>En los pisos peque\u00f1os, los libros rara vez viven donde merecen. Se apilan en mesillas, colonizan aparadores, esperan en cajas o sobreviven en rincones sin intenci\u00f3n. As\u00ed, la biblioteca dom\u00e9stica deja de ser refugio y relato para convertirse en una suma dispersa de vol\u00famenes, recuerdos y desorden cotidiano sin pausa. Sin embargo, convivir con una [&hellip;]<\/p>\n","protected":false},"author":618,"featured_media":46518,"comment_status":"closed","ping_status":"closed","sticky":false,"template":"","format":"standard","meta":{"site-sidebar-layout":"default","site-content-layout":"","ast-site-content-layout":"default","site-content-style":"default","site-sidebar-style":"default","ast-global-header-display":"","ast-banner-title-visibility":"","ast-main-header-display":"","ast-hfb-above-header-display":"","ast-hfb-below-header-display":"","ast-hfb-mobile-header-display":"","site-post-title":"","ast-breadcrumbs-content":"","ast-featured-img":"","footer-sml-layout":"","ast-disable-related-posts":"","theme-transparent-header-meta":"","adv-header-id-meta":"","stick-header-meta":"","header-above-stick-meta":"","header-main-stick-meta":"","header-below-stick-meta":"","astra-migrate-meta-layouts":"set","ast-page-background-enabled":"default","ast-page-background-meta":{"desktop":{"background-color":"var(--ast-global-color-4)","background-image":"","background-repeat":"repeat","background-position":"center center","background-size":"auto","background-attachment":"scroll","background-type":"","background-media":"","overlay-type":"","overlay-color":"","overlay-opacity":"","overlay-gradient":""},"tablet":{"background-color":"","background-image":"","background-repeat":"repeat","background-position":"center center","background-size":"auto","background-attachment":"scroll","background-type":"","background-media":"","overlay-type":"","overlay-color":"","overlay-opacity":"","overlay-gradient":""},"mobile":{"background-color":"","background-image":"","background-repeat":"repeat","background-position":"center center","background-size":"auto","background-attachment":"scroll","background-type":"","background-media":"","overlay-type":"","overlay-color":"","overlay-opacity":"","overlay-gradient":""}},"ast-content-background-meta":{"desktop":{"background-color":"var(--ast-global-color-5)","background-image":"","background-repeat":"repeat","background-position":"center center","background-size":"auto","background-attachment":"scroll","background-type":"","background-media":"","overlay-type":"","overlay-color":"","overlay-opacity":"","overlay-gradient":""},"tablet":{"background-color":"var(--ast-global-color-5)","background-image":"","background-repeat":"repeat","background-position":"center center","background-size":"auto","background-attachment":"scroll","background-type":"","background-media":"","overlay-type":"","overlay-color":"","overlay-opacity":"","overlay-gradient":""},"mobile":{"background-color":"var(--ast-global-color-5)","background-image":"","background-repeat":"repeat","background-position":"center center","background-size":"auto","background-attachment":"scroll","background-type":"","background-media":"","overlay-type":"","overlay-color":"","overlay-opacity":"","overlay-gradient":""}},"_joinchat":[],"footnotes":""},"categories":[1],"tags":[],"class_list":["post-46507","post","type-post","status-publish","format-standard","has-post-thumbnail","hentry","category-sin-categoria"],"_links":{"self":[{"href":"https:\/\/mueblesdetena.es\/ru_ru\/wp-json\/wp\/v2\/posts\/46507","targetHints":{"allow":["GET"]}}],"collection":[{"href":"https:\/\/mueblesdetena.es\/ru_ru\/wp-json\/wp\/v2\/posts"}],"about":[{"href":"https:\/\/mueblesdetena.es\/ru_ru\/wp-json\/wp\/v2\/types\/post"}],"author":[{"embeddable":true,"href":"https:\/\/mueblesdetena.es\/ru_ru\/wp-json\/wp\/v2\/users\/618"}],"replies":[{"embeddable":true,"href":"https:\/\/mueblesdetena.es\/ru_ru\/wp-json\/wp\/v2\/comments?post=46507"}],"version-history":[{"count":2,"href":"https:\/\/mueblesdetena.es\/ru_ru\/wp-json\/wp\/v2\/posts\/46507\/revisions"}],"predecessor-version":[{"id":46521,"href":"https:\/\/mueblesdetena.es\/ru_ru\/wp-json\/wp\/v2\/posts\/46507\/revisions\/46521"}],"wp:featuredmedia":[{"embeddable":true,"href":"https:\/\/mueblesdetena.es\/ru_ru\/wp-json\/wp\/v2\/media\/46518"}],"wp:attachment":[{"href":"https:\/\/mueblesdetena.es\/ru_ru\/wp-json\/wp\/v2\/media?parent=46507"}],"wp:term":[{"taxonomy":"category","embeddable":true,"href":"https:\/\/mueblesdetena.es\/ru_ru\/wp-json\/wp\/v2\/categories?post=46507"},{"taxonomy":"post_tag","embeddable":true,"href":"https:\/\/mueblesdetena.es\/ru_ru\/wp-json\/wp\/v2\/tags?post=46507"}],"curies":[{"name":"wp","href":"https:\/\/api.w.org\/{rel}","templated":true}]}}