{"id":46510,"date":"2026-06-04T04:21:34","date_gmt":"2026-06-04T02:21:34","guid":{"rendered":"https:\/\/mueblesdetena.es\/como-aprovechar-espacio-salon-pequeno\/"},"modified":"2026-06-04T04:21:34","modified_gmt":"2026-06-04T02:21:34","slug":"como-aprovechar-espacio-salon-pequeno","status":"publish","type":"post","link":"https:\/\/mueblesdetena.es\/ru_ru\/como-aprovechar-espacio-salon-pequeno\/","title":{"rendered":"C\u00f3mo aprovechar espacio en un sal\u00f3n peque\u00f1o"},"content":{"rendered":"<p>Un sal\u00f3n peque\u00f1o se nota sobre todo cuando el sof\u00e1 tapa el paso, la mesa molesta al abrir un caj\u00f3n y cada cosa parece estar fuera de sitio. Ah\u00ed es donde de verdad importa saber c\u00f3mo aprovechar espacio en un sal\u00f3n peque\u00f1o sin renunciar a la comodidad ni a una casa que se vea bien. La clave no est\u00e1 en meter menos por obligaci\u00f3n, sino en elegir mejor cada mueble y darle a cada metro una funci\u00f3n clara.<\/p>\n<div id=\"ez-toc-container\" class=\"ez-toc-v2_0_85 counter-hierarchy ez-toc-counter ez-toc-grey ez-toc-container-direction\">\n<div class=\"ez-toc-title-container\">\n<p class=\"ez-toc-title\" style=\"cursor:inherit\">Table of Contents<\/p>\n<span class=\"ez-toc-title-toggle\"><a href=\"#\" class=\"ez-toc-pull-right ez-toc-btn ez-toc-btn-xs ez-toc-btn-default ez-toc-toggle\" aria-label=\"Toggle Table of Content\"><span class=\"ez-toc-js-icon-con\"><span class=\"\"><span class=\"eztoc-hide\" style=\"display:none;\">Toggle<\/span><span class=\"ez-toc-icon-toggle-span\"><svg style=\"fill: #999;color:#999\" xmlns=\"http:\/\/www.w3.org\/2000\/svg\" class=\"list-377408\" width=\"20px\" height=\"20px\" viewbox=\"0 0 24 24\" fill=\"none\"><path d=\"M6 6H4v2h2V6zm14 0H8v2h12V6zM4 11h2v2H4v-2zm16 0H8v2h12v-2zM4 16h2v2H4v-2zm16 0H8v2h12v-2z\" fill=\"currentColor\"><\/path><\/svg><svg style=\"fill: #999;color:#999\" class=\"arrow-unsorted-368013\" xmlns=\"http:\/\/www.w3.org\/2000\/svg\" width=\"10px\" height=\"10px\" viewbox=\"0 0 24 24\" version=\"1.2\" baseprofile=\"tiny\"><path d=\"M18.2 9.3l-6.2-6.3-6.2 6.3c-.2.2-.3.4-.3.7s.1.5.3.7c.2.2.4.3.7.3h11c.3 0 .5-.1.7-.3.2-.2.3-.5.3-.7s-.1-.5-.3-.7zM5.8 14.7l6.2 6.3 6.2-6.3c.2-.2.3-.5.3-.7s-.1-.5-.3-.7c-.2-.2-.4-.3-.7-.3h-11c-.3 0-.5.1-.7.3-.2.2-.3.5-.3.7s.1.5.3.7z\"\/><\/svg><\/span><\/span><\/span><\/a><\/span><\/div>\n<nav><ul class='ez-toc-list ez-toc-list-level-1' ><li class='ez-toc-page-1 ez-toc-heading-level-2'><a class=\"ez-toc-link ez-toc-heading-1\" href=\"https:\/\/mueblesdetena.es\/ru_ru\/como-aprovechar-espacio-salon-pequeno\/#Como_aprovechar_espacio_en_un_salon_pequeno_sin_agobiarlo\" >C\u00f3mo aprovechar espacio en un sal\u00f3n peque\u00f1o sin agobiarlo<\/a><\/li><li class='ez-toc-page-1 ez-toc-heading-level-2'><a class=\"ez-toc-link ez-toc-heading-2\" href=\"https:\/\/mueblesdetena.es\/ru_ru\/como-aprovechar-espacio-salon-pequeno\/#Empieza_por_la_distribucion_no_por_la_decoracion\" >Empieza por la distribuci\u00f3n, no por la decoraci\u00f3n<\/a><ul class='ez-toc-list-level-3' ><li class='ez-toc-heading-level-3'><a class=\"ez-toc-link ez-toc-heading-3\" href=\"https:\/\/mueblesdetena.es\/ru_ru\/como-aprovechar-espacio-salon-pequeno\/#Deja_pasos_comodos\" >Deja pasos c\u00f3modos<\/a><\/li><li class='ez-toc-page-1 ez-toc-heading-level-3'><a class=\"ez-toc-link ez-toc-heading-4\" href=\"https:\/\/mueblesdetena.es\/ru_ru\/como-aprovechar-espacio-salon-pequeno\/#Mide_antes_de_comprar\" >Mide antes de comprar<\/a><\/li><\/ul><\/li><li class='ez-toc-page-1 ez-toc-heading-level-2'><a class=\"ez-toc-link ez-toc-heading-5\" href=\"https:\/\/mueblesdetena.es\/ru_ru\/como-aprovechar-espacio-salon-pequeno\/#El_sofa_correcto_gana_mas_espacio_del_que_parece\" >El sof\u00e1 correcto gana m\u00e1s espacio del que parece<\/a><\/li><li class='ez-toc-page-1 ez-toc-heading-level-2'><a class=\"ez-toc-link ez-toc-heading-6\" href=\"https:\/\/mueblesdetena.es\/ru_ru\/como-aprovechar-espacio-salon-pequeno\/#Muebles_multifuncionales_para_aprovechar_espacio_en_un_salon_pequeno\" >Muebles multifuncionales para aprovechar espacio en un sal\u00f3n peque\u00f1o<\/a><ul class='ez-toc-list-level-3' ><li class='ez-toc-heading-level-3'><a class=\"ez-toc-link ez-toc-heading-7\" href=\"https:\/\/mueblesdetena.es\/ru_ru\/como-aprovechar-espacio-salon-pequeno\/#Mejor_cerrar_que_exponerlo_todo\" >Mejor cerrar que exponerlo todo<\/a><\/li><\/ul><\/li><li class='ez-toc-page-1 ez-toc-heading-level-2'><a class=\"ez-toc-link ez-toc-heading-8\" href=\"https:\/\/mueblesdetena.es\/ru_ru\/como-aprovechar-espacio-salon-pequeno\/#Altura_luz_y_orden_visual\" >Altura, luz y orden visual<\/a><\/li><li class='ez-toc-page-1 ez-toc-heading-level-2'><a class=\"ez-toc-link ez-toc-heading-9\" href=\"https:\/\/mueblesdetena.es\/ru_ru\/como-aprovechar-espacio-salon-pequeno\/#Cuando_el_salon_tambien_hace_de_comedor_o_despacho\" >Cuando el sal\u00f3n tambi\u00e9n hace de comedor o despacho<\/a><\/li><li class='ez-toc-page-1 ez-toc-heading-level-2'><a class=\"ez-toc-link ez-toc-heading-10\" href=\"https:\/\/mueblesdetena.es\/ru_ru\/como-aprovechar-espacio-salon-pequeno\/#Que_errores_hacen_que_un_salon_pequeno_parezca_aun_menor\" >Qu\u00e9 errores hacen que un sal\u00f3n peque\u00f1o parezca a\u00fan menor<\/a><\/li><li class='ez-toc-page-1 ez-toc-heading-level-2'><a class=\"ez-toc-link ez-toc-heading-11\" href=\"https:\/\/mueblesdetena.es\/ru_ru\/como-aprovechar-espacio-salon-pequeno\/#La_mejor_formula_es_la_que_se_adapta_a_tu_casa\" >La mejor f\u00f3rmula es la que se adapta a tu casa<\/a><\/li><\/ul><\/nav><\/div>\n<h2><span class=\"ez-toc-section\" id=\"Como_aprovechar_espacio_en_un_salon_pequeno_sin_agobiarlo\"><\/span>C\u00f3mo aprovechar espacio en un sal\u00f3n peque\u00f1o sin agobiarlo<span class=\"ez-toc-section-end\"><\/span><\/h2>\n<p>El error m\u00e1s habitual es pensar que un sal\u00f3n peque\u00f1o se resuelve con muebles peque\u00f1os. A veces s\u00ed, pero no siempre. Si todo es diminuto, el conjunto puede quedar pobre, inc\u00f3modo y poco pr\u00e1ctico. Lo que funciona de verdad es mantener proporci\u00f3n, dejar zonas de paso limpias y escoger piezas que hagan m\u00e1s de una funci\u00f3n.<\/p>\n<p>Tambi\u00e9n conviene decidir qu\u00e9 necesita ese sal\u00f3n en la vida real. No es lo mismo una estancia para ver la televisi\u00f3n cada d\u00eda que un sal\u00f3n que adem\u00e1s hace de comedor, zona de teletrabajo o dormitorio ocasional. Cuando se define el uso principal, resulta mucho m\u00e1s f\u00e1cil acertar con la distribuci\u00f3n y evitar compras que luego estorban.<\/p>\n<h2><span class=\"ez-toc-section\" id=\"Empieza_por_la_distribucion_no_por_la_decoracion\"><\/span>Empieza por la distribuci\u00f3n, no por la decoraci\u00f3n<span class=\"ez-toc-section-end\"><\/span><\/h2>\n<p>Antes de pensar en cojines, colores o cuadros, hay que mirar el plano real del sal\u00f3n. Puertas, ventanas, radiadores y enchufes mandan m\u00e1s de lo que parece. Si se coloca el sof\u00e1 donde corta la circulaci\u00f3n, el espacio se encoge aunque sobren cent\u00edmetros.<\/p>\n<p>Lo m\u00e1s rentable suele ser liberar el centro y arrimar las piezas grandes a la pared, pero tampoco hay que seguir esa idea a ciegas. En algunos salones estrechos, separar unos cent\u00edmetros el sof\u00e1 de la pared ayuda a que la composici\u00f3n respire mejor. Depende del fondo de la pieza y de si hay espacio suficiente para que el paso siga siendo c\u00f3modo.<\/p>\n<p>Si el sal\u00f3n incluye comedor, lo ideal es evitar que ambas zonas compitan. Una <a href=\"https:\/\/mueblesdetena.es\/ru_ru\/comedor-duo-n41\/\">mesa extensible<\/a> o una consola que se abra solo cuando hace falta suele funcionar mejor que una mesa fija grande ocupando sitio todos los d\u00edas. Ese tipo de decisiones son las que marcan la diferencia entre un sal\u00f3n lleno y un sal\u00f3n aprovechado.<\/p>\n<h3><span class=\"ez-toc-section\" id=\"Deja_pasos_comodos\"><\/span>Deja pasos c\u00f3modos<span class=\"ez-toc-section-end\"><\/span><\/h3>\n<p>Un sal\u00f3n peque\u00f1o no perdona los obst\u00e1culos. Si para sentarse hay que esquivar una mesa o pasar de lado, la estancia se vuelve inc\u00f3moda enseguida. Intenta mantener recorridos claros entre la entrada, el sof\u00e1 y el mueble de televisi\u00f3n. Cuando la circulaci\u00f3n es natural, el sal\u00f3n parece m\u00e1s amplio incluso sin cambiar metros.<\/p>\n<h3><span class=\"ez-toc-section\" id=\"Mide_antes_de_comprar\"><\/span>Mide antes de comprar<span class=\"ez-toc-section-end\"><\/span><\/h3>\n<p>Parece b\u00e1sico, pero es donde m\u00e1s errores se cometen. No basta con mirar si el mueble cabe en la pared. Hay que comprobar fondo, apertura de puertas, distancia al sof\u00e1, paso lateral y altura visual. Un mueble bajo y bien proporcionado puede ocupar lo mismo que otro, pero hacer que el sal\u00f3n se vea mucho menos cargado.<\/p>\n<h2><span class=\"ez-toc-section\" id=\"El_sofa_correcto_gana_mas_espacio_del_que_parece\"><\/span>El sof\u00e1 correcto gana m\u00e1s espacio del que parece<span class=\"ez-toc-section-end\"><\/span><\/h2>\n<p>En muchos casos, el sof\u00e1 es la pieza que decide todo lo dem\u00e1s. Si es demasiado voluminoso, el sal\u00f3n queda condicionado. Si se queda corto, quiz\u00e1 no cubre la necesidad diaria y obliga a a\u00f1adir m\u00e1s asientos. Por eso conviene buscar equilibrio.<\/p>\n<p>Un sof\u00e1 de l\u00edneas rectas, brazos finos y patas vistas suele resultar m\u00e1s ligero visualmente que uno muy ancho y pegado al suelo. No es solo una cuesti\u00f3n est\u00e9tica. Al dejar ver el suelo, la estancia parece m\u00e1s abierta. Y si adem\u00e1s incorpora cama o arc\u00f3n, el rendimiento del espacio mejora mucho.<\/p>\n<p>Aqu\u00ed no hay una \u00fanica respuesta v\u00e1lida. Un <a href=\"https:\/\/mueblesdetena.es\/ru_ru\/sofa-cama-italiano-hit-plus\/\">sof\u00e1 cama<\/a> es una opci\u00f3n muy pr\u00e1ctica si el sal\u00f3n debe servir para invitados o incluso para uso diario en viviendas peque\u00f1as. En cambio, si la prioridad es guardar textiles, mandos o mantas, puede interesar m\u00e1s combinar un sof\u00e1 compacto con <a href=\"https:\/\/mueblesdetena.es\/ru_ru\/canape-abel-tapa-fija\/\">un canap\u00e9<\/a> en otra estancia o reforzar el almacenaje vertical del sal\u00f3n.<\/p>\n<h2><span class=\"ez-toc-section\" id=\"Muebles_multifuncionales_para_aprovechar_espacio_en_un_salon_pequeno\"><\/span>Muebles multifuncionales para aprovechar espacio en un sal\u00f3n peque\u00f1o<span class=\"ez-toc-section-end\"><\/span><\/h2>\n<p>Si hay una categor\u00eda que realmente ayuda cuando faltan metros, es la del mueble multifuncional. No porque sea una moda, sino porque evita duplicar piezas. En un sal\u00f3n peque\u00f1o, cada mueble que cumple dos funciones le gana terreno al exceso.<\/p>\n<p>Una mesa de centro con almacenaje evita sumar cajoneras auxiliares. Un mueble de televisi\u00f3n con compartimentos cerrados ayuda a esconder lo que genera ruido visual. Una mesa elevable puede servir para comer, trabajar o cenar con m\u00e1s comodidad sin reservar espacio a una mesa adicional todos los d\u00edas.<\/p>\n<p>Las composiciones modulares tambi\u00e9n dan mucho juego porque se adaptan mejor al hueco disponible. No todos los salones necesitan una pared completa de mueble. A veces basta con un m\u00f3dulo bajo y uno alto bien medidos para conseguir almacenaje sin saturar.<\/p>\n<p>En tiendas especializadas en soluciones pr\u00e1cticas para el hogar, como Muebles Detena, este tipo de producto tiene sentido precisamente porque responde a problemas reales de distribuci\u00f3n, no solo a una cuesti\u00f3n de estilo.<\/p>\n<h3><span class=\"ez-toc-section\" id=\"Mejor_cerrar_que_exponerlo_todo\"><\/span>Mejor cerrar que exponerlo todo<span class=\"ez-toc-section-end\"><\/span><\/h3>\n<p>Cuando el sal\u00f3n es peque\u00f1o, las baldas abiertas tienen un l\u00edmite. Si se llenan de objetos, libros, cables y decoraci\u00f3n, el conjunto se percibe m\u00e1s desordenado. Los m\u00f3dulos cerrados ayudan a simplificar la vista y hacen que el espacio se sienta m\u00e1s limpio.<\/p>\n<p>Eso no significa ocultarlo todo. Se puede combinar una parte cerrada con alg\u00fan hueco abierto para dar ligereza, pero conviene que la mayor parte del almacenaje resuelva, no complique.<\/p>\n<h2><span class=\"ez-toc-section\" id=\"Altura_luz_y_orden_visual\"><\/span>Altura, luz y orden visual<span class=\"ez-toc-section-end\"><\/span><\/h2>\n<p>Aprovechar un sal\u00f3n peque\u00f1o no consiste solo en meter muebles \u00fatiles. Tambi\u00e9n importa mucho c\u00f3mo se percibe el espacio. Y ah\u00ed entran la altura, la luz y el orden visual.<\/p>\n<p>Los muebles suspendidos o con patas elevan la vista y dejan pasar la luz. Los acabados claros suelen ampliar visualmente, aunque tampoco hace falta que todo sea blanco. Los tonos madera suaves, arena o piedra funcionan muy bien porque aportan calidez sin endurecer el ambiente.<\/p>\n<p>Con la iluminaci\u00f3n pasa algo parecido. Un \u00fanico punto de luz central suele aplanar la estancia. Si se combina con una l\u00e1mpara de pie ligera o una luz de apoyo en la zona de televisi\u00f3n, el sal\u00f3n gana profundidad. Eso s\u00ed, en espacios muy justos conviene evitar l\u00e1mparas aparatosas o pantallas excesivamente grandes.<\/p>\n<h2><span class=\"ez-toc-section\" id=\"Cuando_el_salon_tambien_hace_de_comedor_o_despacho\"><\/span>Cuando el sal\u00f3n tambi\u00e9n hace de comedor o despacho<span class=\"ez-toc-section-end\"><\/span><\/h2>\n<p>Esto es muy habitual en pisos urbanos. El mismo espacio tiene que servir para descansar, comer, recibir visitas e incluso trabajar. En ese caso, aprovechar bien no significa mezclarlo todo, sino hacer convivir funciones sin que se estorben.<\/p>\n<p>Una mesa extensible pegada a pared, una consola convertible o una mesa de centro elevable pueden resolver mucho. Si el trabajo en casa es ocasional, no hace falta instalar un despacho completo. Puede ser suficiente con un rinc\u00f3n con almacenaje contenido y una silla que encaje visualmente con el resto del sal\u00f3n.<\/p>\n<p>Si el uso es diario, el planteamiento cambia. Entonces s\u00ed merece la pena reservar una zona concreta y no improvisar sobre la mesa de comedor cada ma\u00f1ana. El sal\u00f3n peque\u00f1o exige decisiones honestas: o se prioriza una funci\u00f3n o se eligen soluciones flexibles de verdad.<\/p>\n<h2><span class=\"ez-toc-section\" id=\"Que_errores_hacen_que_un_salon_pequeno_parezca_aun_menor\"><\/span>Qu\u00e9 errores hacen que un sal\u00f3n peque\u00f1o parezca a\u00fan menor<span class=\"ez-toc-section-end\"><\/span><\/h2>\n<p>Hay fallos muy comunes y casi siempre tienen arreglo. Uno es pegar demasiados muebles a una sola pared y dejar la otra sin uso, creando sensaci\u00f3n de desequilibrio. Otro, comprar por impulso sin medir bien. Tambi\u00e9n pasa mucho con las mesas de centro sobredimensionadas, los sof\u00e1s con chaise longue donde no caben o los muebles altos que comen luz.<\/p>\n<p>Otro error habitual es decorar en exceso. Cuando hay poco espacio, cada elemento extra pesa m\u00e1s. No hace falta renunciar a la personalidad, pero s\u00ed filtrar. Menos piezas, mejor elegidas, suelen funcionar mejor que muchas peque\u00f1as compitiendo entre s\u00ed.<\/p>\n<p>Y luego est\u00e1 el almacenaje improvisado: cajas sueltas, cestos sin criterio, aparadores a\u00f1adidos porque ya no cabe nada. Eso suele ser la se\u00f1al de que falta una soluci\u00f3n pensada desde el principio. Sale m\u00e1s rentable invertir en un mueble que ordene bien que ir sumando parches.<\/p>\n<h2><span class=\"ez-toc-section\" id=\"La_mejor_formula_es_la_que_se_adapta_a_tu_casa\"><\/span>La mejor f\u00f3rmula es la que se adapta a tu casa<span class=\"ez-toc-section-end\"><\/span><\/h2>\n<p>No todos los salones peque\u00f1os necesitan lo mismo. Hay viviendas donde compensa apostar por un sof\u00e1 cama, otras donde el cambio decisivo est\u00e1 en una mesa extensible y otras donde todo mejora al sustituir un mueble pesado por una composici\u00f3n m\u00e1s ligera. Lo importante es que cada pieza tenga un motivo claro para estar ah\u00ed.<\/p>\n<p>Si est\u00e1s pensando en renovar, empieza por medir, priorizar usos y comparar opciones con calma. Un sal\u00f3n peque\u00f1o bien amueblado no solo se ve m\u00e1s amplio. Tambi\u00e9n resulta m\u00e1s c\u00f3modo, m\u00e1s ordenado y mucho m\u00e1s f\u00e1cil de disfrutar cada d\u00eda. Y cuando cada mueble encaja de verdad con tu espacio, se nota desde el primer momento.<\/p>","protected":false},"excerpt":{"rendered":"<p>Descubre c\u00f3mo aprovechar espacio en un sal\u00f3n peque\u00f1o con muebles pr\u00e1cticos, orden visual y soluciones reales para ganar amplitud y comodidad.<\/p>","protected":false},"author":0,"featured_media":46511,"comment_status":"","ping_status":"","sticky":false,"template":"","format":"standard","meta":{"site-sidebar-layout":"default","site-content-layout":"","ast-site-content-layout":"default","site-content-style":"default","site-sidebar-style":"default","ast-global-header-display":"","ast-banner-title-visibility":"","ast-main-header-display":"","ast-hfb-above-header-display":"","ast-hfb-below-header-display":"","ast-hfb-mobile-header-display":"","site-post-title":"","ast-breadcrumbs-content":"","ast-featured-img":"","footer-sml-layout":"","ast-disable-related-posts":"","theme-transparent-header-meta":"","adv-header-id-meta":"","stick-header-meta":"","header-above-stick-meta":"","header-main-stick-meta":"","header-below-stick-meta":"","astra-migrate-meta-layouts":"default","ast-page-background-enabled":"default","ast-page-background-meta":{"desktop":{"background-color":"var(--ast-global-color-4)","background-image":"","background-repeat":"repeat","background-position":"center center","background-size":"auto","background-attachment":"scroll","background-type":"","background-media":"","overlay-type":"","overlay-color":"","overlay-opacity":"","overlay-gradient":""},"tablet":{"background-color":"","background-image":"","background-repeat":"repeat","background-position":"center center","background-size":"auto","background-attachment":"scroll","background-type":"","background-media":"","overlay-type":"","overlay-color":"","overlay-opacity":"","overlay-gradient":""},"mobile":{"background-color":"","background-image":"","background-repeat":"repeat","background-position":"center center","background-size":"auto","background-attachment":"scroll","background-type":"","background-media":"","overlay-type":"","overlay-color":"","overlay-opacity":"","overlay-gradient":""}},"ast-content-background-meta":{"desktop":{"background-color":"var(--ast-global-color-5)","background-image":"","background-repeat":"repeat","background-position":"center center","background-size":"auto","background-attachment":"scroll","background-type":"","background-media":"","overlay-type":"","overlay-color":"","overlay-opacity":"","overlay-gradient":""},"tablet":{"background-color":"var(--ast-global-color-5)","background-image":"","background-repeat":"repeat","background-position":"center center","background-size":"auto","background-attachment":"scroll","background-type":"","background-media":"","overlay-type":"","overlay-color":"","overlay-opacity":"","overlay-gradient":""},"mobile":{"background-color":"var(--ast-global-color-5)","background-image":"","background-repeat":"repeat","background-position":"center center","background-size":"auto","background-attachment":"scroll","background-type":"","background-media":"","overlay-type":"","overlay-color":"","overlay-opacity":"","overlay-gradient":""}},"_joinchat":[],"footnotes":""},"categories":[1],"tags":[],"class_list":["post-46510","post","type-post","status-publish","format-standard","has-post-thumbnail","hentry","category-sin-categoria"],"_links":{"self":[{"href":"https:\/\/mueblesdetena.es\/ru_ru\/wp-json\/wp\/v2\/posts\/46510","targetHints":{"allow":["GET"]}}],"collection":[{"href":"https:\/\/mueblesdetena.es\/ru_ru\/wp-json\/wp\/v2\/posts"}],"about":[{"href":"https:\/\/mueblesdetena.es\/ru_ru\/wp-json\/wp\/v2\/types\/post"}],"replies":[{"embeddable":true,"href":"https:\/\/mueblesdetena.es\/ru_ru\/wp-json\/wp\/v2\/comments?post=46510"}],"version-history":[{"count":0,"href":"https:\/\/mueblesdetena.es\/ru_ru\/wp-json\/wp\/v2\/posts\/46510\/revisions"}],"wp:featuredmedia":[{"embeddable":true,"href":"https:\/\/mueblesdetena.es\/ru_ru\/wp-json\/wp\/v2\/media\/46511"}],"wp:attachment":[{"href":"https:\/\/mueblesdetena.es\/ru_ru\/wp-json\/wp\/v2\/media?parent=46510"}],"wp:term":[{"taxonomy":"category","embeddable":true,"href":"https:\/\/mueblesdetena.es\/ru_ru\/wp-json\/wp\/v2\/categories?post=46510"},{"taxonomy":"post_tag","embeddable":true,"href":"https:\/\/mueblesdetena.es\/ru_ru\/wp-json\/wp\/v2\/tags?post=46510"}],"curies":[{"name":"wp","href":"https:\/\/api.w.org\/{rel}","templated":true}]}}