{"id":46912,"date":"2026-07-07T05:17:38","date_gmt":"2026-07-07T03:17:38","guid":{"rendered":"https:\/\/mueblesdetena.es\/?p=46912"},"modified":"2026-07-07T05:17:43","modified_gmt":"2026-07-07T03:17:43","slug":"habitacion-de-bebe-claves-hasta-adolescencia","status":"publish","type":"post","link":"https:\/\/mueblesdetena.es\/ru_ru\/habitacion-de-bebe-claves-hasta-adolescencia\/","title":{"rendered":"Una habitaci\u00f3n de beb\u00e9 que crece: 7 claves para adaptarla hasta la adolescencia"},"content":{"rendered":"<p class=\"has-medium-font-size wp-block-paragraph\">Cuando se prepara una habitaci\u00f3n de beb\u00e9, lo habitual es pensar en las necesidades inmediatas: una cuna c\u00f3moda, una zona para cambiar al peque\u00f1o y una decoraci\u00f3n pensada para sus primeros a\u00f1os. Sin embargo, el tiempo pasa m\u00e1s r\u00e1pido de lo que parece y muchas de esas decisiones dejan de encajar mucho antes de lo esperado.<\/p>\n\n\n\n<p class=\"has-medium-font-size wp-block-paragraph\">Lo que hoy funciona para un reci\u00e9n nacido tendr\u00e1 que adaptarse ma\u00f1ana a un ni\u00f1o con nuevas rutinas, m\u00e1s ropa, m\u00e1s objetos y necesidades completamente distintas. Por eso, antes de elegir muebles o detalles decorativos, conviene entender qu\u00e9 elementos pueden acompa\u00f1ar el crecimiento y cu\u00e1les son m\u00e1s f\u00e1ciles de renovar con el paso del tiempo.<\/p>\n\n\n\n<p class=\"has-medium-font-size wp-block-paragraph\">A lo largo de este art\u00edculo veremos c\u00f3mo planificar una habitaci\u00f3n de beb\u00e9 con una visi\u00f3n mucho m\u00e1s duradera. Analizaremos las decisiones que realmente condicionan el futuro del dormitorio, desde la distribuci\u00f3n hasta los muebles principales, y tambi\u00e9n aquellos elementos que permiten actualizar el espacio sin necesidad de transformarlo por completo.<\/p>\n\n\n\n<div style=\"height:25px\" aria-hidden=\"true\" class=\"wp-block-spacer\"><\/div>\n\n\n\n<div id=\"ez-toc-container\" class=\"ez-toc-v2_0_85 counter-hierarchy ez-toc-counter ez-toc-grey ez-toc-container-direction\">\n<div class=\"ez-toc-title-container\">\n<p class=\"ez-toc-title\" style=\"cursor:inherit\">Table of Contents<\/p>\n<span class=\"ez-toc-title-toggle\"><a href=\"#\" class=\"ez-toc-pull-right ez-toc-btn ez-toc-btn-xs ez-toc-btn-default ez-toc-toggle\" aria-label=\"Toggle Table of Content\"><span class=\"ez-toc-js-icon-con\"><span class=\"\"><span class=\"eztoc-hide\" style=\"display:none;\">Toggle<\/span><span class=\"ez-toc-icon-toggle-span\"><svg style=\"fill: #999;color:#999\" xmlns=\"http:\/\/www.w3.org\/2000\/svg\" class=\"list-377408\" width=\"20px\" height=\"20px\" viewbox=\"0 0 24 24\" fill=\"none\"><path d=\"M6 6H4v2h2V6zm14 0H8v2h12V6zM4 11h2v2H4v-2zm16 0H8v2h12v-2zM4 16h2v2H4v-2zm16 0H8v2h12v-2z\" fill=\"currentColor\"><\/path><\/svg><svg style=\"fill: #999;color:#999\" class=\"arrow-unsorted-368013\" xmlns=\"http:\/\/www.w3.org\/2000\/svg\" width=\"10px\" height=\"10px\" viewbox=\"0 0 24 24\" version=\"1.2\" baseprofile=\"tiny\"><path d=\"M18.2 9.3l-6.2-6.3-6.2 6.3c-.2.2-.3.4-.3.7s.1.5.3.7c.2.2.4.3.7.3h11c.3 0 .5-.1.7-.3.2-.2.3-.5.3-.7s-.1-.5-.3-.7zM5.8 14.7l6.2 6.3 6.2-6.3c.2-.2.3-.5.3-.7s-.1-.5-.3-.7c-.2-.2-.4-.3-.7-.3h-11c-.3 0-.5.1-.7.3-.2.2-.3.5-.3.7s.1.5.3.7z\"\/><\/svg><\/span><\/span><\/span><\/a><\/span><\/div>\n<nav><ul class='ez-toc-list ez-toc-list-level-1' ><li class='ez-toc-page-1 ez-toc-heading-level-2'><a class=\"ez-toc-link ez-toc-heading-1\" href=\"https:\/\/mueblesdetena.es\/ru_ru\/habitacion-de-bebe-claves-hasta-adolescencia\/#1_Empieza_por_la_distribucion_adulta_no_por_la_cuna\" >1. Empieza por la distribuci\u00f3n adulta, no por la cuna<\/a><\/li><li class='ez-toc-page-1 ez-toc-heading-level-2'><a class=\"ez-toc-link ez-toc-heading-2\" href=\"https:\/\/mueblesdetena.es\/ru_ru\/habitacion-de-bebe-claves-hasta-adolescencia\/#2_El_armario_debe_ser_definitivo_desde_el_primer_dia\" >2. El armario debe ser definitivo desde el primer d\u00eda<\/a><\/li><li class='ez-toc-page-1 ez-toc-heading-level-2'><a class=\"ez-toc-link ez-toc-heading-3\" href=\"https:\/\/mueblesdetena.es\/ru_ru\/habitacion-de-bebe-claves-hasta-adolescencia\/#3_Elige_una_cama_que_tenga_segunda_vida\" >3. Elige una cama que tenga segunda vida<\/a><\/li><li class='ez-toc-page-1 ez-toc-heading-level-2'><a class=\"ez-toc-link ez-toc-heading-4\" href=\"https:\/\/mueblesdetena.es\/ru_ru\/habitacion-de-bebe-claves-hasta-adolescencia\/#4_Crea_una_base_neutra_pero_no_una_habitacion_fria\" >4. Crea una base neutra, pero no una habitaci\u00f3n fr\u00eda<\/a><\/li><li class='ez-toc-page-1 ez-toc-heading-level-2'><a class=\"ez-toc-link ez-toc-heading-5\" href=\"https:\/\/mueblesdetena.es\/ru_ru\/habitacion-de-bebe-claves-hasta-adolescencia\/#5_Reserva_desde_el_principio_la_futura_zona_de_estudio\" >5. Reserva desde el principio la futura zona de estudio<\/a><\/li><li class='ez-toc-page-1 ez-toc-heading-level-2'><a class=\"ez-toc-link ez-toc-heading-6\" href=\"https:\/\/mueblesdetena.es\/ru_ru\/habitacion-de-bebe-claves-hasta-adolescencia\/#6_El_almacenaje_debe_cambiar_por_dentro_no_por_fuera\" >6. El almacenaje debe cambiar por dentro, no por fuera<\/a><\/li><li class='ez-toc-page-1 ez-toc-heading-level-2'><a class=\"ez-toc-link ez-toc-heading-7\" href=\"https:\/\/mueblesdetena.es\/ru_ru\/habitacion-de-bebe-claves-hasta-adolescencia\/#7_Deja_la_personalidad_para_lo_facil_de_cambiar\" >7. Deja la personalidad para lo f\u00e1cil de cambiar<\/a><\/li><li class='ez-toc-page-1 ez-toc-heading-level-2'><a class=\"ez-toc-link ez-toc-heading-8\" href=\"https:\/\/mueblesdetena.es\/ru_ru\/habitacion-de-bebe-claves-hasta-adolescencia\/#Los_anos_pasan_los_buenos_espacios_permanecen\" >Los a\u00f1os pasan; los buenos espacios permanecen<\/a><\/li><\/ul><\/nav><\/div>\n<h2 class=\"wp-block-heading\"><span class=\"ez-toc-section\" id=\"1_Empieza_por_la_distribucion_adulta_no_por_la_cuna\"><\/span>1. Empieza por la distribuci\u00f3n adulta, no por la cuna<span class=\"ez-toc-section-end\"><\/span><\/h2>\n\n\n\n<p class=\"has-medium-font-size wp-block-paragraph\">Antes de elegir colores o textiles, conviene mirar la habitaci\u00f3n de beb\u00e9 como si ya fuera un dormitorio juvenil. <strong>La cuna ser\u00e1 el primer mueble en desaparecer, as\u00ed que no deber\u00eda mandar sobre toda la distribuci\u00f3n<\/strong>. Lo importante es reservar desde el inicio el lugar de la futura cama.<\/p>\n\n\n\n<p class=\"has-medium-font-size wp-block-paragraph\">Ese ejercicio evita uno de los errores m\u00e1s habituales: organizar la estancia solo alrededor del beb\u00e9. La cuna queda bonita junto a una pared, la c\u00f3moda resulta pr\u00e1ctica cerca del cambiador y los auxiliares ocupan huecos libres. Pero, al crecer, todo puede bloquear una cama mayor o un armario c\u00f3modo.<\/p>\n\n\n\n<p class=\"has-medium-font-size wp-block-paragraph\">La planta debe pensarse con calma: <strong>pared larga para el descanso, paso despejado, puertas que abran bien, enchufes accesibles y luz natural aprovechada<\/strong>. En una habitaci\u00f3n de beb\u00e9 peque\u00f1a, esta previsi\u00f3n es a\u00fan m\u00e1s importante, porque cada cent\u00edmetro debe poder servir tambi\u00e9n cuando llegue la mesa de estudio.<\/p>\n\n\n\n<p class=\"has-medium-font-size wp-block-paragraph\"><strong>Si el espacio es reducido, las esquinas, las composiciones en L y las soluciones compactas permiten ganar continuidad<\/strong> sin recargar. La clave est\u00e1 en no comprar muebles antes de entender la planta. Una habitaci\u00f3n de beb\u00e9 bien distribuida no se improvisa: se dibuja pensando en todas sus etapas.<\/p>\n\n\n\n<div style=\"height:25px\" aria-hidden=\"true\" class=\"wp-block-spacer\"><\/div>\n\n\n\n<h2 class=\"wp-block-heading\"><span class=\"ez-toc-section\" id=\"2_El_armario_debe_ser_definitivo_desde_el_primer_dia\"><\/span>2. El armario debe ser definitivo desde el primer d\u00eda<span class=\"ez-toc-section-end\"><\/span><\/h2>\n\n\n\n<p class=\"has-medium-font-size wp-block-paragraph\">En una habitaci\u00f3n de beb\u00e9 es f\u00e1cil pensar que cualquier armario servir\u00e1 durante los primeros a\u00f1os. Al fin y al cabo, la ropa ocupa poco espacio y las necesidades parecen limitadas. Sin embargo, esta sensaci\u00f3n dura muy poco. <strong>En apenas unos a\u00f1os se multiplican las prendas<\/strong>, los cambios de temporada, las mantas, las s\u00e1banas y los accesorios cotidianos.<\/p>\n\n\n\n<p class=\"has-medium-font-size wp-block-paragraph\">A medida que los ni\u00f1os crecen, tambi\u00e9n lo hacen las exigencias de almacenaje. A la ropa diaria se suman uniformes, equipaciones deportivas, abrigos, zapatos, mochilas y todo tipo de complementos. Por eso, al dise\u00f1ar una habitaci\u00f3n de beb\u00e9 <strong>resulta mucho m\u00e1s inteligente elegir desde el principio un armario con capacidad suficiente para responder a necesidades futuras<\/strong> sin quedarse peque\u00f1o demasiado pronto.<\/p>\n\n\n\n<p class=\"has-medium-font-size wp-block-paragraph\">La clave est\u00e1 en apostar por un dise\u00f1o atemporal y vers\u00e1til.<strong> Un <a href=\"https:\/\/mueblesdetena.es\/ru_ru\/armarios\/?_gl=1*1y9pxcd*_up*MQ..*_gs*MQ..&amp;gclid=Cj0KCQjwrs7RBhDuARIsAIVfBD330E-wejzHhPeTUAnlDkiCTGgPxSC_9gSUXJJ9Jjc25_REw5c9igoaAp48EALw_wcB\">armario<\/a> de l\u00edneas neutras puede acompa\u00f1ar con naturalidad todas las etapas, desde los primeros meses hasta la adolescencia<\/strong>. Adem\u00e1s, conviene priorizar interiores flexibles con barras regulables, baldas m\u00f3viles, cajones organizadores o altillos que permitan adaptar el espacio seg\u00fan cambien las necesidades de uso con el paso del tiempo.<\/p>\n\n\n\n<p class=\"has-medium-font-size wp-block-paragraph\">Un buen armario evoluciona sin necesidad de sustituirse. <strong>Durante los primeros a\u00f1os puede destinar m\u00e1s espacio a ropa doblada y peque\u00f1os accesorios; m\u00e1s adelante, reorganizarse para incorporar prendas m\u00e1s largas y mayor capacidad<\/strong>. En una habitaci\u00f3n de beb\u00e9 bien planificada, el armario deja de ser un mueble temporal para convertirse en una de las piezas m\u00e1s duraderas y estrat\u00e9gicas del conjunto.<\/p>\n\n\n\n<div style=\"height:25px\" aria-hidden=\"true\" class=\"wp-block-spacer\"><\/div>\n\n\n\n<figure class=\"wp-block-image size-full\"><img fetchpriority=\"high\" decoding=\"async\" width=\"2560\" height=\"1440\" src=\"https:\/\/mueblesdetena.es\/wp-content\/uploads\/2026\/06\/habitacion-bebe-crece-2.jpg\" alt=\"habitaci\u00f3n de beb\u00e9\" class=\"wp-image-46926\" srcset=\"https:\/\/mueblesdetena.es\/wp-content\/uploads\/2026\/06\/habitacion-bebe-crece-2.jpg 2560w, https:\/\/mueblesdetena.es\/wp-content\/uploads\/2026\/06\/habitacion-bebe-crece-2-300x169.jpg 300w, https:\/\/mueblesdetena.es\/wp-content\/uploads\/2026\/06\/habitacion-bebe-crece-2-1024x576.jpg 1024w, https:\/\/mueblesdetena.es\/wp-content\/uploads\/2026\/06\/habitacion-bebe-crece-2-768x432.jpg 768w, https:\/\/mueblesdetena.es\/wp-content\/uploads\/2026\/06\/habitacion-bebe-crece-2-1536x864.jpg 1536w, https:\/\/mueblesdetena.es\/wp-content\/uploads\/2026\/06\/habitacion-bebe-crece-2-2048x1152.jpg 2048w, https:\/\/mueblesdetena.es\/wp-content\/uploads\/2026\/06\/habitacion-bebe-crece-2-600x338.jpg 600w\" sizes=\"(max-width: 2560px) 100vw, 2560px\" \/><\/figure>\n\n\n\n<div style=\"height:25px\" aria-hidden=\"true\" class=\"wp-block-spacer\"><\/div>\n\n\n\n<h2 class=\"wp-block-heading\"><span class=\"ez-toc-section\" id=\"3_Elige_una_cama_que_tenga_segunda_vida\"><\/span>3. Elige una cama que tenga segunda vida<span class=\"ez-toc-section-end\"><\/span><\/h2>\n\n\n\n<p class=\"has-medium-font-size wp-block-paragraph\">La elecci\u00f3n de la cama es una de las decisiones que m\u00e1s influye en la capacidad de una habitaci\u00f3n para evolucionar con el paso de los a\u00f1os. Al planificar una habitaci\u00f3n de beb\u00e9, resulta tentador centrarse \u00fanicamente en la transici\u00f3n desde la cuna, pero la verdadera clave est\u00e1 en escoger una pieza capaz de responder a necesidades futuras.<\/p>\n\n\n\n<p class=\"has-medium-font-size wp-block-paragraph\">Una <strong>cama individual sencilla<\/strong> puede cumplir su funci\u00f3n, aunque existen alternativas con un recorrido mucho m\u00e1s amplio. Las <strong>camas nido<\/strong>, por ejemplo, incorporan una segunda plaza oculta que resulta especialmente pr\u00e1ctica cuando llegan visitas o cuando la habitaci\u00f3n debe adaptarse temporalmente a nuevas din\u00e1micas familiares sin alterar la distribuci\u00f3n general del dormitorio.<\/p>\n\n\n\n<p class=\"has-medium-font-size wp-block-paragraph\">En espacios donde cada metro cuenta, las <strong>camas compactas con cajones integrados<\/strong> ofrecen una soluci\u00f3n especialmente interesante. Adem\u00e1s de mantener una est\u00e9tica ordenada y ligera, permiten aprovechar el volumen inferior sin necesidad de a\u00f1adir nuevas piezas de mobiliario. En una habitaci\u00f3n de beb\u00e9 concebida para durar, este tipo de soluciones aporta una gran versatilidad.<\/p>\n\n\n\n<p class=\"has-medium-font-size wp-block-paragraph\">Tambi\u00e9n <strong>existen composiciones m\u00e1s completas que combinan cama, estantes, m\u00f3dulos auxiliares e incluso zona de estudio en un \u00fanico conjunto<\/strong>. Estas propuestas suelen funcionar especialmente bien en dormitorios peque\u00f1os, donde cada elemento debe justificar su presencia. La cama deja as\u00ed de ser \u00fanicamente un lugar de descanso para convertirse en una pieza estrat\u00e9gica dentro del proyecto decorativo.<\/p>\n\n\n\n<div style=\"height:25px\" aria-hidden=\"true\" class=\"wp-block-spacer\"><\/div>\n\n\n\n<h2 class=\"wp-block-heading\"><span class=\"ez-toc-section\" id=\"4_Crea_una_base_neutra_pero_no_una_habitacion_fria\"><\/span>4. Crea una base neutra, pero no una habitaci\u00f3n fr\u00eda<span class=\"ez-toc-section-end\"><\/span><\/h2>\n\n\n\n<p class=\"has-medium-font-size wp-block-paragraph\">Una habitaci\u00f3n de beb\u00e9 con vocaci\u00f3n de futuro no necesita renunciar a la calidez. La clave est\u00e1 en elegir <strong>una base serena, capaz de acompa\u00f1ar distintas etapas sin parecer provisional<\/strong>. No se trata de llenarlo todo de blanco, sino de crear un fondo equilibrado, amable y f\u00e1cil de transformar.<\/p>\n\n\n\n<p class=\"has-medium-font-size wp-block-paragraph\">Los <strong>muebles en blanco roto, madera clara, arena, beige, lino, gris suave o piedra funcionan<\/strong> porque no pertenecen a una edad concreta. En una habitaci\u00f3n de beb\u00e9 aportan calma; a\u00f1os despu\u00e9s, siguen encajando en un dormitorio infantil o juvenil si el conjunto mantiene proporci\u00f3n, textura y naturalidad.<\/p>\n\n\n\n<p class=\"has-medium-font-size wp-block-paragraph\"><strong><mark style=\"background-color:rgba(0, 0, 0, 0)\" class=\"has-inline-color has-ast-global-color-0-color\">Conviene evitar decisiones demasiado cerradas: camas con formas de casita, frentes con dibujos, tiradores muy infantiles o colores intensos<\/mark><\/strong> en muebles principales. Lo que en los primeros a\u00f1os parece encantador puede cansar pronto y obligar a sustituir piezas que todav\u00eda est\u00e1n en buen estado.<\/p>\n\n\n\n<p class=\"has-medium-font-size wp-block-paragraph\">Una base neutra no significa una habitaci\u00f3n sin alma. Significa reservar los muebles importantes para un lenguaje m\u00e1s duradero y dejar que el car\u00e1cter evolucione en elementos f\u00e1ciles de renovar. As\u00ed, la habitaci\u00f3n de beb\u00e9 conserva ternura al principio y puede ganar madurez sin perder coherencia.<\/p>\n\n\n\n<div style=\"height:25px\" aria-hidden=\"true\" class=\"wp-block-spacer\"><\/div>\n\n\n\n<h2 class=\"wp-block-heading\"><span class=\"ez-toc-section\" id=\"5_Reserva_desde_el_principio_la_futura_zona_de_estudio\"><\/span>5. Reserva desde el principio la futura zona de estudio<span class=\"ez-toc-section-end\"><\/span><\/h2>\n\n\n\n<p class=\"has-medium-font-size wp-block-paragraph\">En una habitaci\u00f3n de beb\u00e9 no hace falta colocar un escritorio desde el primer d\u00eda, pero s\u00ed conviene reservar el lugar que ocupar\u00e1 m\u00e1s adelante. <strong>Ese rinc\u00f3n puede empezar como zona de lactancia, cambiador o peque\u00f1a biblioteca<\/strong>, siempre con la idea de que alg\u00fan d\u00eda ser\u00e1 un espacio de trabajo c\u00f3modo.<\/p>\n\n\n\n<p class=\"has-medium-font-size wp-block-paragraph\"><strong>La luz natural debe guiar esta decisi\u00f3n<\/strong>. Si la habitaci\u00f3n lo permite, la futura mesa deber\u00eda situarse cerca de la ventana, pero evitando reflejos directos o deslumbramientos. Una buena orientaci\u00f3n facilitar\u00e1 la lectura, el dibujo y las primeras tareas sin convertir el estudio en un rinc\u00f3n oscuro o forzado.<\/p>\n\n\n\n<p class=\"has-medium-font-size wp-block-paragraph\">Tambi\u00e9n es importante prever la parte t\u00e9cnica: <strong>enchufes accesibles, punto para una <a href=\"https:\/\/www.lamparayluz.es\/iluminacion-interior\/lamparas-de-mesa\/f\/lamparas-de-escritorio-despacho-oficina\" target=\"_blank\" rel=\"noopener\">l\u00e1mpara de trabajo<\/a>, espacio para una silla ergon\u00f3mica, una cajonera y alguna estanter\u00eda cercana<\/strong>. En una habitaci\u00f3n de beb\u00e9 bien pensada, estos detalles no se improvisan, se dejan preparados para que el dormitorio evolucione con naturalidad.<\/p>\n\n\n\n<p class=\"has-medium-font-size wp-block-paragraph\"><strong><mark style=\"background-color:rgba(0, 0, 0, 0)\" class=\"has-inline-color has-ast-global-color-0-color\">Cuando el escritorio aparece a \u00faltima hora, suele romper la armon\u00eda del conjunto<\/mark><\/strong>: bloquea pasos, tapa armarios o queda mal iluminado. Reservar su espacio desde el inicio permite que la futura zona de estudio forme parte del dormitorio y acompa\u00f1e con orden la concentraci\u00f3n, los deberes y el trabajo diario.<\/p>\n\n\n\n<div style=\"height:25px\" aria-hidden=\"true\" class=\"wp-block-spacer\"><\/div>\n\n\n\n<figure class=\"wp-block-image size-full\"><img decoding=\"async\" width=\"2560\" height=\"1440\" src=\"https:\/\/mueblesdetena.es\/wp-content\/uploads\/2026\/06\/habitacion-bebe-crece-3.jpg\" alt=\"habitaci\u00f3n de beb\u00e9\" class=\"wp-image-46927\" srcset=\"https:\/\/mueblesdetena.es\/wp-content\/uploads\/2026\/06\/habitacion-bebe-crece-3.jpg 2560w, https:\/\/mueblesdetena.es\/wp-content\/uploads\/2026\/06\/habitacion-bebe-crece-3-300x169.jpg 300w, https:\/\/mueblesdetena.es\/wp-content\/uploads\/2026\/06\/habitacion-bebe-crece-3-1024x576.jpg 1024w, https:\/\/mueblesdetena.es\/wp-content\/uploads\/2026\/06\/habitacion-bebe-crece-3-768x432.jpg 768w, https:\/\/mueblesdetena.es\/wp-content\/uploads\/2026\/06\/habitacion-bebe-crece-3-1536x864.jpg 1536w, https:\/\/mueblesdetena.es\/wp-content\/uploads\/2026\/06\/habitacion-bebe-crece-3-2048x1152.jpg 2048w, https:\/\/mueblesdetena.es\/wp-content\/uploads\/2026\/06\/habitacion-bebe-crece-3-600x338.jpg 600w\" sizes=\"(max-width: 2560px) 100vw, 2560px\" \/><\/figure>\n\n\n\n<div style=\"height:25px\" aria-hidden=\"true\" class=\"wp-block-spacer\"><\/div>\n\n\n\n<h2 class=\"wp-block-heading\"><span class=\"ez-toc-section\" id=\"6_El_almacenaje_debe_cambiar_por_dentro_no_por_fuera\"><\/span>6. El almacenaje debe cambiar por dentro, no por fuera<span class=\"ez-toc-section-end\"><\/span><\/h2>\n\n\n\n<p class=\"has-medium-font-size wp-block-paragraph\">El orden que funciona de verdad en una habitaci\u00f3n de beb\u00e9 <strong>no depende de a\u00f1adir muebles cada pocos a\u00f1os, sino de distinguir entre lo fijo y lo cotidiano<\/strong>. El armario guarda la ropa principal; el resto necesita soluciones flexibles para pa\u00f1ales, mantas, cuentos, juguetes, material escolar o peque\u00f1os objetos cambiantes.<\/p>\n\n\n\n<p class=\"has-medium-font-size wp-block-paragraph\">Durante los primeros meses, conviene que todo est\u00e9 a mano: muselinas, productos de higiene, ropa de cama y juguetes blandos. M\u00e1s adelante, ese mismo espacio debe admitir cuentos, piezas peque\u00f1as, disfraces o mochilas. <strong>La clave est\u00e1 en que los interiores cambien de uso sin alterar la composici\u00f3n exterior<\/strong>.<\/p>\n\n\n\n<p class=\"has-medium-font-size wp-block-paragraph\">Por eso, <strong>antes que sumar muebles auxiliares sin criterio, interesa trabajar con m\u00f3dulos altos, estanter\u00edas abiertas y cerradas, arcones discretos, cajas interiores y contenedores extra\u00edbles<\/strong>. En una habitaci\u00f3n de beb\u00e9 pensada para crecer, cada hueco debe tener margen para transformarse sin romper la calma visual del dormitorio.<\/p>\n\n\n\n<p class=\"has-medium-font-size wp-block-paragraph\">Cuando llega la <a href=\"https:\/\/mueblesdetena.es\/ru_ru\/composiciones-juveniles\/?_gl=1*q3urac*_up*MQ..*_gs*MQ..&amp;gclid=Cj0KCQjwrs7RBhDuARIsAIVfBD330E-wejzHhPeTUAnlDkiCTGgPxSC_9gSUXJJ9Jjc25_REw5c9igoaAp48EALw_wcB\">adolescencia<\/a>, el contenido vuelve a cambiar: aparecen libros, apuntes, tecnolog\u00eda, ropa deportiva, accesorios y aficiones propias. <strong>Si la estructura estaba bien planteada, solo har\u00e1 falta reorganizar interiores<\/strong>. El dormitorio seguir\u00e1 siendo ordenado, actual y pr\u00e1ctico, aunque lo que guarda dentro ya no tenga nada de infantil.<\/p>\n\n\n\n<div style=\"height:25px\" aria-hidden=\"true\" class=\"wp-block-spacer\"><\/div>\n\n\n\n<h2 class=\"wp-block-heading\"><span class=\"ez-toc-section\" id=\"7_Deja_la_personalidad_para_lo_facil_de_cambiar\"><\/span>7. Deja la personalidad para lo f\u00e1cil de cambiar<span class=\"ez-toc-section-end\"><\/span><\/h2>\n\n\n\n<p class=\"has-medium-font-size wp-block-paragraph\"><strong>Los gustos cambian mucho antes que las necesidades de uso<\/strong>. En una habitaci\u00f3n de beb\u00e9 pueden apetecer animales, tonos dulces o detalles de cuento; unos a\u00f1os despu\u00e9s, colores vivos; y, m\u00e1s adelante, una est\u00e9tica m\u00e1s sobria, musical, deportiva o tecnol\u00f3gica. Por eso conviene no fijar esa personalidad en piezas dif\u00edciles de sustituir.<\/p>\n\n\n\n<p class=\"has-medium-font-size wp-block-paragraph\"><strong>La forma m\u00e1s inteligente de dar car\u00e1cter est\u00e1 en las capas reversibles<\/strong>: fundas n\u00f3rdicas, cojines, cortinas, alfombras, l\u00e1minas, cuadros, l\u00e1mparas, tiradores o peque\u00f1as estanter\u00edas decorativas. Son elementos con presencia visual, pero f\u00e1ciles de renovar cuando la habitaci\u00f3n de beb\u00e9 empieza a transformarse en un dormitorio infantil o juvenil.<\/p>\n\n\n\n<p class=\"has-medium-font-size wp-block-paragraph\"><strong>Tambi\u00e9n funcionan muy bien los recursos de impacto controlado<\/strong>, como una pared pintada en un color especial, vinilos f\u00e1ciles de retirar o una iluminaci\u00f3n ambiental que pueda cambiar de intensidad y tono. Aportan identidad sin condicionar toda la estancia y permiten adaptar el ambiente sin tocar la estructura principal del dormitorio.<\/p>\n\n\n\n<p class=\"has-medium-font-size wp-block-paragraph\">Esta estrategia da libertad sin perder coherencia. El ni\u00f1o puede reconocerse en su cuarto y el adolescente puede hacerlo suyo, elegir colores, objetos y estilo, pero sobre una base que sigue funcionando. As\u00ed, la habitaci\u00f3n de beb\u00e9 evoluciona sin obligar a cambiar cama, armario o escritorio cada vez que cambia su personalidad.<\/p>\n\n\n\n<div style=\"height:25px\" aria-hidden=\"true\" class=\"wp-block-spacer\"><\/div>\n\n\n\n<h2 class=\"wp-block-heading\"><span class=\"ez-toc-section\" id=\"Los_anos_pasan_los_buenos_espacios_permanecen\"><\/span>Los a\u00f1os pasan; los buenos espacios permanecen<span class=\"ez-toc-section-end\"><\/span><\/h2>\n\n\n\n<p class=\"has-medium-font-size wp-block-paragraph\">Una habitaci\u00f3n de beb\u00e9 evolutiva no renuncia a la ternura ni al encanto de los primeros a\u00f1os. Simplemente los ordena de otra manera. En lugar de apoyarse en soluciones pasajeras, parte de una base serena, c\u00e1lida y bien pensada, capaz de acompa\u00f1ar cada etapa sin perder equilibrio.<\/p>\n\n\n\n<p class=\"has-medium-font-size wp-block-paragraph\">La clave est\u00e1 en distinguir qu\u00e9 debe permanecer y qu\u00e9 puede transformarse. Armario, cama, composici\u00f3n, escritorio y almacenaje necesitan recorrido, proporci\u00f3n y calidad. Son las piezas que sostienen el dormitorio. La decoraci\u00f3n, en cambio, puede moverse con m\u00e1s libertad, adapt\u00e1ndose a gustos, edades y peque\u00f1as revoluciones personales.<\/p>\n\n\n\n<p class=\"has-medium-font-size wp-block-paragraph\">As\u00ed, la habitaci\u00f3n de beb\u00e9 deja de ser un espacio cerrado en una sola etapa para convertirse en un dormitorio vivo. Hoy puede acoger rutinas de descanso y cuidado; ma\u00f1ana, juegos, lectura y deberes; m\u00e1s adelante, estudio, aficiones y momentos de intimidad. Todo sin rehacerla desde cero.<\/p>\n\n\n\n<p class=\"has-medium-font-size wp-block-paragraph\">Por eso, elegir bien desde el principio marca la diferencia. En Muebles Detena, el asesoramiento especializado ayuda a encontrar composiciones juveniles, camas con almacenaje, armarios y soluciones adaptadas al espacio real. Porque cuando los muebles importantes est\u00e1n bien elegidos, la habitaci\u00f3n crece con naturalidad.<\/p>\n\n\n\n<p class=\"wp-block-paragraph\"><\/p>","protected":false},"excerpt":{"rendered":"<p>Cuando se prepara una habitaci\u00f3n de beb\u00e9, lo habitual es pensar en las necesidades inmediatas: una cuna c\u00f3moda, una zona para cambiar al peque\u00f1o y una decoraci\u00f3n pensada para sus primeros a\u00f1os. Sin embargo, el tiempo pasa m\u00e1s r\u00e1pido de lo que parece y muchas de esas decisiones dejan de encajar mucho antes de lo [&hellip;]<\/p>\n","protected":false},"author":618,"featured_media":46925,"comment_status":"closed","ping_status":"closed","sticky":false,"template":"","format":"standard","meta":{"site-sidebar-layout":"default","site-content-layout":"","ast-site-content-layout":"default","site-content-style":"default","site-sidebar-style":"default","ast-global-header-display":"","ast-banner-title-visibility":"","ast-main-header-display":"","ast-hfb-above-header-display":"","ast-hfb-below-header-display":"","ast-hfb-mobile-header-display":"","site-post-title":"","ast-breadcrumbs-content":"","ast-featured-img":"","footer-sml-layout":"","ast-disable-related-posts":"","theme-transparent-header-meta":"","adv-header-id-meta":"","stick-header-meta":"","header-above-stick-meta":"","header-main-stick-meta":"","header-below-stick-meta":"","astra-migrate-meta-layouts":"set","ast-page-background-enabled":"default","ast-page-background-meta":{"desktop":{"background-color":"var(--ast-global-color-4)","background-image":"","background-repeat":"repeat","background-position":"center center","background-size":"auto","background-attachment":"scroll","background-type":"","background-media":"","overlay-type":"","overlay-color":"","overlay-opacity":"","overlay-gradient":""},"tablet":{"background-color":"","background-image":"","background-repeat":"repeat","background-position":"center center","background-size":"auto","background-attachment":"scroll","background-type":"","background-media":"","overlay-type":"","overlay-color":"","overlay-opacity":"","overlay-gradient":""},"mobile":{"background-color":"","background-image":"","background-repeat":"repeat","background-position":"center center","background-size":"auto","background-attachment":"scroll","background-type":"","background-media":"","overlay-type":"","overlay-color":"","overlay-opacity":"","overlay-gradient":""}},"ast-content-background-meta":{"desktop":{"background-color":"var(--ast-global-color-5)","background-image":"","background-repeat":"repeat","background-position":"center center","background-size":"auto","background-attachment":"scroll","background-type":"","background-media":"","overlay-type":"","overlay-color":"","overlay-opacity":"","overlay-gradient":""},"tablet":{"background-color":"var(--ast-global-color-5)","background-image":"","background-repeat":"repeat","background-position":"center center","background-size":"auto","background-attachment":"scroll","background-type":"","background-media":"","overlay-type":"","overlay-color":"","overlay-opacity":"","overlay-gradient":""},"mobile":{"background-color":"var(--ast-global-color-5)","background-image":"","background-repeat":"repeat","background-position":"center center","background-size":"auto","background-attachment":"scroll","background-type":"","background-media":"","overlay-type":"","overlay-color":"","overlay-opacity":"","overlay-gradient":""}},"_joinchat":[],"footnotes":""},"categories":[1],"tags":[],"class_list":["post-46912","post","type-post","status-publish","format-standard","has-post-thumbnail","hentry","category-sin-categoria"],"_links":{"self":[{"href":"https:\/\/mueblesdetena.es\/ru_ru\/wp-json\/wp\/v2\/posts\/46912","targetHints":{"allow":["GET"]}}],"collection":[{"href":"https:\/\/mueblesdetena.es\/ru_ru\/wp-json\/wp\/v2\/posts"}],"about":[{"href":"https:\/\/mueblesdetena.es\/ru_ru\/wp-json\/wp\/v2\/types\/post"}],"author":[{"embeddable":true,"href":"https:\/\/mueblesdetena.es\/ru_ru\/wp-json\/wp\/v2\/users\/618"}],"replies":[{"embeddable":true,"href":"https:\/\/mueblesdetena.es\/ru_ru\/wp-json\/wp\/v2\/comments?post=46912"}],"version-history":[{"count":3,"href":"https:\/\/mueblesdetena.es\/ru_ru\/wp-json\/wp\/v2\/posts\/46912\/revisions"}],"predecessor-version":[{"id":47550,"href":"https:\/\/mueblesdetena.es\/ru_ru\/wp-json\/wp\/v2\/posts\/46912\/revisions\/47550"}],"wp:featuredmedia":[{"embeddable":true,"href":"https:\/\/mueblesdetena.es\/ru_ru\/wp-json\/wp\/v2\/media\/46925"}],"wp:attachment":[{"href":"https:\/\/mueblesdetena.es\/ru_ru\/wp-json\/wp\/v2\/media?parent=46912"}],"wp:term":[{"taxonomy":"category","embeddable":true,"href":"https:\/\/mueblesdetena.es\/ru_ru\/wp-json\/wp\/v2\/categories?post=46912"},{"taxonomy":"post_tag","embeddable":true,"href":"https:\/\/mueblesdetena.es\/ru_ru\/wp-json\/wp\/v2\/tags?post=46912"}],"curies":[{"name":"wp","href":"https:\/\/api.w.org\/{rel}","templated":true}]}}