{"id":47099,"date":"2026-06-28T06:36:24","date_gmt":"2026-06-28T04:36:24","guid":{"rendered":"https:\/\/mueblesdetena.es\/armarios-modulares-para-ganar-espacio\/"},"modified":"2026-06-28T06:36:24","modified_gmt":"2026-06-28T04:36:24","slug":"armarios-modulares-para-ganar-espacio","status":"publish","type":"post","link":"https:\/\/mueblesdetena.es\/ru_ru\/armarios-modulares-para-ganar-espacio\/","title":{"rendered":"Armarios modulares para ganar espacio"},"content":{"rendered":"<p>Cuando un dormitorio se queda corto de almacenaje, el problema no suele ser la ropa. Suele ser el mueble. Los armarios modulares destacan precisamente por eso: permiten ajustar el interior, el ancho, la altura y la distribuci\u00f3n a lo que realmente necesitas, sin obligarte a encajar tu d\u00eda a d\u00eda en una soluci\u00f3n cerrada.<\/p>\n<p>No todo el mundo guarda lo mismo ni vive igual. Hay quien necesita m\u00e1s barra para ropa larga, quien prefiere cajones para ropa doblada y quien busca un armario que aproveche una pared complicada, un rinc\u00f3n o una <a href=\"https:\/\/mueblesdetena.es\/ru_ru\/dormitorio-juvenil-lider-120\/\">habitaci\u00f3n juvenil<\/a> con poco fondo. Ah\u00ed es donde un sistema modular marca la diferencia. No compras solo un armario. Compras una forma m\u00e1s pr\u00e1ctica de organizar la casa.<\/p>\n<div id=\"ez-toc-container\" class=\"ez-toc-v2_0_85 counter-hierarchy ez-toc-counter ez-toc-grey ez-toc-container-direction\">\n<div class=\"ez-toc-title-container\">\n<p class=\"ez-toc-title\" style=\"cursor:inherit\">Table of Contents<\/p>\n<span class=\"ez-toc-title-toggle\"><a href=\"#\" class=\"ez-toc-pull-right ez-toc-btn ez-toc-btn-xs ez-toc-btn-default ez-toc-toggle\" aria-label=\"Toggle Table of Content\"><span class=\"ez-toc-js-icon-con\"><span class=\"\"><span class=\"eztoc-hide\" style=\"display:none;\">Toggle<\/span><span class=\"ez-toc-icon-toggle-span\"><svg style=\"fill: #999;color:#999\" xmlns=\"http:\/\/www.w3.org\/2000\/svg\" class=\"list-377408\" width=\"20px\" height=\"20px\" viewbox=\"0 0 24 24\" fill=\"none\"><path d=\"M6 6H4v2h2V6zm14 0H8v2h12V6zM4 11h2v2H4v-2zm16 0H8v2h12v-2zM4 16h2v2H4v-2zm16 0H8v2h12v-2z\" fill=\"currentColor\"><\/path><\/svg><svg style=\"fill: #999;color:#999\" class=\"arrow-unsorted-368013\" xmlns=\"http:\/\/www.w3.org\/2000\/svg\" width=\"10px\" height=\"10px\" viewbox=\"0 0 24 24\" version=\"1.2\" baseprofile=\"tiny\"><path d=\"M18.2 9.3l-6.2-6.3-6.2 6.3c-.2.2-.3.4-.3.7s.1.5.3.7c.2.2.4.3.7.3h11c.3 0 .5-.1.7-.3.2-.2.3-.5.3-.7s-.1-.5-.3-.7zM5.8 14.7l6.2 6.3 6.2-6.3c.2-.2.3-.5.3-.7s-.1-.5-.3-.7c-.2-.2-.4-.3-.7-.3h-11c-.3 0-.5.1-.7.3-.2.2-.3.5-.3.7s.1.5.3.7z\"\/><\/svg><\/span><\/span><\/span><\/a><\/span><\/div>\n<nav><ul class='ez-toc-list ez-toc-list-level-1' ><li class='ez-toc-page-1 ez-toc-heading-level-2'><a class=\"ez-toc-link ez-toc-heading-1\" href=\"https:\/\/mueblesdetena.es\/ru_ru\/armarios-modulares-para-ganar-espacio\/#Por_que_los_armarios_modulares_funcionan_tan_bien\" >Por qu\u00e9 los armarios modulares funcionan tan bien<\/a><\/li><li class='ez-toc-page-1 ez-toc-heading-level-2'><a class=\"ez-toc-link ez-toc-heading-2\" href=\"https:\/\/mueblesdetena.es\/ru_ru\/armarios-modulares-para-ganar-espacio\/#Que_mirar_antes_de_comprar_armarios_modulares\" >Qu\u00e9 mirar antes de comprar armarios modulares<\/a><\/li><li class='ez-toc-page-1 ez-toc-heading-level-2'><a class=\"ez-toc-link ez-toc-heading-3\" href=\"https:\/\/mueblesdetena.es\/ru_ru\/armarios-modulares-para-ganar-espacio\/#Como_acertar_con_la_distribucion_interior\" >C\u00f3mo acertar con la distribuci\u00f3n interior<\/a><\/li><li class='ez-toc-page-1 ez-toc-heading-level-2'><a class=\"ez-toc-link ez-toc-heading-4\" href=\"https:\/\/mueblesdetena.es\/ru_ru\/armarios-modulares-para-ganar-espacio\/#Armarios_modulares_en_dormitorios_pequenos\" >Armarios modulares en dormitorios peque\u00f1os<\/a><\/li><li class='ez-toc-page-1 ez-toc-heading-level-2'><a class=\"ez-toc-link ez-toc-heading-5\" href=\"https:\/\/mueblesdetena.es\/ru_ru\/armarios-modulares-para-ganar-espacio\/#Cuando_compensa_pedir_asesoramiento\" >Cu\u00e1ndo compensa pedir asesoramiento<\/a><\/li><li class='ez-toc-page-1 ez-toc-heading-level-2'><a class=\"ez-toc-link ez-toc-heading-6\" href=\"https:\/\/mueblesdetena.es\/ru_ru\/armarios-modulares-para-ganar-espacio\/#Precio_calidad_y_uso_diario\" >Precio, calidad y uso diario<\/a><\/li><li class='ez-toc-page-1 ez-toc-heading-level-2'><a class=\"ez-toc-link ez-toc-heading-7\" href=\"https:\/\/mueblesdetena.es\/ru_ru\/armarios-modulares-para-ganar-espacio\/#El_armario_adecuado_no_es_el_mas_grande\" >El armario adecuado no es el m\u00e1s grande<\/a><\/li><\/ul><\/nav><\/div>\n<h2><span class=\"ez-toc-section\" id=\"Por_que_los_armarios_modulares_funcionan_tan_bien\"><\/span>Por qu\u00e9 los armarios modulares funcionan tan bien<span class=\"ez-toc-section-end\"><\/span><\/h2>\n<p>La principal ventaja est\u00e1 en la flexibilidad. Un armario tradicional viene definido desde f\u00e1brica y, si no encaja del todo, toca adaptarse. Con un modelo modular ocurre al rev\u00e9s. Se parte del espacio real y del uso que va a tener el mueble. Eso permite afinar mejor tanto por fuera como por dentro.<\/p>\n<p>En viviendas urbanas, donde cada metro cuenta, esto se nota mucho. Un armario puede necesitar puertas correderas para no invadir el paso, m\u00e1s altillo para guardar ropa de otra temporada o una combinaci\u00f3n mixta de estantes y barras porque comparten uso dos personas con h\u00e1bitos distintos. Cuando el mueble se adapta a la estancia, la habitaci\u00f3n respira mejor y el almacenaje deja de ser una fuente diaria de desorden.<\/p>\n<p>Tambi\u00e9n hay una cuesti\u00f3n de futuro. Un sistema modular suele dar m\u00e1s margen para reconfigurar el interior si cambian las necesidades. No es lo mismo amueblar una primera vivienda que reorganizar un dormitorio tras la llegada de un hijo, una mudanza o una reforma. Elegir bien desde el principio evita quedarse corto demasiado pronto.<\/p>\n<h2><span class=\"ez-toc-section\" id=\"Que_mirar_antes_de_comprar_armarios_modulares\"><\/span>Qu\u00e9 mirar antes de comprar armarios modulares<span class=\"ez-toc-section-end\"><\/span><\/h2>\n<p>Medir bien es el primer filtro, pero no el \u00fanico. Importa el ancho disponible, claro, aunque tambi\u00e9n la altura \u00fatil, el fondo real y el espacio de apertura. En muchos dormitorios, el error no est\u00e1 en comprar un armario demasiado grande, sino en no prever c\u00f3mo se usan las puertas, cu\u00e1nto margen queda al lado de la cama o si el paso resulta c\u00f3modo.<\/p>\n<p>Despu\u00e9s viene el uso. Si la mayor parte de tu ropa va colgada, necesitas m\u00e1s barra y menos estante. Si compartes armario, conviene pensar en zonas separadas para evitar mezclarlo todo. Y si el dormitorio tiene pocos cajones en el resto del mobiliario, el interior del armario debe compensarlo. Un buen dise\u00f1o interior ahorra tiempo cada ma\u00f1ana y reduce la sensaci\u00f3n de saturaci\u00f3n.<\/p>\n<p>El tipo de puerta tambi\u00e9n cambia mucho la experiencia. Las puertas abatibles permiten ver mejor el interior de golpe y suelen gustar a quien valora un acceso total. Las correderas son muy pr\u00e1cticas en habitaciones estrechas o con la cama cerca. No hay una opci\u00f3n universalmente mejor. Depende del espacio y de c\u00f3mo te muevas en la habitaci\u00f3n.<\/p>\n<p>El acabado cuenta, pero sin perder de vista lo importante. Un <a href=\"https:\/\/mueblesdetena.es\/ru_ru\/colores-en-decoracion\/\">color claro<\/a> puede aligerar visualmente el dormitorio y ayudar en estancias peque\u00f1as. Un tono madera aporta calidez. Un frente con espejo suma amplitud visual y adem\u00e1s resuelve una necesidad pr\u00e1ctica. Lo recomendable es que la est\u00e9tica acompa\u00f1e al uso, no que lo complique.<\/p>\n<h2><span class=\"ez-toc-section\" id=\"Como_acertar_con_la_distribucion_interior\"><\/span>C\u00f3mo acertar con la distribuci\u00f3n interior<span class=\"ez-toc-section-end\"><\/span><\/h2>\n<p>Aqu\u00ed es donde un armario modular demuestra si de verdad merece la pena. Por fuera puede parecer similar a otros, pero el interior es lo que determina si funciona bien o acaba siendo un mueble bonito y poco \u00fatil.<\/p>\n<p>Para ropa larga, hacen falta barras con altura suficiente. Para camisetas, jers\u00e9is o vaqueros, los estantes deben tener una separaci\u00f3n c\u00f3moda, no excesiva. Los cajones son muy \u00fatiles para ropa interior, accesorios o prendas peque\u00f1as que se pierden con facilidad. El altillo es perfecto para maletas, mantas o textiles de uso ocasional, siempre que no se convierta en un almac\u00e9n imposible de gestionar.<\/p>\n<p>Conviene evitar un error frecuente: llenar el interior de demasiados elementos \u201cpor si acaso\u201d. Cuantas m\u00e1s divisiones innecesarias, menos margen de uso real. A veces una composici\u00f3n sencilla, bien pensada, resulta m\u00e1s c\u00f3moda que un interior recargado. Lo ideal es buscar equilibrio entre orden y versatilidad.<\/p>\n<p>Si el armario va en una habitaci\u00f3n juvenil o infantil, el planteamiento cambia un poco. La ropa suele ser m\u00e1s peque\u00f1a, pero tambi\u00e9n hay mochilas, juguetes, ropa de cama o material escolar. En estos casos funciona bien combinar zona de colgar, baldas accesibles y cajones resistentes. Si adem\u00e1s la habitaci\u00f3n es compartida, modular el interior por zonas ayuda mucho a mantener el orden sin discusiones diarias.<\/p>\n<h2><span class=\"ez-toc-section\" id=\"Armarios_modulares_en_dormitorios_pequenos\"><\/span>Armarios modulares en dormitorios peque\u00f1os<span class=\"ez-toc-section-end\"><\/span><\/h2>\n<p>Cuando el espacio aprieta, cada decisi\u00f3n pesa m\u00e1s. Un armario demasiado profundo puede robar circulaci\u00f3n. Uno demasiado bajo desaprovecha pared \u00fatil. Y uno mal distribuido obliga a usar c\u00f3modas o muebles auxiliares que terminan ocupando m\u00e1s de la cuenta.<\/p>\n<p>En habitaciones peque\u00f1as, las puertas correderas suelen ser una apuesta segura. Permiten acercar m\u00e1s la cama o dejar libre una zona de paso sin renunciar a capacidad. Tambi\u00e9n interesa aprovechar la altura completa, sobre todo si el techo lo permite. Un armario alto con buena zona de altillo ofrece mucho almacenaje extra sin ocupar m\u00e1s superficie en planta.<\/p>\n<p>Otra clave est\u00e1 en no obsesionarse con meter de todo dentro. El armario debe resolver una necesidad concreta de forma eficiente. Si se intenta convertir en zapatero, maletero, cajonera, perchero y mueble multiusos a la vez, es f\u00e1cil que pierda funcionalidad. En pisos peque\u00f1os, la organizaci\u00f3n funciona mejor cuando cada mueble tiene una misi\u00f3n clara.<\/p>\n<h2><span class=\"ez-toc-section\" id=\"Cuando_compensa_pedir_asesoramiento\"><\/span>Cu\u00e1ndo compensa pedir asesoramiento<span class=\"ez-toc-section-end\"><\/span><\/h2>\n<p>Hay compras que se resuelven r\u00e1pido y otras en las que merece la pena parar cinco minutos m\u00e1s. Los armarios modulares entran en la segunda categor\u00eda. No porque sean complicados, sino porque una peque\u00f1a decisi\u00f3n mal tomada se nota durante a\u00f1os.<\/p>\n<p>Si la pared tiene una medida poco habitual, si hay radiadores, columnas, techos inclinados o si el armario debe convivir con una <a href=\"https:\/\/mueblesdetena.es\/ru_ru\/cama-abatible-con-mesa-estudio\/\">cama abatible<\/a>, un canap\u00e9 o una composici\u00f3n juvenil, el asesoramiento ayuda mucho. Tambi\u00e9n cuando dudas entre varias distribuciones interiores o no sabes si te conviene m\u00e1s una soluci\u00f3n compacta o una composici\u00f3n por m\u00f3dulos independientes.<\/p>\n<p>En una tienda especializada como Muebles Detena, ese acompa\u00f1amiento tiene sentido porque parte de necesidades reales: ganar espacio, ordenar mejor, no pagar de m\u00e1s y encontrar una soluci\u00f3n que encaje en la vivienda y en el presupuesto. Para muchos clientes, eso acelera la decisi\u00f3n y evita errores que luego salen caros.<\/p>\n<h2><span class=\"ez-toc-section\" id=\"Precio_calidad_y_uso_diario\"><\/span>Precio, calidad y uso diario<span class=\"ez-toc-section-end\"><\/span><\/h2>\n<p>El precio importa, y mucho. Pero en armarios conviene mirar algo m\u00e1s que la cifra final. Un modelo econ\u00f3mico puede ser una buena compra si responde bien al uso previsto y tiene una distribuci\u00f3n l\u00f3gica. Del mismo modo, pagar m\u00e1s solo por est\u00e9tica no siempre compensa si el interior no resuelve lo que necesitas.<\/p>\n<p>Lo razonable es buscar una relaci\u00f3n equilibrada entre capacidad, materiales, herrajes y configuraci\u00f3n. Si el armario se va a usar a diario por dos personas, la exigencia ser\u00e1 mayor que en un cuarto de invitados. Si el objetivo es amueblar una primera vivienda con presupuesto ajustado, quiz\u00e1 tenga m\u00e1s sentido priorizar una composici\u00f3n funcional y dejar ciertos extras para m\u00e1s adelante.<\/p>\n<p>Tambi\u00e9n conviene valorar los servicios que acompa\u00f1an la compra. La financiaci\u00f3n, la entrega r\u00e1pida, el pago seguro o la posibilidad de solicitar presupuesto aportan tranquilidad, sobre todo cuando se est\u00e1 amueblando varias estancias a la vez. No son detalles menores. Forman parte de una compra m\u00e1s c\u00f3moda y m\u00e1s clara.<\/p>\n<h2><span class=\"ez-toc-section\" id=\"El_armario_adecuado_no_es_el_mas_grande\"><\/span>El armario adecuado no es el m\u00e1s grande<span class=\"ez-toc-section-end\"><\/span><\/h2>\n<p>Hay quien entra buscando \u201cmucho armario\u201d y sale descubriendo que lo que necesitaba era un armario mejor pensado. No siempre gana el modelo m\u00e1s ancho ni el m\u00e1s aparatoso. Gana el que aprovecha bien la pared, encaja con el dormitorio y hace m\u00e1s f\u00e1cil guardar, encontrar y mantener el orden.<\/p>\n<p>Por eso los armarios modulares siguen siendo una de las opciones m\u00e1s pr\u00e1cticas para dormitorios de matrimonio, habitaciones juveniles y viviendas donde cada metro debe rendir de verdad. Si eliges con criterio, no solo ganas almacenaje. Ganas comodidad diaria, mejor distribuci\u00f3n y una casa que funciona mejor para ti.<\/p>","protected":false},"excerpt":{"rendered":"<p>Descubre c\u00f3mo elegir armarios modulares para aprovechar mejor cada metro, ganar orden y adaptar el almacenaje a tu dormitorio o vestidor.<\/p>","protected":false},"author":0,"featured_media":47100,"comment_status":"","ping_status":"","sticky":false,"template":"","format":"standard","meta":{"site-sidebar-layout":"default","site-content-layout":"","ast-site-content-layout":"default","site-content-style":"default","site-sidebar-style":"default","ast-global-header-display":"","ast-banner-title-visibility":"","ast-main-header-display":"","ast-hfb-above-header-display":"","ast-hfb-below-header-display":"","ast-hfb-mobile-header-display":"","site-post-title":"","ast-breadcrumbs-content":"","ast-featured-img":"","footer-sml-layout":"","ast-disable-related-posts":"","theme-transparent-header-meta":"","adv-header-id-meta":"","stick-header-meta":"","header-above-stick-meta":"","header-main-stick-meta":"","header-below-stick-meta":"","astra-migrate-meta-layouts":"default","ast-page-background-enabled":"default","ast-page-background-meta":{"desktop":{"background-color":"var(--ast-global-color-4)","background-image":"","background-repeat":"repeat","background-position":"center center","background-size":"auto","background-attachment":"scroll","background-type":"","background-media":"","overlay-type":"","overlay-color":"","overlay-opacity":"","overlay-gradient":""},"tablet":{"background-color":"","background-image":"","background-repeat":"repeat","background-position":"center center","background-size":"auto","background-attachment":"scroll","background-type":"","background-media":"","overlay-type":"","overlay-color":"","overlay-opacity":"","overlay-gradient":""},"mobile":{"background-color":"","background-image":"","background-repeat":"repeat","background-position":"center center","background-size":"auto","background-attachment":"scroll","background-type":"","background-media":"","overlay-type":"","overlay-color":"","overlay-opacity":"","overlay-gradient":""}},"ast-content-background-meta":{"desktop":{"background-color":"var(--ast-global-color-5)","background-image":"","background-repeat":"repeat","background-position":"center center","background-size":"auto","background-attachment":"scroll","background-type":"","background-media":"","overlay-type":"","overlay-color":"","overlay-opacity":"","overlay-gradient":""},"tablet":{"background-color":"var(--ast-global-color-5)","background-image":"","background-repeat":"repeat","background-position":"center center","background-size":"auto","background-attachment":"scroll","background-type":"","background-media":"","overlay-type":"","overlay-color":"","overlay-opacity":"","overlay-gradient":""},"mobile":{"background-color":"var(--ast-global-color-5)","background-image":"","background-repeat":"repeat","background-position":"center center","background-size":"auto","background-attachment":"scroll","background-type":"","background-media":"","overlay-type":"","overlay-color":"","overlay-opacity":"","overlay-gradient":""}},"_joinchat":[],"footnotes":""},"categories":[1],"tags":[],"class_list":["post-47099","post","type-post","status-publish","format-standard","has-post-thumbnail","hentry","category-sin-categoria"],"_links":{"self":[{"href":"https:\/\/mueblesdetena.es\/ru_ru\/wp-json\/wp\/v2\/posts\/47099","targetHints":{"allow":["GET"]}}],"collection":[{"href":"https:\/\/mueblesdetena.es\/ru_ru\/wp-json\/wp\/v2\/posts"}],"about":[{"href":"https:\/\/mueblesdetena.es\/ru_ru\/wp-json\/wp\/v2\/types\/post"}],"replies":[{"embeddable":true,"href":"https:\/\/mueblesdetena.es\/ru_ru\/wp-json\/wp\/v2\/comments?post=47099"}],"version-history":[{"count":0,"href":"https:\/\/mueblesdetena.es\/ru_ru\/wp-json\/wp\/v2\/posts\/47099\/revisions"}],"wp:featuredmedia":[{"embeddable":true,"href":"https:\/\/mueblesdetena.es\/ru_ru\/wp-json\/wp\/v2\/media\/47100"}],"wp:attachment":[{"href":"https:\/\/mueblesdetena.es\/ru_ru\/wp-json\/wp\/v2\/media?parent=47099"}],"wp:term":[{"taxonomy":"category","embeddable":true,"href":"https:\/\/mueblesdetena.es\/ru_ru\/wp-json\/wp\/v2\/categories?post=47099"},{"taxonomy":"post_tag","embeddable":true,"href":"https:\/\/mueblesdetena.es\/ru_ru\/wp-json\/wp\/v2\/tags?post=47099"}],"curies":[{"name":"wp","href":"https:\/\/api.w.org\/{rel}","templated":true}]}}