{"id":47178,"date":"2026-07-02T07:36:48","date_gmt":"2026-07-02T05:36:48","guid":{"rendered":"https:\/\/mueblesdetena.es\/review-sofa-cama-compacto\/"},"modified":"2026-07-02T07:36:48","modified_gmt":"2026-07-02T05:36:48","slug":"review-sofa-cama-compacto","status":"publish","type":"post","link":"https:\/\/mueblesdetena.es\/ru_ru\/review-sofa-cama-compacto\/","title":{"rendered":"Review sof\u00e1 cama compacto: qu\u00e9 mirar"},"content":{"rendered":"<p>Un sof\u00e1 cama compacto puede resolver una habitaci\u00f3n de invitados, un sal\u00f3n peque\u00f1o o ese cuarto que hace de despacho entre semana y dormitorio cuando hace falta. Pero una review sof\u00e1 cama compacto \u00fatil no deber\u00eda quedarse en si \u201ces bonito\u201d o \u201ccabe\u201d. Lo que de verdad marca la diferencia es c\u00f3mo se abre, qu\u00e9 descanso ofrece y cu\u00e1nto espacio exige cuando est\u00e1 en modo cama.<\/p>\n<p>Cuando se compra con prisas, el error m\u00e1s com\u00fan es fijarse solo en la medida cerrada. Tiene l\u00f3gica, claro: en pisos urbanos cada cent\u00edmetro cuenta. El problema es que un modelo puede parecer perfecto en tienda o en foto y luego pedir demasiado fondo al abrirse, quedar inc\u00f3modo para sentarse o ofrecer un colch\u00f3n demasiado justo para un uso frecuente. Ah\u00ed es donde conviene mirar con calma.<\/p>\n<div id=\"ez-toc-container\" class=\"ez-toc-v2_0_85 counter-hierarchy ez-toc-counter ez-toc-grey ez-toc-container-direction\">\n<div class=\"ez-toc-title-container\">\n<p class=\"ez-toc-title\" style=\"cursor:inherit\">Table of Contents<\/p>\n<span class=\"ez-toc-title-toggle\"><a href=\"#\" class=\"ez-toc-pull-right ez-toc-btn ez-toc-btn-xs ez-toc-btn-default ez-toc-toggle\" aria-label=\"Toggle Table of Content\"><span class=\"ez-toc-js-icon-con\"><span class=\"\"><span class=\"eztoc-hide\" style=\"display:none;\">Toggle<\/span><span class=\"ez-toc-icon-toggle-span\"><svg style=\"fill: #999;color:#999\" xmlns=\"http:\/\/www.w3.org\/2000\/svg\" class=\"list-377408\" width=\"20px\" height=\"20px\" viewbox=\"0 0 24 24\" fill=\"none\"><path d=\"M6 6H4v2h2V6zm14 0H8v2h12V6zM4 11h2v2H4v-2zm16 0H8v2h12v-2zM4 16h2v2H4v-2zm16 0H8v2h12v-2z\" fill=\"currentColor\"><\/path><\/svg><svg style=\"fill: #999;color:#999\" class=\"arrow-unsorted-368013\" xmlns=\"http:\/\/www.w3.org\/2000\/svg\" width=\"10px\" height=\"10px\" viewbox=\"0 0 24 24\" version=\"1.2\" baseprofile=\"tiny\"><path d=\"M18.2 9.3l-6.2-6.3-6.2 6.3c-.2.2-.3.4-.3.7s.1.5.3.7c.2.2.4.3.7.3h11c.3 0 .5-.1.7-.3.2-.2.3-.5.3-.7s-.1-.5-.3-.7zM5.8 14.7l6.2 6.3 6.2-6.3c.2-.2.3-.5.3-.7s-.1-.5-.3-.7c-.2-.2-.4-.3-.7-.3h-11c-.3 0-.5.1-.7.3-.2.2-.3.5-.3.7s.1.5.3.7z\"\/><\/svg><\/span><\/span><\/span><\/a><\/span><\/div>\n<nav><ul class='ez-toc-list ez-toc-list-level-1' ><li class='ez-toc-page-1 ez-toc-heading-level-2'><a class=\"ez-toc-link ez-toc-heading-1\" href=\"https:\/\/mueblesdetena.es\/ru_ru\/review-sofa-cama-compacto\/#Review_sofa_cama_compacto_lo_que_importa_de_verdad\" >Review sof\u00e1 cama compacto: lo que importa de verdad<\/a><ul class='ez-toc-list-level-3' ><li class='ez-toc-heading-level-3'><a class=\"ez-toc-link ez-toc-heading-2\" href=\"https:\/\/mueblesdetena.es\/ru_ru\/review-sofa-cama-compacto\/#Medidas_cerradas_y_medidas_abiertas\" >Medidas cerradas y medidas abiertas<\/a><\/li><li class='ez-toc-page-1 ez-toc-heading-level-3'><a class=\"ez-toc-link ez-toc-heading-3\" href=\"https:\/\/mueblesdetena.es\/ru_ru\/review-sofa-cama-compacto\/#El_sistema_de_apertura_cambia_la_experiencia\" >El sistema de apertura cambia la experiencia<\/a><\/li><\/ul><\/li><li class='ez-toc-page-1 ez-toc-heading-level-2'><a class=\"ez-toc-link ez-toc-heading-4\" href=\"https:\/\/mueblesdetena.es\/ru_ru\/review-sofa-cama-compacto\/#Colchon_y_sentada_la_parte_que_mas_se_nota\" >Colch\u00f3n y sentada: la parte que m\u00e1s se nota<\/a><ul class='ez-toc-list-level-3' ><li class='ez-toc-heading-level-3'><a class=\"ez-toc-link ez-toc-heading-5\" href=\"https:\/\/mueblesdetena.es\/ru_ru\/review-sofa-cama-compacto\/#%C2%BFUso_diario_o_uso_puntual\" >\u00bfUso diario o uso puntual?<\/a><\/li><\/ul><\/li><li class='ez-toc-page-1 ez-toc-heading-level-2'><a class=\"ez-toc-link ez-toc-heading-6\" href=\"https:\/\/mueblesdetena.es\/ru_ru\/review-sofa-cama-compacto\/#Tapizado_limpieza_y_resistencia\" >Tapizado, limpieza y resistencia<\/a><ul class='ez-toc-list-level-3' ><li class='ez-toc-heading-level-3'><a class=\"ez-toc-link ez-toc-heading-7\" href=\"https:\/\/mueblesdetena.es\/ru_ru\/review-sofa-cama-compacto\/#Estructura_y_estabilidad\" >Estructura y estabilidad<\/a><\/li><\/ul><\/li><li class='ez-toc-page-1 ez-toc-heading-level-2'><a class=\"ez-toc-link ez-toc-heading-8\" href=\"https:\/\/mueblesdetena.es\/ru_ru\/review-sofa-cama-compacto\/#Cuando_merece_la_pena_un_sofa_cama_compacto\" >Cu\u00e1ndo merece la pena un sof\u00e1 cama compacto<\/a><\/li><li class='ez-toc-page-1 ez-toc-heading-level-2'><a class=\"ez-toc-link ez-toc-heading-9\" href=\"https:\/\/mueblesdetena.es\/ru_ru\/review-sofa-cama-compacto\/#Errores_frecuentes_al_comparar_modelos\" >Errores frecuentes al comparar modelos<\/a><\/li><li class='ez-toc-page-1 ez-toc-heading-level-2'><a class=\"ez-toc-link ez-toc-heading-10\" href=\"https:\/\/mueblesdetena.es\/ru_ru\/review-sofa-cama-compacto\/#Que_revisar_antes_de_decidir\" >Qu\u00e9 revisar antes de decidir<\/a><\/li><\/ul><\/nav><\/div>\n<h2><span class=\"ez-toc-section\" id=\"Review_sofa_cama_compacto_lo_que_importa_de_verdad\"><\/span>Review sof\u00e1 cama compacto: lo que importa de verdad<span class=\"ez-toc-section-end\"><\/span><\/h2>\n<p>Un sof\u00e1 cama compacto funciona bien cuando equilibra tres cosas: asiento c\u00f3modo, apertura sencilla y descanso correcto. Si falla en una de ellas, deja de ser pr\u00e1ctico. Y en un mueble de uso diario, la practicidad pesa m\u00e1s que cualquier detalle decorativo.<\/p>\n<p>La primera pregunta no es qu\u00e9 color elegir, sino para qu\u00e9 se va a usar. No es lo mismo un sof\u00e1 cama para visitas espor\u00e1dicas que uno pensado para dormir varias noches a la semana. Tampoco es igual un apartamento tur\u00edstico que un sal\u00f3n familiar donde el sof\u00e1 se utiliza todos los d\u00edas. Ese uso real condiciona la estructura, el colch\u00f3n y tambi\u00e9n el presupuesto razonable.<\/p>\n<p>En modelos compactos, adem\u00e1s, hay una tensi\u00f3n normal entre tama\u00f1o y confort. Cuanto m\u00e1s reducido es el mueble, m\u00e1s importante se vuelve el dise\u00f1o interno. Un buen sistema aprovecha bien el espacio sin castigar la sentada ni la cama. Uno flojo, en cambio, da sensaci\u00f3n de \u201csoluci\u00f3n de emergencia\u201d.<\/p>\n<h3><span class=\"ez-toc-section\" id=\"Medidas_cerradas_y_medidas_abiertas\"><\/span>Medidas cerradas y medidas abiertas<span class=\"ez-toc-section-end\"><\/span><\/h3>\n<p>Aqu\u00ed est\u00e1 uno de los puntos donde m\u00e1s dudas aparecen. La anchura del sof\u00e1 suele ser f\u00e1cil de comprobar, pero el fondo abierto se olvida con frecuencia. Y es justo ah\u00ed donde vienen los problemas con mesas de centro, muebles auxiliares o pasillos de paso.<\/p>\n<p>Conviene revisar tres medidas: el ancho total del sof\u00e1, el fondo con el asiento cerrado y la longitud completa cuando se convierte en cama. Si el modelo va pegado a una pared o cerca de una puerta, tambi\u00e9n hay que valorar el recorrido de apertura. Algunos sistemas necesitan m\u00e1s maniobra frontal; otros permiten una transformaci\u00f3n m\u00e1s limpia en espacios estrechos.<\/p>\n<p>Un detalle \u00fatil es pensar no solo en \u201csi cabe\u201d, sino en \u201csi se usa bien\u201d. Que un sof\u00e1 cama compacto entre a presi\u00f3n no significa que resulte c\u00f3modo en el d\u00eda a d\u00eda. Dejar un margen razonable para pasar, abrir y volver a cerrar sin mover medio sal\u00f3n evita muchas molestias.<\/p>\n<h3><span class=\"ez-toc-section\" id=\"El_sistema_de_apertura_cambia_la_experiencia\"><\/span>El sistema de apertura cambia la experiencia<span class=\"ez-toc-section-end\"><\/span><\/h3>\n<p>No todos los mecanismos responden igual. En una review <a href=\"https:\/\/mueblesdetena.es\/ru_ru\/sofa-cama-italiano-kala\/\">sofa cama compacto<\/a> seria, este punto pesa mucho porque afecta a la comodidad de uso, al desgaste y al tiempo que se tarda en montarlo.<\/p>\n<p>Los sistemas de apertura r\u00e1pida suelen gustar por una raz\u00f3n sencilla: permiten pasar de sof\u00e1 a cama en pocos pasos. Son muy pr\u00e1cticos cuando el mueble se utiliza con frecuencia o cuando no apetece andar retirando cojines y recolocando piezas cada vez. En viviendas peque\u00f1as, esa agilidad se agradece m\u00e1s de lo que parece.<\/p>\n<p>Ahora bien, no siempre el mecanismo m\u00e1s simple es el mejor para todos. Hay modelos compactos que priorizan ahorrar cent\u00edmetros y lo consiguen a costa de una cama algo m\u00e1s justa. Otros ofrecen una superficie de descanso mejor, pero piden algo m\u00e1s de fondo o una estructura m\u00e1s voluminosa. Depende del uso y del espacio disponible.<\/p>\n<h2><span class=\"ez-toc-section\" id=\"Colchon_y_sentada_la_parte_que_mas_se_nota\"><\/span>Colch\u00f3n y sentada: la parte que m\u00e1s se nota<span class=\"ez-toc-section-end\"><\/span><\/h2>\n<p>Aqu\u00ed es donde un sof\u00e1 cama deja de ser una compra acertada o pasa a convertirse en una renuncia inc\u00f3moda. Si se va a dormir de forma ocasional, un colch\u00f3n correcto puede ser suficiente. Si el uso ser\u00e1 recurrente, conviene subir el nivel desde el principio.<\/p>\n<p>El grosor importa, pero no lo es todo. Tambi\u00e9n cuenta la firmeza, el material y c\u00f3mo trabaja con la base. Un colch\u00f3n demasiado fino puede marcar la estructura y dar mala sensaci\u00f3n de descanso. Uno excesivamente blando, por su parte, puede parecer agradable al principio y resultar poco estable tras varias horas.<\/p>\n<p>En la sentada ocurre algo parecido. Hay sof\u00e1s cama compactos que resuelven bien la funci\u00f3n de cama, pero se quedan cortos como sof\u00e1. Si el respaldo obliga a una postura forzada o el asiento es demasiado corto, el mueble termina siendo poco agradable para ver la televisi\u00f3n, leer o pasar tiempo en familia. Y si va a colocarse en el sal\u00f3n principal, eso pesa mucho.<\/p>\n<h3><span class=\"ez-toc-section\" id=\"%C2%BFUso_diario_o_uso_puntual\"><\/span>\u00bfUso diario o uso puntual?<span class=\"ez-toc-section-end\"><\/span><\/h3>\n<p>Esta distinci\u00f3n conviene hacerla sin enga\u00f1arse. Muchas veces se compra pensando en \u201cocasional\u201d y al final se utiliza m\u00e1s de lo previsto. Un hijo que invita a un amigo, visitas de fin de semana, un familiar que se queda unos d\u00edas o un despacho que acaba funcionando como dormitorio de apoyo.<\/p>\n<p>Para uso puntual, se puede priorizar un formato m\u00e1s compacto y un precio ajustado. Para uso frecuente, compensa mirar una estructura m\u00e1s s\u00f3lida, un colch\u00f3n m\u00e1s serio y una apertura que no d\u00e9 pereza. Sale mejor a medio plazo y evita tener que sustituirlo antes de tiempo.<\/p>\n<h2><span class=\"ez-toc-section\" id=\"Tapizado_limpieza_y_resistencia\"><\/span>Tapizado, limpieza y resistencia<span class=\"ez-toc-section-end\"><\/span><\/h2>\n<p>En un sof\u00e1 cama, el tapizado no es solo est\u00e9tica. Es un factor pr\u00e1ctico de primer orden. Si hay ni\u00f1os, mascotas o mucho movimiento diario, interesa un tejido sufrido, f\u00e1cil de limpiar y con buena resistencia al roce.<\/p>\n<p>Los tonos claros ampl\u00edan visualmente el espacio y encajan muy bien en pisos peque\u00f1os, pero exigen algo m\u00e1s de mantenimiento. Los tonos medios o neutros suelen dar mejor equilibrio entre luminosidad y uso real. En salones muy utilizados, esa elecci\u00f3n puede alargar la buena imagen del sof\u00e1 durante m\u00e1s tiempo.<\/p>\n<p>Tambi\u00e9n conviene fijarse en costuras, cremalleras y remates. En un mueble transformable, cada apertura suma desgaste. Un tapizado bonito pero delicado puede no ser la mejor decisi\u00f3n si se busca una soluci\u00f3n pr\u00e1ctica y duradera.<\/p>\n<h3><span class=\"ez-toc-section\" id=\"Estructura_y_estabilidad\"><\/span>Estructura y estabilidad<span class=\"ez-toc-section-end\"><\/span><\/h3>\n<p>Un buen sof\u00e1 cama compacto debe sentirse firme tanto cerrado como abierto. Si al sentarse cruje, si el mecanismo da sensaci\u00f3n fr\u00e1gil o si en modo cama se nota inestable, es una se\u00f1al que conviene tomar en serio.<\/p>\n<p>La estructura es la base de la tranquilidad de compra. No hace falta complicarse con tecnicismos, pero s\u00ed valorar si el conjunto transmite seguridad. Cuando un mueble va a combinar descanso, uso diario y aperturas repetidas, esa solidez se nota desde los primeros meses.<\/p>\n<h2><span class=\"ez-toc-section\" id=\"Cuando_merece_la_pena_un_sofa_cama_compacto\"><\/span>Cu\u00e1ndo merece la pena un sof\u00e1 cama compacto<span class=\"ez-toc-section-end\"><\/span><\/h2>\n<p>Merece mucho la pena cuando hay una necesidad clara de optimizar espacio sin renunciar a una plaza extra para dormir. En apartamentos, estudios, segundas residencias, <a href=\"https:\/\/mueblesdetena.es\/ru_ru\/10-claves-tu-habitacion-piso-compartido-sea-hogar\/\">habitaciones juveniles<\/a> o salones con pocos metros, pocas piezas ofrecen tanta funcionalidad en tan poco volumen.<\/p>\n<p>Tambi\u00e9n es una opci\u00f3n inteligente para quien no quiere amueblar una estancia secundaria con una cama fija que apenas se va a usar. En esos casos, el sof\u00e1 cama libera superficie y mantiene la habitaci\u00f3n m\u00e1s vers\u00e1til. Es especialmente \u00fatil en hogares donde una misma estancia cambia de funci\u00f3n seg\u00fan el momento.<\/p>\n<p>Ahora bien, si el espacio permite una cama fija y el uso para dormir ser\u00e1 diario, quiz\u00e1 no sea la mejor soluci\u00f3n. Un sof\u00e1 cama compacto resuelve mucho, pero no tiene por qu\u00e9 sustituir a un dormitorio principal si no est\u00e1 pensado para ese nivel de exigencia.<\/p>\n<h2><span class=\"ez-toc-section\" id=\"Errores_frecuentes_al_comparar_modelos\"><\/span>Errores frecuentes al comparar modelos<span class=\"ez-toc-section-end\"><\/span><\/h2>\n<p>El primero es comprar solo por precio. Un sof\u00e1 cama barato puede parecer una buena oportunidad, pero si falla en el mecanismo o en el descanso, la compra sale cara. El segundo error es no medir bien el espacio de apertura. Y el tercero, muy habitual, es asumir que todos los compactos ofrecen la misma comodidad.<\/p>\n<p>Tampoco conviene dejarse llevar solo por la est\u00e9tica. Un dise\u00f1o ligero y actual suma, por supuesto, pero en este tipo de mueble la funcionalidad manda. Lo ideal es encontrar un equilibrio entre tama\u00f1o, confort, resistencia y presupuesto.<\/p>\n<p>En tiendas especializadas en <a href=\"https:\/\/mueblesdetena.es\/ru_ru\/cama-abatible-con-armario-superior\/\">mobiliario funcional<\/a>, como Muebles Detena, suele ser m\u00e1s f\u00e1cil comparar opciones pensadas para necesidades reales de espacio, no solo para encajar bien en una foto. Ese enfoque pr\u00e1ctico ayuda a acertar m\u00e1s, sobre todo cuando el sal\u00f3n o la habitaci\u00f3n no admiten margen de error.<\/p>\n<h2><span class=\"ez-toc-section\" id=\"Que_revisar_antes_de_decidir\"><\/span>Qu\u00e9 revisar antes de decidir<span class=\"ez-toc-section-end\"><\/span><\/h2>\n<p>Antes de cerrar la compra, merece la pena confirmar las medidas exactas, el tipo de apertura, el colch\u00f3n, la firmeza del asiento y el mantenimiento del tapizado. Tambi\u00e9n ayuda preguntar por plazos, garant\u00eda y opciones de financiaci\u00f3n si se quiere ajustar mejor el presupuesto sin renunciar a una soluci\u00f3n m\u00e1s completa.<\/p>\n<p>Cuando la elecci\u00f3n est\u00e1 bien hecha, un sof\u00e1 cama compacto no se siente como un parche. Se convierte en un mueble que trabaja a favor de la casa, gana metros \u00fatiles y resuelve visitas o descansos extra sin complicaciones. Y en viviendas donde cada rinc\u00f3n importa, esa tranquilidad vale mucho m\u00e1s que una compra impulsiva.<\/p>","protected":false},"excerpt":{"rendered":"<p>Review sof\u00e1 cama compacto con claves reales para acertar: medidas, apertura, colch\u00f3n, tapizado y uso diario o puntual en pisos peque\u00f1os.<\/p>","protected":false},"author":0,"featured_media":47179,"comment_status":"","ping_status":"","sticky":false,"template":"","format":"standard","meta":{"site-sidebar-layout":"default","site-content-layout":"","ast-site-content-layout":"default","site-content-style":"default","site-sidebar-style":"default","ast-global-header-display":"","ast-banner-title-visibility":"","ast-main-header-display":"","ast-hfb-above-header-display":"","ast-hfb-below-header-display":"","ast-hfb-mobile-header-display":"","site-post-title":"","ast-breadcrumbs-content":"","ast-featured-img":"","footer-sml-layout":"","ast-disable-related-posts":"","theme-transparent-header-meta":"","adv-header-id-meta":"","stick-header-meta":"","header-above-stick-meta":"","header-main-stick-meta":"","header-below-stick-meta":"","astra-migrate-meta-layouts":"default","ast-page-background-enabled":"default","ast-page-background-meta":{"desktop":{"background-color":"var(--ast-global-color-4)","background-image":"","background-repeat":"repeat","background-position":"center center","background-size":"auto","background-attachment":"scroll","background-type":"","background-media":"","overlay-type":"","overlay-color":"","overlay-opacity":"","overlay-gradient":""},"tablet":{"background-color":"","background-image":"","background-repeat":"repeat","background-position":"center center","background-size":"auto","background-attachment":"scroll","background-type":"","background-media":"","overlay-type":"","overlay-color":"","overlay-opacity":"","overlay-gradient":""},"mobile":{"background-color":"","background-image":"","background-repeat":"repeat","background-position":"center center","background-size":"auto","background-attachment":"scroll","background-type":"","background-media":"","overlay-type":"","overlay-color":"","overlay-opacity":"","overlay-gradient":""}},"ast-content-background-meta":{"desktop":{"background-color":"var(--ast-global-color-5)","background-image":"","background-repeat":"repeat","background-position":"center center","background-size":"auto","background-attachment":"scroll","background-type":"","background-media":"","overlay-type":"","overlay-color":"","overlay-opacity":"","overlay-gradient":""},"tablet":{"background-color":"var(--ast-global-color-5)","background-image":"","background-repeat":"repeat","background-position":"center center","background-size":"auto","background-attachment":"scroll","background-type":"","background-media":"","overlay-type":"","overlay-color":"","overlay-opacity":"","overlay-gradient":""},"mobile":{"background-color":"var(--ast-global-color-5)","background-image":"","background-repeat":"repeat","background-position":"center center","background-size":"auto","background-attachment":"scroll","background-type":"","background-media":"","overlay-type":"","overlay-color":"","overlay-opacity":"","overlay-gradient":""}},"_joinchat":[],"footnotes":""},"categories":[1],"tags":[],"class_list":["post-47178","post","type-post","status-publish","format-standard","has-post-thumbnail","hentry","category-sin-categoria"],"_links":{"self":[{"href":"https:\/\/mueblesdetena.es\/ru_ru\/wp-json\/wp\/v2\/posts\/47178","targetHints":{"allow":["GET"]}}],"collection":[{"href":"https:\/\/mueblesdetena.es\/ru_ru\/wp-json\/wp\/v2\/posts"}],"about":[{"href":"https:\/\/mueblesdetena.es\/ru_ru\/wp-json\/wp\/v2\/types\/post"}],"replies":[{"embeddable":true,"href":"https:\/\/mueblesdetena.es\/ru_ru\/wp-json\/wp\/v2\/comments?post=47178"}],"version-history":[{"count":0,"href":"https:\/\/mueblesdetena.es\/ru_ru\/wp-json\/wp\/v2\/posts\/47178\/revisions"}],"wp:featuredmedia":[{"embeddable":true,"href":"https:\/\/mueblesdetena.es\/ru_ru\/wp-json\/wp\/v2\/media\/47179"}],"wp:attachment":[{"href":"https:\/\/mueblesdetena.es\/ru_ru\/wp-json\/wp\/v2\/media?parent=47178"}],"wp:term":[{"taxonomy":"category","embeddable":true,"href":"https:\/\/mueblesdetena.es\/ru_ru\/wp-json\/wp\/v2\/categories?post=47178"},{"taxonomy":"post_tag","embeddable":true,"href":"https:\/\/mueblesdetena.es\/ru_ru\/wp-json\/wp\/v2\/tags?post=47178"}],"curies":[{"name":"wp","href":"https:\/\/api.w.org\/{rel}","templated":true}]}}