{"id":47535,"date":"2026-07-06T04:54:53","date_gmt":"2026-07-06T02:54:53","guid":{"rendered":"https:\/\/mueblesdetena.es\/tendencias-muebles-multifuncionales-2026\/"},"modified":"2026-07-06T04:54:53","modified_gmt":"2026-07-06T02:54:53","slug":"tendencias-muebles-multifuncionales-2026","status":"publish","type":"post","link":"https:\/\/mueblesdetena.es\/ru_ru\/tendencias-muebles-multifuncionales-2026\/","title":{"rendered":"Tendencias muebles multifuncionales 2026"},"content":{"rendered":"<p>Si est\u00e1s pensando en renovar tu casa, las tendencias muebles multifuncionales 2026 no van de modas pasajeras. Van de algo mucho m\u00e1s \u00fatil: sacar m\u00e1s partido a cada metro, reducir ruido visual y conseguir que una estancia sirva para dos o tres cosas sin sentirse forzada. En pisos urbanos, habitaciones juveniles, salones peque\u00f1os o viviendas familiares, esa diferencia se nota cada d\u00eda.<\/p>\n<div id=\"ez-toc-container\" class=\"ez-toc-v2_0_85 counter-hierarchy ez-toc-counter ez-toc-grey ez-toc-container-direction\">\n<div class=\"ez-toc-title-container\">\n<p class=\"ez-toc-title\" style=\"cursor:inherit\">Table of Contents<\/p>\n<span class=\"ez-toc-title-toggle\"><a href=\"#\" class=\"ez-toc-pull-right ez-toc-btn ez-toc-btn-xs ez-toc-btn-default ez-toc-toggle\" aria-label=\"Toggle Table of Content\"><span class=\"ez-toc-js-icon-con\"><span class=\"\"><span class=\"eztoc-hide\" style=\"display:none;\">Toggle<\/span><span class=\"ez-toc-icon-toggle-span\"><svg style=\"fill: #999;color:#999\" xmlns=\"http:\/\/www.w3.org\/2000\/svg\" class=\"list-377408\" width=\"20px\" height=\"20px\" viewbox=\"0 0 24 24\" fill=\"none\"><path d=\"M6 6H4v2h2V6zm14 0H8v2h12V6zM4 11h2v2H4v-2zm16 0H8v2h12v-2zM4 16h2v2H4v-2zm16 0H8v2h12v-2z\" fill=\"currentColor\"><\/path><\/svg><svg style=\"fill: #999;color:#999\" class=\"arrow-unsorted-368013\" xmlns=\"http:\/\/www.w3.org\/2000\/svg\" width=\"10px\" height=\"10px\" viewbox=\"0 0 24 24\" version=\"1.2\" baseprofile=\"tiny\"><path d=\"M18.2 9.3l-6.2-6.3-6.2 6.3c-.2.2-.3.4-.3.7s.1.5.3.7c.2.2.4.3.7.3h11c.3 0 .5-.1.7-.3.2-.2.3-.5.3-.7s-.1-.5-.3-.7zM5.8 14.7l6.2 6.3 6.2-6.3c.2-.2.3-.5.3-.7s-.1-.5-.3-.7c-.2-.2-.4-.3-.7-.3h-11c-.3 0-.5.1-.7.3-.2.2-.3.5-.3.7s.1.5.3.7z\"\/><\/svg><\/span><\/span><\/span><\/a><\/span><\/div>\n<nav><ul class='ez-toc-list ez-toc-list-level-1' ><li class='ez-toc-page-1 ez-toc-heading-level-2'><a class=\"ez-toc-link ez-toc-heading-1\" href=\"https:\/\/mueblesdetena.es\/ru_ru\/tendencias-muebles-multifuncionales-2026\/#Que_cambia_en_las_tendencias_muebles_multifuncionales_2026\" >Qu\u00e9 cambia en las tendencias muebles multifuncionales 2026<\/a><\/li><li class='ez-toc-page-1 ez-toc-heading-level-2'><a class=\"ez-toc-link ez-toc-heading-2\" href=\"https:\/\/mueblesdetena.es\/ru_ru\/tendencias-muebles-multifuncionales-2026\/#Menos_piezas_mas_funciones_y_mejor_uso_diario\" >Menos piezas, m\u00e1s funciones y mejor uso diario<\/a><\/li><li class='ez-toc-page-1 ez-toc-heading-level-2'><a class=\"ez-toc-link ez-toc-heading-3\" href=\"https:\/\/mueblesdetena.es\/ru_ru\/tendencias-muebles-multifuncionales-2026\/#Dormitorios_que_almacenan_mejor\" >Dormitorios que almacenan mejor<\/a><ul class='ez-toc-list-level-3' ><li class='ez-toc-heading-level-3'><a class=\"ez-toc-link ez-toc-heading-4\" href=\"https:\/\/mueblesdetena.es\/ru_ru\/tendencias-muebles-multifuncionales-2026\/#Canapes_y_camas_con_capacidad_real\" >Canap\u00e9s y camas con capacidad real<\/a><\/li><li class='ez-toc-page-1 ez-toc-heading-level-3'><a class=\"ez-toc-link ez-toc-heading-5\" href=\"https:\/\/mueblesdetena.es\/ru_ru\/tendencias-muebles-multifuncionales-2026\/#Armarios_mas_modulables\" >Armarios m\u00e1s modulables<\/a><\/li><\/ul><\/li><li class='ez-toc-page-1 ez-toc-heading-level-2'><a class=\"ez-toc-link ez-toc-heading-6\" href=\"https:\/\/mueblesdetena.es\/ru_ru\/tendencias-muebles-multifuncionales-2026\/#El_salon_multifuncional_sigue_ganando_terreno\" >El sal\u00f3n multifuncional sigue ganando terreno<\/a><\/li><li class='ez-toc-page-1 ez-toc-heading-level-2'><a class=\"ez-toc-link ez-toc-heading-7\" href=\"https:\/\/mueblesdetena.es\/ru_ru\/tendencias-muebles-multifuncionales-2026\/#Habitaciones_juveniles_mas_versatiles\" >Habitaciones juveniles m\u00e1s vers\u00e1tiles<\/a><ul class='ez-toc-list-level-3' ><li class='ez-toc-heading-level-3'><a class=\"ez-toc-link ez-toc-heading-8\" href=\"https:\/\/mueblesdetena.es\/ru_ru\/tendencias-muebles-multifuncionales-2026\/#Espacio_para_dormir_estudiar_y_guardar\" >Espacio para dormir, estudiar y guardar<\/a><\/li><li class='ez-toc-page-1 ez-toc-heading-level-3'><a class=\"ez-toc-link ez-toc-heading-9\" href=\"https:\/\/mueblesdetena.es\/ru_ru\/tendencias-muebles-multifuncionales-2026\/#Soluciones_que_acompanan_el_crecimiento\" >Soluciones que acompa\u00f1an el crecimiento<\/a><\/li><\/ul><\/li><li class='ez-toc-page-1 ez-toc-heading-level-2'><a class=\"ez-toc-link ez-toc-heading-10\" href=\"https:\/\/mueblesdetena.es\/ru_ru\/tendencias-muebles-multifuncionales-2026\/#Materiales_acabados_y_colores_que_se_impondran\" >Materiales, acabados y colores que se impondr\u00e1n<\/a><\/li><li class='ez-toc-page-1 ez-toc-heading-level-2'><a class=\"ez-toc-link ez-toc-heading-11\" href=\"https:\/\/mueblesdetena.es\/ru_ru\/tendencias-muebles-multifuncionales-2026\/#Como_elegir_bien_segun_tu_vivienda\" >C\u00f3mo elegir bien seg\u00fan tu vivienda<\/a><ul class='ez-toc-list-level-3' ><li class='ez-toc-heading-level-3'><a class=\"ez-toc-link ez-toc-heading-12\" href=\"https:\/\/mueblesdetena.es\/ru_ru\/tendencias-muebles-multifuncionales-2026\/#Si_vives_en_un_piso_pequeno\" >Si vives en un piso peque\u00f1o<\/a><\/li><li class='ez-toc-page-1 ez-toc-heading-level-3'><a class=\"ez-toc-link ez-toc-heading-13\" href=\"https:\/\/mueblesdetena.es\/ru_ru\/tendencias-muebles-multifuncionales-2026\/#Si_sois_familia\" >Si sois familia<\/a><\/li><li class='ez-toc-page-1 ez-toc-heading-level-3'><a class=\"ez-toc-link ez-toc-heading-14\" href=\"https:\/\/mueblesdetena.es\/ru_ru\/tendencias-muebles-multifuncionales-2026\/#Si_buscas_una_compra_duradera\" >Si buscas una compra duradera<\/a><\/li><\/ul><\/li><li class='ez-toc-page-1 ez-toc-heading-level-2'><a class=\"ez-toc-link ez-toc-heading-15\" href=\"https:\/\/mueblesdetena.es\/ru_ru\/tendencias-muebles-multifuncionales-2026\/#Lo_que_mas_se_va_a_pedir_en_tienda_en_2026\" >Lo que m\u00e1s se va a pedir en tienda en 2026<\/a><\/li><li class='ez-toc-page-1 ez-toc-heading-level-2'><a class=\"ez-toc-link ez-toc-heading-16\" href=\"https:\/\/mueblesdetena.es\/ru_ru\/tendencias-muebles-multifuncionales-2026\/#La_tendencia_mas_importante_no_es_estetica\" >La tendencia m\u00e1s importante no es est\u00e9tica<\/a><\/li><\/ul><\/nav><\/div>\n<h2><span class=\"ez-toc-section\" id=\"Que_cambia_en_las_tendencias_muebles_multifuncionales_2026\"><\/span>Qu\u00e9 cambia en las tendencias muebles multifuncionales 2026<span class=\"ez-toc-section-end\"><\/span><\/h2>\n<p>En 2026 la prioridad no ser\u00e1 llenar la casa de piezas \u201cingeniosas\u201d sin m\u00e1s. Lo que gana peso es el mueble que resuelve una necesidad real y lo hace con comodidad. Es decir, mecanismos f\u00e1ciles, almacenaje accesible, aperturas seguras, medidas bien pensadas y dise\u00f1os que no recargan la estancia.<\/p>\n<p>Esto se traduce en una demanda clara de <a href=\"https:\/\/mueblesdetena.es\/ru_ru\/cama-abatible-con-armario-superior\/\">camas abatibles<\/a> m\u00e1s c\u00f3modas de usar, sof\u00e1s cama que realmente sirvan para dormir bien, canap\u00e9s con gran capacidad y armarios que se adapten mejor a distribuciones complicadas. El cliente ya no busca solo ahorrar espacio. Busca orden, descanso y sensaci\u00f3n de amplitud.<\/p>\n<p>Tambi\u00e9n cambia la forma de elegir. Antes muchas compras se hac\u00edan por est\u00e9tica y luego llegaban los problemas: puertas que no abr\u00edan bien, sof\u00e1s cama inc\u00f3modos o composiciones demasiado grandes para el sal\u00f3n. Ahora se compara m\u00e1s, se miden mejor los huecos y se valora mucho el asesoramiento antes de decidir.<\/p>\n<h2><span class=\"ez-toc-section\" id=\"Menos_piezas_mas_funciones_y_mejor_uso_diario\"><\/span>Menos piezas, m\u00e1s funciones y mejor uso diario<span class=\"ez-toc-section-end\"><\/span><\/h2>\n<p>La tendencia m\u00e1s fuerte es clara: menos muebles, pero mejor pensados. Una vivienda pr\u00e1ctica no necesita estar vac\u00eda, pero s\u00ed evitar elementos que ocupan mucho y aportan poco. Por eso suben las soluciones compactas y transformables, sobre todo en dormitorios, salones y habitaciones juveniles.<\/p>\n<p>Una cama abatible, por ejemplo, deja de ser una opci\u00f3n \u201csolo para pisos peque\u00f1os\u201d y pasa a ser una decisi\u00f3n inteligente para quien necesita que una habitaci\u00f3n funcione como despacho entre semana y como dormitorio cuando hace falta. Lo mismo ocurre con las literas abatibles en habitaciones compartidas o de uso ocasional.<\/p>\n<p>En el sal\u00f3n, el sof\u00e1 cama sigue siendo protagonista, pero con una exigencia distinta. Ya no basta con que abra. Tiene que integrarse bien, ofrecer una sentada c\u00f3moda y permitir un uso frecuente sin renunciar al descanso. En 2026 se valorar\u00e1 mucho m\u00e1s la calidad del colch\u00f3n, la facilidad de apertura y la resistencia del mecanismo.<\/p>\n<h2><span class=\"ez-toc-section\" id=\"Dormitorios_que_almacenan_mejor\"><\/span>Dormitorios que almacenan mejor<span class=\"ez-toc-section-end\"><\/span><\/h2>\n<h3><span class=\"ez-toc-section\" id=\"Canapes_y_camas_con_capacidad_real\"><\/span>Canap\u00e9s y camas con capacidad real<span class=\"ez-toc-section-end\"><\/span><\/h3>\n<p>Una de las tendencias m\u00e1s s\u00f3lidas para 2026 ser\u00e1 el dormitorio con almacenaje oculto pero accesible. El canap\u00e9 sigue siendo una de las soluciones m\u00e1s eficaces porque aprovecha una superficie que ya ocupa la cama. En viviendas donde faltan armarios o donde el cambio de temporada obliga a guardar textiles, maletas o ropa de cama, marca una diferencia inmediata.<\/p>\n<p>Ahora bien, no todos los canap\u00e9s sirven para todos los casos. Si el uso va a ser frecuente, conviene priorizar apertura c\u00f3moda y estructura resistente. Si el objetivo es <a href=\"https:\/\/mueblesdetena.es\/ru_ru\/canape-abatible-jjaltura-42\/\">ganar capacidad<\/a> al m\u00e1ximo, habr\u00e1 que revisar fondo \u00fatil, altura y facilidad para organizar el interior. Aqu\u00ed el detalle importa m\u00e1s que la foto.<\/p>\n<h3><span class=\"ez-toc-section\" id=\"Armarios_mas_modulables\"><\/span>Armarios m\u00e1s modulables<span class=\"ez-toc-section-end\"><\/span><\/h3>\n<p>Otra se\u00f1al clara de las tendencias muebles multifuncionales 2026 es la b\u00fasqueda de armarios m\u00e1s flexibles. No basta con tener puertas y baldas. Se quiere una distribuci\u00f3n interior que acompa\u00f1e la rutina: m\u00e1s zonas de colgar largo, cajones bien aprovechados, altillos \u00fatiles y soluciones que encajen en dormitorios de matrimonio, juveniles o recibidores estrechos.<\/p>\n<p>En pisos donde cada pared cuenta, el armario deja de ser un bloque est\u00e1ndar y se convierte en parte de la estrategia de orden de la casa. Por eso funcionar\u00e1n muy bien las composiciones que permiten <a href=\"https:\/\/mueblesdetena.es\/ru_ru\/muebles-modulares\/\">ajustar medidas<\/a> y combinar almacenaje cerrado con m\u00f3dulos concretos seg\u00fan necesidad.<\/p>\n<h2><span class=\"ez-toc-section\" id=\"El_salon_multifuncional_sigue_ganando_terreno\"><\/span>El sal\u00f3n multifuncional sigue ganando terreno<span class=\"ez-toc-section-end\"><\/span><\/h2>\n<p>El sal\u00f3n hace tiempo que dej\u00f3 de ser solo una zona de estar. Hoy tambi\u00e9n puede ser comedor, despacho puntual, cuarto de invitados o espacio de juego. En 2026 esta mezcla de usos seguir\u00e1 creciendo, y eso favorece muebles que aporten flexibilidad sin complicar el d\u00eda a d\u00eda.<\/p>\n<p>Los sof\u00e1s cama seguir\u00e1n siendo una compra clave, sobre todo en hogares que reciben visitas o no tienen una habitaci\u00f3n libre. Pero tambi\u00e9n ganan inter\u00e9s los muebles de sal\u00f3n con almacenaje integrado, mesas compactas y composiciones que aprovechan altura sin saturar la pared.<\/p>\n<p>Aqu\u00ed hay un matiz importante: multifuncional no significa convertir el sal\u00f3n en un puzzle. Si cada pieza exige mover tres m\u00e1s para usarla, la experiencia empeora. La buena elecci\u00f3n es la que simplifica. Esa ser\u00e1 una de las claves reales de 2026.<\/p>\n<h2><span class=\"ez-toc-section\" id=\"Habitaciones_juveniles_mas_versatiles\"><\/span>Habitaciones juveniles m\u00e1s vers\u00e1tiles<span class=\"ez-toc-section-end\"><\/span><\/h2>\n<h3><span class=\"ez-toc-section\" id=\"Espacio_para_dormir_estudiar_y_guardar\"><\/span>Espacio para dormir, estudiar y guardar<span class=\"ez-toc-section-end\"><\/span><\/h3>\n<p>Las habitaciones juveniles son uno de los terrenos donde mejor se ve esta evoluci\u00f3n. Cuando un mismo cuarto tiene que servir para descanso, estudio, juego y almacenaje, el mueble multifuncional deja de ser un extra y se vuelve casi imprescindible.<\/p>\n<p>Las camas compactas, las literas abatibles y las composiciones con armario y zona de estudio seguir\u00e1n destacando porque permiten ordenar mejor la estancia y liberar metros \u00fatiles. Para muchas familias, no se trata solo de \u201cque quepa todo\u201d, sino de que el ni\u00f1o o adolescente pueda moverse con comodidad y mantener cierto orden sin esfuerzo constante.<\/p>\n<h3><span class=\"ez-toc-section\" id=\"Soluciones_que_acompanan_el_crecimiento\"><\/span>Soluciones que acompa\u00f1an el crecimiento<span class=\"ez-toc-section-end\"><\/span><\/h3>\n<p>Otra tendencia pr\u00e1ctica ser\u00e1 apostar por muebles que no se queden peque\u00f1os en dos a\u00f1os. Eso favorece configuraciones adaptables, acabados f\u00e1ciles de combinar y sistemas de almacenaje que puedan cambiar de funci\u00f3n con el tiempo. Una habitaci\u00f3n infantil que luego pasa a juvenil necesita previsi\u00f3n, no solo dise\u00f1o bonito.<\/p>\n<p>En este punto conviene mirar la compra con perspectiva. A veces una opci\u00f3n muy barata obliga a sustituir medio cuarto antes de lo previsto. En cambio, una composici\u00f3n bien pensada suele rentabilizarse mejor porque acompa\u00f1a distintas etapas de uso.<\/p>\n<h2><span class=\"ez-toc-section\" id=\"Materiales_acabados_y_colores_que_se_impondran\"><\/span>Materiales, acabados y colores que se impondr\u00e1n<span class=\"ez-toc-section-end\"><\/span><\/h2>\n<p>En 2026 veremos una preferencia clara por acabados luminosos, tonos neutros c\u00e1lidos y maderas de aspecto natural. No solo porque gusten m\u00e1s, sino porque ayudan a que los muebles multifuncionales se integren mejor en espacios peque\u00f1os. Cuando una pieza ya cumple varias funciones, visualmente conviene que no pese demasiado.<\/p>\n<p>Tambi\u00e9n seguir\u00e1 funcionando muy bien la combinaci\u00f3n de blanco, arena, topo y madera clara, especialmente en dormitorios y habitaciones juveniles. En salones, los tonos medios con l\u00edneas rectas y frentes limpios aportan orden visual, que es justo lo que se busca cuando hay almacenaje, cama auxiliar o m\u00f3dulos de varios usos en una misma estancia.<\/p>\n<p>Eso s\u00ed, hay un equilibrio importante. Los acabados muy delicados pueden resultar menos pr\u00e1cticos en hogares con ni\u00f1os o mucho uso diario. La tendencia va hacia superficies sufridas, f\u00e1ciles de limpiar y con buena resistencia, porque la funcionalidad no termina en el plano o en la tienda.<\/p>\n<h2><span class=\"ez-toc-section\" id=\"Como_elegir_bien_segun_tu_vivienda\"><\/span>C\u00f3mo elegir bien seg\u00fan tu vivienda<span class=\"ez-toc-section-end\"><\/span><\/h2>\n<h3><span class=\"ez-toc-section\" id=\"Si_vives_en_un_piso_pequeno\"><\/span>Si vives en un piso peque\u00f1o<span class=\"ez-toc-section-end\"><\/span><\/h3>\n<p>Aqu\u00ed la prioridad suele ser liberar superficie y ganar almacenaje. Las camas abatibles, los sof\u00e1s cama c\u00f3modos y los canap\u00e9s con gran capacidad suelen ofrecer un resultado inmediato. Lo importante es medir bien recorridos de apertura, paso alrededor del mueble y altura disponible.<\/p>\n<h3><span class=\"ez-toc-section\" id=\"Si_sois_familia\"><\/span>Si sois familia<span class=\"ez-toc-section-end\"><\/span><\/h3>\n<p>En viviendas familiares, la clave est\u00e1 en combinar capacidad y resistencia. Habitaciones juveniles bien resueltas, armarios m\u00e1s organizados y camas con almacenaje ayudan a mantener la casa funcional sin sensaci\u00f3n de agobio. En estos casos, conviene pensar menos en la pieza aislada y m\u00e1s en c\u00f3mo se usa la estancia a diario.<\/p>\n<h3><span class=\"ez-toc-section\" id=\"Si_buscas_una_compra_duradera\"><\/span>Si buscas una compra duradera<span class=\"ez-toc-section-end\"><\/span><\/h3>\n<p>Entonces merece la pena fijarse en mecanismos, herrajes, estructura y garant\u00eda. Un mueble multifuncional trabaja m\u00e1s que uno convencional, as\u00ed que debe responder bien al uso continuado. Ahorrar espacio est\u00e1 muy bien, pero si el sistema no resulta c\u00f3modo desde el primer mes, la compra pierde valor.<\/p>\n<h2><span class=\"ez-toc-section\" id=\"Lo_que_mas_se_va_a_pedir_en_tienda_en_2026\"><\/span>Lo que m\u00e1s se va a pedir en tienda en 2026<span class=\"ez-toc-section-end\"><\/span><\/h2>\n<p>Todo apunta a que las consultas se centrar\u00e1n en soluciones muy concretas: cama abatible horizontal o vertical, litera abatible para habitaci\u00f3n compartida, sof\u00e1 cama para uso diario, canap\u00e9 de gran capacidad, armario para huecos dif\u00edciles y composiciones compactas para dormitorios juveniles. No son productos de capricho. Son compras ligadas a problemas reales de espacio, descanso y orden.<\/p>\n<p>Por eso el asesoramiento seguir\u00e1 siendo decisivo. En una tienda especializada como Muebles Detena, el valor no est\u00e1 solo en tener cat\u00e1logo. Est\u00e1 en ayudar a elegir la opci\u00f3n que mejor encaja por medidas, uso y presupuesto, con financiaci\u00f3n, pago seguro y la tranquilidad de comprar con criterio, no a ciegas.<\/p>\n<h2><span class=\"ez-toc-section\" id=\"La_tendencia_mas_importante_no_es_estetica\"><\/span>La tendencia m\u00e1s importante no es est\u00e9tica<span class=\"ez-toc-section-end\"><\/span><\/h2>\n<p>Si hay una idea que define 2026, es esta: el mueble multifuncional deja de verse como una soluci\u00f3n de emergencia y pasa a ser una forma inteligente de vivir mejor la casa. No solo para pisos peque\u00f1os. Tambi\u00e9n para quien quiere m\u00e1s orden, m\u00e1s flexibilidad y menos muebles sin uso real.<\/p>\n<p>Elegir bien significa pensar en c\u00f3mo vives hoy y c\u00f3mo quieres usar tu hogar dentro de unos a\u00f1os. Cuando el mueble acompa\u00f1a esa rutina y no la complica, el espacio se nota m\u00e1s amplio, m\u00e1s c\u00f3modo y mucho m\u00e1s f\u00e1cil de disfrutar.<\/p>","protected":false},"excerpt":{"rendered":"<p>Descubre las tendencias muebles multifuncionales 2026 para ganar espacio, orden y confort con soluciones pr\u00e1cticas para pisos y hogares urbanos.<\/p>","protected":false},"author":0,"featured_media":47536,"comment_status":"","ping_status":"","sticky":false,"template":"","format":"standard","meta":{"site-sidebar-layout":"default","site-content-layout":"","ast-site-content-layout":"default","site-content-style":"default","site-sidebar-style":"default","ast-global-header-display":"","ast-banner-title-visibility":"","ast-main-header-display":"","ast-hfb-above-header-display":"","ast-hfb-below-header-display":"","ast-hfb-mobile-header-display":"","site-post-title":"","ast-breadcrumbs-content":"","ast-featured-img":"","footer-sml-layout":"","ast-disable-related-posts":"","theme-transparent-header-meta":"","adv-header-id-meta":"","stick-header-meta":"","header-above-stick-meta":"","header-main-stick-meta":"","header-below-stick-meta":"","astra-migrate-meta-layouts":"default","ast-page-background-enabled":"default","ast-page-background-meta":{"desktop":{"background-color":"var(--ast-global-color-4)","background-image":"","background-repeat":"repeat","background-position":"center center","background-size":"auto","background-attachment":"scroll","background-type":"","background-media":"","overlay-type":"","overlay-color":"","overlay-opacity":"","overlay-gradient":""},"tablet":{"background-color":"","background-image":"","background-repeat":"repeat","background-position":"center center","background-size":"auto","background-attachment":"scroll","background-type":"","background-media":"","overlay-type":"","overlay-color":"","overlay-opacity":"","overlay-gradient":""},"mobile":{"background-color":"","background-image":"","background-repeat":"repeat","background-position":"center center","background-size":"auto","background-attachment":"scroll","background-type":"","background-media":"","overlay-type":"","overlay-color":"","overlay-opacity":"","overlay-gradient":""}},"ast-content-background-meta":{"desktop":{"background-color":"var(--ast-global-color-5)","background-image":"","background-repeat":"repeat","background-position":"center center","background-size":"auto","background-attachment":"scroll","background-type":"","background-media":"","overlay-type":"","overlay-color":"","overlay-opacity":"","overlay-gradient":""},"tablet":{"background-color":"var(--ast-global-color-5)","background-image":"","background-repeat":"repeat","background-position":"center center","background-size":"auto","background-attachment":"scroll","background-type":"","background-media":"","overlay-type":"","overlay-color":"","overlay-opacity":"","overlay-gradient":""},"mobile":{"background-color":"var(--ast-global-color-5)","background-image":"","background-repeat":"repeat","background-position":"center center","background-size":"auto","background-attachment":"scroll","background-type":"","background-media":"","overlay-type":"","overlay-color":"","overlay-opacity":"","overlay-gradient":""}},"_joinchat":[],"footnotes":""},"categories":[1],"tags":[],"class_list":["post-47535","post","type-post","status-publish","format-standard","has-post-thumbnail","hentry","category-sin-categoria"],"_links":{"self":[{"href":"https:\/\/mueblesdetena.es\/ru_ru\/wp-json\/wp\/v2\/posts\/47535","targetHints":{"allow":["GET"]}}],"collection":[{"href":"https:\/\/mueblesdetena.es\/ru_ru\/wp-json\/wp\/v2\/posts"}],"about":[{"href":"https:\/\/mueblesdetena.es\/ru_ru\/wp-json\/wp\/v2\/types\/post"}],"replies":[{"embeddable":true,"href":"https:\/\/mueblesdetena.es\/ru_ru\/wp-json\/wp\/v2\/comments?post=47535"}],"version-history":[{"count":0,"href":"https:\/\/mueblesdetena.es\/ru_ru\/wp-json\/wp\/v2\/posts\/47535\/revisions"}],"wp:featuredmedia":[{"embeddable":true,"href":"https:\/\/mueblesdetena.es\/ru_ru\/wp-json\/wp\/v2\/media\/47536"}],"wp:attachment":[{"href":"https:\/\/mueblesdetena.es\/ru_ru\/wp-json\/wp\/v2\/media?parent=47535"}],"wp:term":[{"taxonomy":"category","embeddable":true,"href":"https:\/\/mueblesdetena.es\/ru_ru\/wp-json\/wp\/v2\/categories?post=47535"},{"taxonomy":"post_tag","embeddable":true,"href":"https:\/\/mueblesdetena.es\/ru_ru\/wp-json\/wp\/v2\/tags?post=47535"}],"curies":[{"name":"wp","href":"https:\/\/api.w.org\/{rel}","templated":true}]}}