{"id":47577,"date":"2026-07-21T08:19:14","date_gmt":"2026-07-21T06:19:14","guid":{"rendered":"https:\/\/mueblesdetena.es\/?p=47577"},"modified":"2026-07-21T08:19:19","modified_gmt":"2026-07-21T06:19:19","slug":"eliminar-calor-de-casa-muebles-ayuden-causa","status":"publish","type":"post","link":"https:\/\/mueblesdetena.es\/ru_ru\/eliminar-calor-de-casa-muebles-ayuden-causa\/","title":{"rendered":"C\u00f3mo eliminar el calor de casa (y que los muebles ayuden en la causa)"},"content":{"rendered":"<p class=\"has-medium-font-size wp-block-paragraph\">Cuando el verano entra en casa, el aire acondicionado parece la respuesta inmediata. Sin embargo, el calor no depende solo de encender o apagar un aparato. Tambi\u00e9n influye c\u00f3mo recibe la vivienda el sol, cu\u00e1nto tarda en liberar la temperatura acumulada y qu\u00e9 elementos interiores intensifican esa sensaci\u00f3n.<\/p>\n\n\n\n<p class=\"has-medium-font-size wp-block-paragraph\">Una casa puede calentarse por cristales expuestos, paredes soleadas, suelos que retienen temperatura, electrodom\u00e9sticos en funcionamiento o una ventilaci\u00f3n mal planteada. Por eso, combatir el calor empieza mucho antes de climatizar: empieza observando c\u00f3mo se comporta cada estancia a lo largo del d\u00eda y qu\u00e9 h\u00e1bitos la hacen m\u00e1s confortable.<\/p>\n\n\n\n<p class=\"has-medium-font-size wp-block-paragraph\">La decoraci\u00f3n tambi\u00e9n participa en esa sensaci\u00f3n de frescor. Un sal\u00f3n despejado, textiles ligeros, muebles proporcionados y materiales naturales pueden hacer que el ambiente resulte m\u00e1s sereno, transpirable y amable. No enfr\u00edan por s\u00ed solos, pero ayudan a que el espacio se perciba menos cargado y m\u00e1s agradable.<\/p>\n\n\n\n<p class=\"has-medium-font-size wp-block-paragraph\">Esta gu\u00eda re\u00fane <strong>soluciones sencillas para reducir el calor real y la sensaci\u00f3n de agobio en casa<\/strong> mediante h\u00e1bitos cotidianos, una distribuci\u00f3n m\u00e1s inteligente, materiales adecuados y una decoraci\u00f3n pensada para el verano. Porque una vivienda fresca no siempre exige grandes obras, sino decisiones bien tomadas.<\/p>\n\n\n\n<div style=\"height:25px\" aria-hidden=\"true\" class=\"wp-block-spacer\"><\/div>\n\n\n\n<div id=\"ez-toc-container\" class=\"ez-toc-v2_0_85 counter-hierarchy ez-toc-counter ez-toc-grey ez-toc-container-direction\">\n<div class=\"ez-toc-title-container\">\n<p class=\"ez-toc-title\" style=\"cursor:inherit\">Table of Contents<\/p>\n<span class=\"ez-toc-title-toggle\"><a href=\"#\" class=\"ez-toc-pull-right ez-toc-btn ez-toc-btn-xs ez-toc-btn-default ez-toc-toggle\" aria-label=\"Toggle Table of Content\"><span class=\"ez-toc-js-icon-con\"><span class=\"\"><span class=\"eztoc-hide\" style=\"display:none;\">Toggle<\/span><span class=\"ez-toc-icon-toggle-span\"><svg style=\"fill: #999;color:#999\" xmlns=\"http:\/\/www.w3.org\/2000\/svg\" class=\"list-377408\" width=\"20px\" height=\"20px\" viewbox=\"0 0 24 24\" fill=\"none\"><path d=\"M6 6H4v2h2V6zm14 0H8v2h12V6zM4 11h2v2H4v-2zm16 0H8v2h12v-2zM4 16h2v2H4v-2zm16 0H8v2h12v-2z\" fill=\"currentColor\"><\/path><\/svg><svg style=\"fill: #999;color:#999\" class=\"arrow-unsorted-368013\" xmlns=\"http:\/\/www.w3.org\/2000\/svg\" width=\"10px\" height=\"10px\" viewbox=\"0 0 24 24\" version=\"1.2\" baseprofile=\"tiny\"><path d=\"M18.2 9.3l-6.2-6.3-6.2 6.3c-.2.2-.3.4-.3.7s.1.5.3.7c.2.2.4.3.7.3h11c.3 0 .5-.1.7-.3.2-.2.3-.5.3-.7s-.1-.5-.3-.7zM5.8 14.7l6.2 6.3 6.2-6.3c.2-.2.3-.5.3-.7s-.1-.5-.3-.7c-.2-.2-.4-.3-.7-.3h-11c-.3 0-.5.1-.7.3-.2.2-.3.5-.3.7s.1.5.3.7z\"\/><\/svg><\/span><\/span><\/span><\/a><\/span><\/div>\n<nav><ul class='ez-toc-list ez-toc-list-level-1' ><li class='ez-toc-page-1 ez-toc-heading-level-2'><a class=\"ez-toc-link ez-toc-heading-1\" href=\"https:\/\/mueblesdetena.es\/ru_ru\/eliminar-calor-de-casa-muebles-ayuden-causa\/#El_calor_no_entra_solo_por_las_ventanas_asi_se_acumula_dentro_de_una_vivienda\" >El calor no entra solo por las ventanas: as\u00ed se acumula dentro de una vivienda<\/a><\/li><li class='ez-toc-page-1 ez-toc-heading-level-2'><a class=\"ez-toc-link ez-toc-heading-2\" href=\"https:\/\/mueblesdetena.es\/ru_ru\/eliminar-calor-de-casa-muebles-ayuden-causa\/#Ventanas_persianas_y_ventilacion_las_decisiones_que_mas_grados_pueden_ahorrarte\" >Ventanas, persianas y ventilaci\u00f3n: las decisiones que m\u00e1s grados pueden ahorrarte<\/a><ul class='ez-toc-list-level-3' ><li class='ez-toc-heading-level-3'><a class=\"ez-toc-link ez-toc-heading-3\" href=\"https:\/\/mueblesdetena.es\/ru_ru\/eliminar-calor-de-casa-muebles-ayuden-causa\/#Cerrar_antes_de_que_llegue_el_sol\" >Cerrar antes de que llegue el sol<\/a><\/li><li class='ez-toc-page-1 ez-toc-heading-level-3'><a class=\"ez-toc-link ez-toc-heading-4\" href=\"https:\/\/mueblesdetena.es\/ru_ru\/eliminar-calor-de-casa-muebles-ayuden-causa\/#Ventilar_cuando_el_exterior_esta_mas_fresco\" >Ventilar cuando el exterior est\u00e1 m\u00e1s fresco<\/a><\/li><li class='ez-toc-page-1 ez-toc-heading-level-3'><a class=\"ez-toc-link ez-toc-heading-5\" href=\"https:\/\/mueblesdetena.es\/ru_ru\/eliminar-calor-de-casa-muebles-ayuden-causa\/#Mantener_el_aire_en_movimiento\" >Mantener el aire en movimiento<\/a><\/li><\/ul><\/li><li class='ez-toc-page-1 ez-toc-heading-level-2'><a class=\"ez-toc-link ez-toc-heading-6\" href=\"https:\/\/mueblesdetena.es\/ru_ru\/eliminar-calor-de-casa-muebles-ayuden-causa\/#Los_muebles_tambien_ayudan_a_combatir_el_calor\" >Los muebles tambi\u00e9n ayudan a combatir el calor<\/a><\/li><li class='ez-toc-page-1 ez-toc-heading-level-2'><a class=\"ez-toc-link ez-toc-heading-7\" href=\"https:\/\/mueblesdetena.es\/ru_ru\/eliminar-calor-de-casa-muebles-ayuden-causa\/#Textiles_de_verano_el_cambio_mas_barato_y_uno_de_los_mas_efectivos\" >Textiles de verano: el cambio m\u00e1s barato y uno de los m\u00e1s efectivos<\/a><\/li><li class='ez-toc-page-1 ez-toc-heading-level-2'><a class=\"ez-toc-link ez-toc-heading-8\" href=\"https:\/\/mueblesdetena.es\/ru_ru\/eliminar-calor-de-casa-muebles-ayuden-causa\/#Colores_que_ayudan_a_crear_una_casa_mas_fresca\" >Colores que ayudan a crear una casa m\u00e1s fresca<\/a><\/li><li class='ez-toc-page-1 ez-toc-heading-level-2'><a class=\"ez-toc-link ez-toc-heading-9\" href=\"https:\/\/mueblesdetena.es\/ru_ru\/eliminar-calor-de-casa-muebles-ayuden-causa\/#Elimina_las_pequenas_fuentes_de_calor_que_casi_nunca_tenemos_en_cuenta\" >Elimina las peque\u00f1as fuentes de calor que casi nunca tenemos en cuenta<\/a><\/li><li class='ez-toc-page-1 ez-toc-heading-level-2'><a class=\"ez-toc-link ez-toc-heading-10\" href=\"https:\/\/mueblesdetena.es\/ru_ru\/eliminar-calor-de-casa-muebles-ayuden-causa\/#Dormir_fresco_como_preparar_el_dormitorio_para_las_noches_mas_calurosas\" >Dormir fresco: c\u00f3mo preparar el dormitorio para las noches m\u00e1s calurosas<\/a><\/li><li class='ez-toc-page-1 ez-toc-heading-level-2'><a class=\"ez-toc-link ez-toc-heading-11\" href=\"https:\/\/mueblesdetena.es\/ru_ru\/eliminar-calor-de-casa-muebles-ayuden-causa\/#Errores_muy_habituales_que_hacen_que_una_casa_tenga_mas_calor_del_necesario\" >Errores muy habituales que hacen que una casa tenga m\u00e1s calor del necesario<\/a><\/li><\/ul><\/nav><\/div>\n<h2 class=\"wp-block-heading\"><span class=\"ez-toc-section\" id=\"El_calor_no_entra_solo_por_las_ventanas_asi_se_acumula_dentro_de_una_vivienda\"><\/span>El calor no entra solo por las ventanas: as\u00ed se acumula dentro de una vivienda<span class=\"ez-toc-section-end\"><\/span><\/h2>\n\n\n\n<p class=\"has-medium-font-size wp-block-paragraph\">El calor entra en casa de forma silenciosa, mucho antes de que la temperatura resulte inc\u00f3moda. <strong>Los cristales expuestos al sol act\u00faan como una puerta de entrada directa<\/strong>: dejan pasar la radiaci\u00f3n, calientan el aire interior y elevan la temperatura de cortinas, suelos, tapicer\u00edas y muebles cercanos.<\/p>\n\n\n\n<p class=\"has-medium-font-size wp-block-paragraph\">Pero el problema no termina en las ventanas. <strong>Cuando una vivienda recibe muchas horas de sol, las paredes, los techos y los pavimentos empiezan a absorber calor<\/strong> como si fueran una reserva t\u00e9rmica. Por eso algunas estancias siguen resultando pesadas incluso cuando el sol ya ha desaparecido de la fachada.<\/p>\n\n\n\n<p class=\"has-medium-font-size wp-block-paragraph\">Durante la noche, ese calor acumulado se libera poco a poco. Es el motivo por el que un dormitorio puede sentirse cargado aunque fuera refresque ligeramente. <strong>Los materiales que han absorbido temperatura durante el d\u00eda la devuelven al ambiente, dificultando el descanso<\/strong> y alargando la sensaci\u00f3n de bochorno.<\/p>\n\n\n\n<p class=\"has-medium-font-size wp-block-paragraph\">Tambi\u00e9n hay fuentes internas que suman grados sin que apenas lo notemos. <strong>El horno, la placa, algunos peque\u00f1os electrodom\u00e9sticos, televisores, ordenadores, cargadores e incluso una iluminaci\u00f3n poco eficiente generan calor dentro de casa<\/strong>. En verano, cada aparato encendido contribuye a que el ambiente sea menos ligero.<\/p>\n\n\n\n<p class=\"has-medium-font-size wp-block-paragraph\">Por eso, refrescar una vivienda no consiste solo en abrir ventanas cuando ya hace calor. La clave est\u00e1 en anticiparse: proteger cristales, reducir fuentes internas y evitar que paredes, suelos y muebles acumulen temperatura. Cuanto menos calor se almacene, m\u00e1s f\u00e1cil ser\u00e1 mantener una casa agradable.<\/p>\n\n\n\n<h2 class=\"wp-block-heading\"><span class=\"ez-toc-section\" id=\"Ventanas_persianas_y_ventilacion_las_decisiones_que_mas_grados_pueden_ahorrarte\"><\/span>Ventanas, persianas y ventilaci\u00f3n: las decisiones que m\u00e1s grados pueden ahorrarte<span class=\"ez-toc-section-end\"><\/span><\/h2>\n\n\n\n<h3 class=\"wp-block-heading\"><span class=\"ez-toc-section\" id=\"Cerrar_antes_de_que_llegue_el_sol\"><\/span>Cerrar antes de que llegue el sol<span class=\"ez-toc-section-end\"><\/span><\/h3>\n\n\n\n<p class=\"has-medium-font-size wp-block-paragraph\">La protecci\u00f3n solar empieza antes de notar el calor dentro de casa. <strong>Bajar persianas, correr cortinas o desplegar toldos durante las horas de mayor incidencia<\/strong> evita que cristales, suelos y muebles acumulen temperatura. En verano, anticiparse es mucho m\u00e1s eficaz que intentar enfriar despu\u00e9s una estancia ya cargada.<\/p>\n\n\n\n<p class=\"has-medium-font-size wp-block-paragraph\"><strong>Las orientaciones sur y oeste suelen ser las m\u00e1s delicadas<\/strong>, porque reciben sol intenso durante m\u00e1s horas y especialmente por la tarde. En estos casos, las persianas act\u00faan como primera barrera, los toldos reducen la radiaci\u00f3n directa y las cortinas aportan una capa interior que suaviza luz, ambiente y sensaci\u00f3n t\u00e9rmica.<\/p>\n\n\n\n<h3 class=\"wp-block-heading\"><span class=\"ez-toc-section\" id=\"Ventilar_cuando_el_exterior_esta_mas_fresco\"><\/span>Ventilar cuando el exterior est\u00e1 m\u00e1s fresco<span class=\"ez-toc-section-end\"><\/span><\/h3>\n\n\n\n<p class=\"has-medium-font-size wp-block-paragraph\"><strong>Abrir las ventanas todo el d\u00eda no siempre refresca<\/strong>; de hecho, puede tener el efecto contrario si fuera hace m\u00e1s calor que dentro. La ventilaci\u00f3n funciona mejor a primera hora de la ma\u00f1ana, por la noche o cuando la temperatura exterior desciende y el aire puede renovar la casa.<\/p>\n\n\n\n<p class=\"has-medium-font-size wp-block-paragraph\">La ventilaci\u00f3n cruzada es una de las estrategias m\u00e1s eficaces: <strong>abrir ventanas en lados opuestos permite crear una corriente suave que expulsa el aire caliente acumulado<\/strong>. Si la distribuci\u00f3n no lo permite, conviene favorecer recorridos despejados, abrir puertas interiores y evitar muebles que bloqueen el paso natural del aire.<\/p>\n\n\n\n<h3 class=\"wp-block-heading\"><span class=\"ez-toc-section\" id=\"Mantener_el_aire_en_movimiento\"><\/span>Mantener el aire en movimiento<span class=\"ez-toc-section-end\"><\/span><\/h3>\n\n\n\n<p class=\"has-medium-font-size wp-block-paragraph\">Los ventiladores no enfr\u00edan una habitaci\u00f3n como lo har\u00eda un sistema de climatizaci\u00f3n, pero s\u00ed <strong>ayudan a que el calor se perciba de forma m\u00e1s llevadera<\/strong>. Al mover el aire sobre la piel, generan una sensaci\u00f3n de frescor inmediata, especialmente \u00fatil en salones, dormitorios o zonas de trabajo.<\/p>\n\n\n\n<p class=\"has-medium-font-size wp-block-paragraph\">Para que resulten eficaces, <strong>deben colocarse donde realmente est\u00e1n las personas, no encendidos en estancias vac\u00edas<\/strong>. Un ventilador de pie, de techo o de sobremesa funciona mejor si acompa\u00f1a la actividad diaria: junto al sof\u00e1, cerca de la cama o en un rinc\u00f3n donde impulse el aire sin obst\u00e1culos.<\/p>\n\n\n\n<div style=\"height:25px\" aria-hidden=\"true\" class=\"wp-block-spacer\"><\/div>\n\n\n\n<figure class=\"wp-block-image alignfull size-full\"><img fetchpriority=\"high\" decoding=\"async\" width=\"2560\" height=\"1440\" src=\"https:\/\/mueblesdetena.es\/wp-content\/uploads\/2026\/07\/calor-muebles-2.jpg\" alt=\"calor\" class=\"wp-image-47599\" srcset=\"https:\/\/mueblesdetena.es\/wp-content\/uploads\/2026\/07\/calor-muebles-2.jpg 2560w, https:\/\/mueblesdetena.es\/wp-content\/uploads\/2026\/07\/calor-muebles-2-300x169.jpg 300w, https:\/\/mueblesdetena.es\/wp-content\/uploads\/2026\/07\/calor-muebles-2-1024x576.jpg 1024w, https:\/\/mueblesdetena.es\/wp-content\/uploads\/2026\/07\/calor-muebles-2-768x432.jpg 768w, https:\/\/mueblesdetena.es\/wp-content\/uploads\/2026\/07\/calor-muebles-2-1536x864.jpg 1536w, https:\/\/mueblesdetena.es\/wp-content\/uploads\/2026\/07\/calor-muebles-2-2048x1152.jpg 2048w, https:\/\/mueblesdetena.es\/wp-content\/uploads\/2026\/07\/calor-muebles-2-600x338.jpg 600w\" sizes=\"(max-width: 2560px) 100vw, 2560px\" \/><\/figure>\n\n\n\n<div style=\"height:25px\" aria-hidden=\"true\" class=\"wp-block-spacer\"><\/div>\n\n\n\n<h2 class=\"wp-block-heading\"><span class=\"ez-toc-section\" id=\"Los_muebles_tambien_ayudan_a_combatir_el_calor\"><\/span>Los muebles tambi\u00e9n ayudan a combatir el calor<span class=\"ez-toc-section-end\"><\/span><\/h2>\n\n\n\n<p class=\"has-medium-font-size wp-block-paragraph\">Aunque pocas veces se relacionan con el confort t\u00e9rmico, los muebles tambi\u00e9n pueden favorecer una vivienda m\u00e1s agradable durante los meses de calor. La distribuci\u00f3n influye directamente en la circulaci\u00f3n del aire, por lo que <strong>conviene evitar piezas demasiado voluminosas en zonas de paso<\/strong> que dificulten el movimiento natural entre estancias o alrededor de las ventanas.<\/p>\n\n\n\n<p class=\"has-medium-font-size wp-block-paragraph\">Cuando el espacio lo permite, <strong>separar ligeramente los muebles de gran tama\u00f1o de las paredes<\/strong> tambi\u00e9n ayuda a que el aire circule con mayor facilidad. No se trata de transformar por completo la distribuci\u00f3n de la casa, sino de eliminar obst\u00e1culos innecesarios y crear recorridos m\u00e1s despejados que favorezcan una ventilaci\u00f3n m\u00e1s eficiente y uniforme.<\/p>\n\n\n\n<p class=\"has-medium-font-size wp-block-paragraph\">Los materiales tambi\u00e9n desempe\u00f1an un papel importante, aunque conviene evitar falsas expectativas. <strong>La madera natural, las fibras vegetales, el rat\u00e1n, la enea o el bamb\u00fa no reducen la temperatura de una habitaci\u00f3n, pero ofrecen una sensaci\u00f3n m\u00e1s agradable<\/strong> al tacto y transmiten una imagen ligera que resulta especialmente confortable durante el verano.<\/p>\n\n\n\n<p class=\"has-medium-font-size wp-block-paragraph\">Lo mismo ocurre con los textiles que acompa\u00f1an al mobiliario. <strong>Fundas de algod\u00f3n, cojines confeccionados con lino o peque\u00f1os detalles elaborados con tejidos naturales aportan frescura visual<\/strong> y un contacto m\u00e1s agradable con la piel. Son materiales transpirables que mejoran la experiencia diaria sin necesidad de recurrir a soluciones complejas ni costosas.<\/p>\n\n\n\n<p class=\"has-medium-font-size wp-block-paragraph\">La percepci\u00f3n del espacio tambi\u00e9n influye en c\u00f3mo vivimos el calor. <strong>Los muebles de l\u00edneas ligeras, las vitrinas abiertas o los dise\u00f1os con patas vistas permiten que la luz y la mirada circulen con mayor facilidad<\/strong>. Este efecto visual genera ambientes m\u00e1s despejados, amplios y equilibrados, reduciendo la sensaci\u00f3n de pesadez caracter\u00edstica de las estancias sobrecargadas.<\/p>\n\n\n\n<p class=\"has-medium-font-size wp-block-paragraph\">Por el contrario, una decoraci\u00f3n excesivamente densa, con demasiados objetos, muebles macizos o composiciones muy compactas, puede hacer que una habitaci\u00f3n resulte m\u00e1s agobiante. <strong>Apostar por una selecci\u00f3n cuidada de piezas, mantener superficies despejadas y equilibrar los elementos decorativos<\/strong> ayuda a crear interiores m\u00e1s ligeros, donde la amplitud visual contribuye a hacer m\u00e1s llevaderos los d\u00edas de calor.<\/p>\n\n\n\n<div style=\"height:25px\" aria-hidden=\"true\" class=\"wp-block-spacer\"><\/div>\n\n\n\n<h2 class=\"wp-block-heading\"><span class=\"ez-toc-section\" id=\"Textiles_de_verano_el_cambio_mas_barato_y_uno_de_los_mas_efectivos\"><\/span>Textiles de verano: el cambio m\u00e1s barato y uno de los m\u00e1s efectivos<span class=\"ez-toc-section-end\"><\/span><\/h2>\n\n\n\n<p class=\"has-medium-font-size wp-block-paragraph\">El <strong>dormitorio<\/strong> es el primer lugar donde conviene actuar cuando el calor empieza a alterar el descanso. Cambiar la ropa de cama por s\u00e1banas de algod\u00f3n, lino o percal transforma la sensaci\u00f3n al acostarse: son tejidos ligeros, transpirables y agradables al tacto, capaces de crear una cama mucho m\u00e1s fresca y serena.<\/p>\n\n\n\n<p class=\"has-medium-font-size wp-block-paragraph\">El lino aporta ese acabado relajado y natural tan propio de las casas de verano, mientras que el algod\u00f3n y el percal ofrecen una superficie suave, seca y confortable. No se trata solo de dormir mejor, sino de vestir el dormitorio con menos peso visual, m\u00e1s aire y una sensaci\u00f3n inmediata de calma.<\/p>\n\n\n\n<p class=\"has-medium-font-size wp-block-paragraph\">En el <strong>sal\u00f3n<\/strong>, el cambio puede ser igual de sencillo. Fundas claras para el sof\u00e1, cojines de tejidos finos y cortinas m\u00e1s ligeras ayudan a rebajar la presencia del calor sin transformar toda la decoraci\u00f3n. La estancia parece menos cargada, m\u00e1s luminosa y mucho m\u00e1s amable para pasar las horas centrales del d\u00eda.<\/p>\n\n\n\n<p class=\"has-medium-font-size wp-block-paragraph\">Tambi\u00e9n conviene guardar temporalmente terciopelos, mantas gruesas, lanas decorativas y tejidos densos. Aunque no eleven la temperatura por s\u00ed solos, transmiten una sensaci\u00f3n de abrigo que resulta poco apetecible en verano. Sustituirlos por texturas frescas hace que la casa se perciba m\u00e1s ligera desde la vista y desde la piel.<\/p>\n\n\n\n<div style=\"height:25px\" aria-hidden=\"true\" class=\"wp-block-spacer\"><\/div>\n\n\n\n<h2 class=\"wp-block-heading\"><span class=\"ez-toc-section\" id=\"Colores_que_ayudan_a_crear_una_casa_mas_fresca\"><\/span>Colores que ayudan a crear una casa m\u00e1s fresca<span class=\"ez-toc-section-end\"><\/span><\/h2>\n\n\n\n<p class=\"has-medium-font-size wp-block-paragraph\">Los colores claros no eliminan el calor por s\u00ed solos, pero s\u00ed cambian por completo la forma en que percibimos una estancia en verano. <strong><mark style=\"background-color:rgba(0, 0, 0, 0);color:#fcb900\" class=\"has-inline-color\">Blancos c\u00e1lidos, tonos arena, piedra o lino suavizan la luz, rebajan la intensidad visual<\/mark><\/strong> y ayudan a que salones y dormitorios resulten m\u00e1s serenos, limpios y descansados.<\/p>\n\n\n\n<p class=\"has-medium-font-size wp-block-paragraph\">Frente a los colores muy saturados, que pueden hacer que una habitaci\u00f3n parezca m\u00e1s densa y cargada, las gamas suaves aportan amplitud y ligereza. <strong><mark style=\"background-color:rgba(0, 0, 0, 0);color:#7bdcb5\" class=\"has-inline-color\">Un verde salvia, un verde agua o un azul gris\u00e1ceo introducen frescor sin enfriar en exceso<\/mark><\/strong> el ambiente ni romper la calidez natural de la casa.<\/p>\n\n\n\n<p class=\"has-medium-font-size wp-block-paragraph\">No hace falta pintar toda la vivienda para notar el cambio. A veces basta con <strong>sustituir fundas de coj\u00edn, renovar una colcha, elegir unas cortinas m\u00e1s claras o incorporar una alfombra ligera en tonos naturales<\/strong>. Son gestos sencillos que reducen la sensaci\u00f3n de calor sin transformar por completo la decoraci\u00f3n.<\/p>\n\n\n\n<p class=\"has-medium-font-size wp-block-paragraph\">Tambi\u00e9n los muebles auxiliares pueden ayudar a refrescar visualmente una estancia. <strong>Una mesa clara, una butaca tapizada en lino, una c\u00f3moda en madera lavada o peque\u00f1os detalles cer\u00e1micos en tonos piedra aportan equilibrio<\/strong>. La clave est\u00e1 en crear una atm\u00f3sfera menos pesada, m\u00e1s luminosa y agradable durante los meses de calor.<\/p>\n\n\n\n<div style=\"height:25px\" aria-hidden=\"true\" class=\"wp-block-spacer\"><\/div>\n\n\n\n<figure class=\"wp-block-image size-full\"><img decoding=\"async\" width=\"2560\" height=\"1440\" src=\"https:\/\/mueblesdetena.es\/wp-content\/uploads\/2026\/07\/calor-muebles-3.jpg\" alt=\"calor\" class=\"wp-image-47603\" srcset=\"https:\/\/mueblesdetena.es\/wp-content\/uploads\/2026\/07\/calor-muebles-3.jpg 2560w, https:\/\/mueblesdetena.es\/wp-content\/uploads\/2026\/07\/calor-muebles-3-300x169.jpg 300w, https:\/\/mueblesdetena.es\/wp-content\/uploads\/2026\/07\/calor-muebles-3-1024x576.jpg 1024w, https:\/\/mueblesdetena.es\/wp-content\/uploads\/2026\/07\/calor-muebles-3-768x432.jpg 768w, https:\/\/mueblesdetena.es\/wp-content\/uploads\/2026\/07\/calor-muebles-3-1536x864.jpg 1536w, https:\/\/mueblesdetena.es\/wp-content\/uploads\/2026\/07\/calor-muebles-3-2048x1152.jpg 2048w, https:\/\/mueblesdetena.es\/wp-content\/uploads\/2026\/07\/calor-muebles-3-600x338.jpg 600w\" sizes=\"(max-width: 2560px) 100vw, 2560px\" \/><\/figure>\n\n\n\n<div style=\"height:25px\" aria-hidden=\"true\" class=\"wp-block-spacer\"><\/div>\n\n\n\n<h2 class=\"wp-block-heading\"><span class=\"ez-toc-section\" id=\"Elimina_las_pequenas_fuentes_de_calor_que_casi_nunca_tenemos_en_cuenta\"><\/span>Elimina las peque\u00f1as fuentes de calor que casi nunca tenemos en cuenta<span class=\"ez-toc-section-end\"><\/span><\/h2>\n\n\n\n<ul class=\"wp-block-list\">\n<li class=\"has-medium-font-size\">El <strong>horno<\/strong> es uno de los grandes focos de calor dom\u00e9stico, especialmente en cocinas abiertas al sal\u00f3n. En verano conviene reservarlo para primera hora de la ma\u00f1ana, apostar por recetas fr\u00edas, cocciones r\u00e1pidas o preparaciones en peque\u00f1os electrodom\u00e9sticos, siempre que generen menos temperatura y permitan cocinar sin recalentar toda la estancia.<\/li>\n\n\n\n<li class=\"has-medium-font-size\">La <strong>vitrocer\u00e1mica<\/strong> tambi\u00e9n eleva la sensaci\u00f3n t\u00e9rmica, sobre todo cuando se utiliza durante mucho tiempo. Para reducir ese calor residual, funcionan las tapas, las ollas de cocci\u00f3n eficiente y una planificaci\u00f3n sencilla: cocinar varias raciones de una vez, evitar elaboraciones largas en las horas centrales y ventilar la cocina justo despu\u00e9s.<\/li>\n\n\n\n<li class=\"has-medium-font-size\">La <strong>iluminaci\u00f3n antigua<\/strong> es otro detalle invisible. Las bombillas hal\u00f3genas o incandescentes desprenden m\u00e1s calor que las LED, adem\u00e1s de consumir m\u00e1s energ\u00eda. Sustituirlas aligera el ambiente y mejora el confort. En salones y dormitorios, elegir luz c\u00e1lida regulable permite mantener una atm\u00f3sfera acogedora sin sumar temperatura innecesaria.<\/li>\n\n\n\n<li class=\"has-medium-font-size\"><strong>Cargadores enchufados, televisores, ordenadores y peque\u00f1os electrodom\u00e9sticos<\/strong> en reposo tambi\u00e9n aportan calor constante, aunque parezca m\u00ednimo. La soluci\u00f3n es tan decorativa como pr\u00e1ctica: regletas con interruptor, zonas de carga ordenadas, muebles que permitan ventilaci\u00f3n trasera y el h\u00e1bito de apagar lo que no se usa.<\/li>\n<\/ul>\n\n\n\n<div style=\"height:25px\" aria-hidden=\"true\" class=\"wp-block-spacer\"><\/div>\n\n\n\n<h2 class=\"wp-block-heading\"><span class=\"ez-toc-section\" id=\"Dormir_fresco_como_preparar_el_dormitorio_para_las_noches_mas_calurosas\"><\/span>Dormir fresco: c\u00f3mo preparar el dormitorio para las noches m\u00e1s calurosas<span class=\"ez-toc-section-end\"><\/span><\/h2>\n\n\n\n<p class=\"has-medium-font-size wp-block-paragraph\"><strong>Durante las horas centrales del d\u00eda, el dormitorio debe funcionar casi como una caja protegida del sol<\/strong>. Bajar persianas, correr cortinas y mantener la puerta entornada ayuda a que el calor no se instale en paredes, suelo y textiles. La clave est\u00e1 en anticiparse, no en reaccionar cuando la estancia ya est\u00e1 cargada.<\/p>\n\n\n\n<p class=\"has-medium-font-size wp-block-paragraph\"><strong>Por la noche, el gesto cambia: toca abrir cuando el aire exterior es m\u00e1s amable<\/strong>. Si es posible, conviene favorecer la ventilaci\u00f3n cruzada con otra ventana cercana, para renovar el ambiente sin crear corrientes inc\u00f3modas. Un dormitorio ventilado a \u00faltima hora resulta m\u00e1s ligero, m\u00e1s respirable y mucho m\u00e1s agradable para dormir.<\/p>\n\n\n\n<p class=\"has-medium-font-size wp-block-paragraph\">La cama tambi\u00e9n necesita vestirse de verano. <strong>S\u00e1banas de algod\u00f3n, lino o percal, fundas transpirables y colores suaves ayudan a reducir la sensaci\u00f3n de calor<\/strong> al contacto con la piel. En cambio, los protectores pl\u00e1sticos, los rellenos gruesos y las colchas decorativas pueden guardar temperatura y restar frescura durante la noche.<\/p>\n\n\n\n<p class=\"has-medium-font-size wp-block-paragraph\"><strong>Eliminar capas innecesarias es tan importante como elegir buenos tejidos<\/strong>. En los meses m\u00e1s c\u00e1lidos, la cama agradece quedarse con lo esencial: una s\u00e1bana ligera, una funda fina y, como mucho, un plaid muy liviano a los pies. Cuanto menos peso visual y f\u00edsico tenga, m\u00e1s sereno parecer\u00e1 el dormitorio.<\/p>\n\n\n\n<p class=\"has-medium-font-size wp-block-paragraph\"><strong>Tambi\u00e9n conviene despejar mesillas, c\u00f3modas y rincones<\/strong>. Un dormitorio menos saturado transmite calma, facilita la circulaci\u00f3n del aire y ayuda a descansar mejor. Reducir aparatos electr\u00f3nicos, cargadores y peque\u00f1as luces encendidas evita fuentes de calor y ruido visual. Dormir fresco empieza, muchas veces, por dormir en un espacio m\u00e1s ordenado.<\/p>\n\n\n\n<div style=\"height:25px\" aria-hidden=\"true\" class=\"wp-block-spacer\"><\/div>\n\n\n\n<h2 class=\"wp-block-heading\"><span class=\"ez-toc-section\" id=\"Errores_muy_habituales_que_hacen_que_una_casa_tenga_mas_calor_del_necesario\"><\/span>Errores muy habituales que hacen que una casa tenga m\u00e1s calor del necesario<span class=\"ez-toc-section-end\"><\/span><\/h2>\n\n\n\n<p class=\"has-medium-font-size wp-block-paragraph\"><strong><mark style=\"background-color:rgba(0, 0, 0, 0);color:#cf2e2e\" class=\"has-inline-color\">Abrir las ventanas durante todo el d\u00eda<\/mark><\/strong> parece una soluci\u00f3n l\u00f3gica, pero en pleno verano puede conseguir justo lo contrario. Si el aire exterior est\u00e1 m\u00e1s caliente que el interior, la vivienda absorbe calor sin descanso. Lo ideal es ventilar temprano, por la noche o cuando la temperatura exterior haya bajado.<\/p>\n\n\n\n<p class=\"has-medium-font-size wp-block-paragraph\">Otro error muy com\u00fan es <strong><mark style=\"background-color:rgba(0, 0, 0, 0);color:#cf2e2e\" class=\"has-inline-color\">bajar persianas, estores o cortinas cuando la habitaci\u00f3n ya se ha calentado<\/mark><\/strong>. En ese momento, el sol ha atravesado el cristal y ha dejado su huella en suelos, paredes y muebles. La clave est\u00e1 en anticiparse, sobre todo en orientaciones sur y oeste.<\/p>\n\n\n\n<p class=\"has-medium-font-size wp-block-paragraph\">La cocina tambi\u00e9n puede convertir una casa fresca en un espacio dif\u00edcil de habitar. <strong><mark style=\"background-color:rgba(0, 0, 0, 0);color:#cf2e2e\" class=\"has-inline-color\">Abusar del horno, cocinar guisos largos o utilizar la placa durante las horas centrales<\/mark><\/strong> suma calor al ambiente. En verano conviene apostar por preparaciones r\u00e1pidas, recetas fr\u00edas y cocciones breves, especialmente en cocinas abiertas al sal\u00f3n.<\/p>\n\n\n\n<p class=\"has-medium-font-size wp-block-paragraph\">Una habitaci\u00f3n demasiado llena siempre parece m\u00e1s pesada. <strong><mark style=\"background-color:rgba(0, 0, 0, 0);color:#cf2e2e\" class=\"has-inline-color\">Mesas repletas, estanter\u00edas saturadas, textiles gruesos y peque\u00f1os objetos por todas partes no suben los grados, pero s\u00ed aumentan la sensaci\u00f3n de calor visual<\/mark><\/strong>. Aligerar superficies, retirar piezas innecesarias y dejar respirar los muebles ayuda a que la casa se perciba m\u00e1s fresca.<\/p>\n\n\n\n<p class=\"has-medium-font-size wp-block-paragraph\">Tambi\u00e9n influye mucho d\u00f3nde se colocan los muebles. <strong><mark style=\"background-color:rgba(0, 0, 0, 0);color:#cf2e2e\" class=\"has-inline-color\">Un <a href=\"https:\/\/mueblesdetena.es\/ru_ru\/sofas-badalona\/\">sof\u00e1<\/a> delante de una ventana, una c\u00f3moda demasiado cercana al balc\u00f3n o una librer\u00eda bloqueando una corriente natural<\/mark><\/strong> dificultan la ventilaci\u00f3n. Para combatir el calor, conviene liberar pasos, huecos y zonas pr\u00f3ximas a las entradas de aire.<\/p>\n\n\n\n<p class=\"has-medium-font-size wp-block-paragraph\"><strong><mark style=\"background-color:rgba(0, 0, 0, 0);color:#cf2e2e\" class=\"has-inline-color\">Dejar aparatos encendidos<\/mark><\/strong> parece un detalle menor, pero suma. Televisores en reposo, ordenadores cargando, luces antiguas, routers, consolas o peque\u00f1os electrodom\u00e9sticos desprenden calor y hacen que el ambiente se cargue. Apagar lo que no se usa y renovar la iluminaci\u00f3n por LED mejora el confort diario.<\/p>\n\n\n\n<p class=\"has-medium-font-size wp-block-paragraph\">El <strong>ventilador<\/strong> es un gran aliado, siempre que se use bien. No enfr\u00eda una habitaci\u00f3n vac\u00eda ni baja la temperatura real como un aire acondicionado; refresca a las personas al mover el aire sobre la piel. Por eso <strong>debe colocarse donde se est\u00e1, no funcionando solo en otra estancia<\/strong>.<\/p>\n\n\n\n<p class=\"wp-block-paragraph\"><\/p>","protected":false},"excerpt":{"rendered":"<p>Cuando el verano entra en casa, el aire acondicionado parece la respuesta inmediata. Sin embargo, el calor no depende solo de encender o apagar un aparato. Tambi\u00e9n influye c\u00f3mo recibe la vivienda el sol, cu\u00e1nto tarda en liberar la temperatura acumulada y qu\u00e9 elementos interiores intensifican esa sensaci\u00f3n. Una casa puede calentarse por cristales expuestos, [&hellip;]<\/p>\n","protected":false},"author":618,"featured_media":47598,"comment_status":"closed","ping_status":"closed","sticky":false,"template":"","format":"standard","meta":{"site-sidebar-layout":"default","site-content-layout":"","ast-site-content-layout":"default","site-content-style":"default","site-sidebar-style":"default","ast-global-header-display":"","ast-banner-title-visibility":"","ast-main-header-display":"","ast-hfb-above-header-display":"","ast-hfb-below-header-display":"","ast-hfb-mobile-header-display":"","site-post-title":"","ast-breadcrumbs-content":"","ast-featured-img":"","footer-sml-layout":"","ast-disable-related-posts":"","theme-transparent-header-meta":"","adv-header-id-meta":"","stick-header-meta":"","header-above-stick-meta":"","header-main-stick-meta":"","header-below-stick-meta":"","astra-migrate-meta-layouts":"set","ast-page-background-enabled":"default","ast-page-background-meta":{"desktop":{"background-color":"var(--ast-global-color-4)","background-image":"","background-repeat":"repeat","background-position":"center center","background-size":"auto","background-attachment":"scroll","background-type":"","background-media":"","overlay-type":"","overlay-color":"","overlay-opacity":"","overlay-gradient":""},"tablet":{"background-color":"","background-image":"","background-repeat":"repeat","background-position":"center center","background-size":"auto","background-attachment":"scroll","background-type":"","background-media":"","overlay-type":"","overlay-color":"","overlay-opacity":"","overlay-gradient":""},"mobile":{"background-color":"","background-image":"","background-repeat":"repeat","background-position":"center center","background-size":"auto","background-attachment":"scroll","background-type":"","background-media":"","overlay-type":"","overlay-color":"","overlay-opacity":"","overlay-gradient":""}},"ast-content-background-meta":{"desktop":{"background-color":"var(--ast-global-color-5)","background-image":"","background-repeat":"repeat","background-position":"center center","background-size":"auto","background-attachment":"scroll","background-type":"","background-media":"","overlay-type":"","overlay-color":"","overlay-opacity":"","overlay-gradient":""},"tablet":{"background-color":"var(--ast-global-color-5)","background-image":"","background-repeat":"repeat","background-position":"center center","background-size":"auto","background-attachment":"scroll","background-type":"","background-media":"","overlay-type":"","overlay-color":"","overlay-opacity":"","overlay-gradient":""},"mobile":{"background-color":"var(--ast-global-color-5)","background-image":"","background-repeat":"repeat","background-position":"center center","background-size":"auto","background-attachment":"scroll","background-type":"","background-media":"","overlay-type":"","overlay-color":"","overlay-opacity":"","overlay-gradient":""}},"_joinchat":[],"footnotes":""},"categories":[1],"tags":[],"class_list":["post-47577","post","type-post","status-publish","format-standard","has-post-thumbnail","hentry","category-sin-categoria"],"_links":{"self":[{"href":"https:\/\/mueblesdetena.es\/ru_ru\/wp-json\/wp\/v2\/posts\/47577","targetHints":{"allow":["GET"]}}],"collection":[{"href":"https:\/\/mueblesdetena.es\/ru_ru\/wp-json\/wp\/v2\/posts"}],"about":[{"href":"https:\/\/mueblesdetena.es\/ru_ru\/wp-json\/wp\/v2\/types\/post"}],"author":[{"embeddable":true,"href":"https:\/\/mueblesdetena.es\/ru_ru\/wp-json\/wp\/v2\/users\/618"}],"replies":[{"embeddable":true,"href":"https:\/\/mueblesdetena.es\/ru_ru\/wp-json\/wp\/v2\/comments?post=47577"}],"version-history":[{"count":2,"href":"https:\/\/mueblesdetena.es\/ru_ru\/wp-json\/wp\/v2\/posts\/47577\/revisions"}],"predecessor-version":[{"id":47604,"href":"https:\/\/mueblesdetena.es\/ru_ru\/wp-json\/wp\/v2\/posts\/47577\/revisions\/47604"}],"wp:featuredmedia":[{"embeddable":true,"href":"https:\/\/mueblesdetena.es\/ru_ru\/wp-json\/wp\/v2\/media\/47598"}],"wp:attachment":[{"href":"https:\/\/mueblesdetena.es\/ru_ru\/wp-json\/wp\/v2\/media?parent=47577"}],"wp:term":[{"taxonomy":"category","embeddable":true,"href":"https:\/\/mueblesdetena.es\/ru_ru\/wp-json\/wp\/v2\/categories?post=47577"},{"taxonomy":"post_tag","embeddable":true,"href":"https:\/\/mueblesdetena.es\/ru_ru\/wp-json\/wp\/v2\/tags?post=47577"}],"curies":[{"name":"wp","href":"https:\/\/api.w.org\/{rel}","templated":true}]}}