{"id":48186,"date":"2026-08-11T09:00:00","date_gmt":"2026-08-11T07:00:00","guid":{"rendered":"https:\/\/mueblesdetena.es\/?p=48186"},"modified":"2026-08-11T09:14:18","modified_gmt":"2026-08-11T07:14:18","slug":"aromas-para-hogar-7-claves-para-casa-inolvidable","status":"publish","type":"post","link":"https:\/\/mueblesdetena.es\/ru_ru\/aromas-para-hogar-7-claves-para-casa-inolvidable\/","title":{"rendered":"Aromas para el hogar: 7 claves para crear una casa inolvidable"},"content":{"rendered":"<p class=\"has-medium-font-size wp-block-paragraph\">Hay casas que empiezan a contarnos qui\u00e9nes son antes incluso de que reparemos en el sof\u00e1, la l\u00e1mpara o el color de las paredes. Basta cruzar la puerta de una tienda, un hotel o una vivienda para que el olor marque, en segundos, nuestra primera impresi\u00f3n del espacio, sin avisar.<\/p>\n\n\n\n<p class=\"has-medium-font-size wp-block-paragraph\">Las firmas de moda lo saben bien: repiten una misma fragancia para ser reconocibles, reforzar su car\u00e1cter y envolver al cliente en una experiencia coherente. En casa, los <strong><a href=\"https:\/\/www.rituals.com\/es-es\/hogar\/fragancias-en-spray?utm_source=google&amp;utm_medium=cpc&amp;utm_campaign=alwayson-alwayson&amp;utm_phase=conversion&amp;utm_content=search-nonbrand-beauty-na-na&amp;utm_term=nb_beauty&amp;utm_id=12_14_22_2_4_186&amp;gad_source=1&amp;gad_campaignid=22371313592&amp;gclid=Cj0KCQjw-MDTBhCgARIsAKAkdlQlils9FNCjYCaT6CxwMUFlyboLvclFUvkzpKjsoDkfVJrNuS-GemsaAp8CEALw_wcB\" target=\"_blank\" rel=\"noopener\"><mark style=\"background-color:rgba(0, 0, 0, 0);color:#7bdcb5\" class=\"has-inline-color\">aromas<\/mark><\/a><\/strong> pueden cumplir una funci\u00f3n semejante, no para vender, sino para expresar calma, frescura, calidez o sofisticaci\u00f3n y dejar una huella emocional duradera.<\/p>\n\n\n\n<p class=\"has-medium-font-size wp-block-paragraph\">Por eso, perfumar no consiste en tapar olores ni en llenar cada habitaci\u00f3n de esencias distintas. El ambiente olfativo debe pensarse con la misma precisi\u00f3n que los muebles, los textiles, la paleta crom\u00e1tica o la iluminaci\u00f3n, para que todos los elementos construyan una atm\u00f3sfera armoniosa, personal, coherente, reconocible y verdaderamente memorable.<\/p>\n\n\n\n<div style=\"height:25px\" aria-hidden=\"true\" class=\"wp-block-spacer\"><\/div>\n\n\n\n<div id=\"ez-toc-container\" class=\"ez-toc-v2_0_85 counter-hierarchy ez-toc-counter ez-toc-grey ez-toc-container-direction\">\n<div class=\"ez-toc-title-container\">\n<p class=\"ez-toc-title\" style=\"cursor:inherit\">Table of Contents<\/p>\n<span class=\"ez-toc-title-toggle\"><a href=\"#\" class=\"ez-toc-pull-right ez-toc-btn ez-toc-btn-xs ez-toc-btn-default ez-toc-toggle\" aria-label=\"Toggle Table of Content\"><span class=\"ez-toc-js-icon-con\"><span class=\"\"><span class=\"eztoc-hide\" style=\"display:none;\">Toggle<\/span><span class=\"ez-toc-icon-toggle-span\"><svg style=\"fill: #999;color:#999\" xmlns=\"http:\/\/www.w3.org\/2000\/svg\" class=\"list-377408\" width=\"20px\" height=\"20px\" viewbox=\"0 0 24 24\" fill=\"none\"><path d=\"M6 6H4v2h2V6zm14 0H8v2h12V6zM4 11h2v2H4v-2zm16 0H8v2h12v-2zM4 16h2v2H4v-2zm16 0H8v2h12v-2z\" fill=\"currentColor\"><\/path><\/svg><svg style=\"fill: #999;color:#999\" class=\"arrow-unsorted-368013\" xmlns=\"http:\/\/www.w3.org\/2000\/svg\" width=\"10px\" height=\"10px\" viewbox=\"0 0 24 24\" version=\"1.2\" baseprofile=\"tiny\"><path d=\"M18.2 9.3l-6.2-6.3-6.2 6.3c-.2.2-.3.4-.3.7s.1.5.3.7c.2.2.4.3.7.3h11c.3 0 .5-.1.7-.3.2-.2.3-.5.3-.7s-.1-.5-.3-.7zM5.8 14.7l6.2 6.3 6.2-6.3c.2-.2.3-.5.3-.7s-.1-.5-.3-.7c-.2-.2-.4-.3-.7-.3h-11c-.3 0-.5.1-.7.3-.2.2-.3.5-.3.7s.1.5.3.7z\"\/><\/svg><\/span><\/span><\/span><\/a><\/span><\/div>\n<nav><ul class='ez-toc-list ez-toc-list-level-1' ><li class='ez-toc-page-1 ez-toc-heading-level-2'><a class=\"ez-toc-link ez-toc-heading-1\" href=\"https:\/\/mueblesdetena.es\/ru_ru\/aromas-para-hogar-7-claves-para-casa-inolvidable\/#Lo_que_las_tiendas_de_ropa_saben_sobre_nuestra_memoria_olfativa\" >Lo que las tiendas de ropa saben sobre nuestra memoria olfativa<\/a><\/li><li class='ez-toc-page-1 ez-toc-heading-level-2'><a class=\"ez-toc-link ez-toc-heading-2\" href=\"https:\/\/mueblesdetena.es\/ru_ru\/aromas-para-hogar-7-claves-para-casa-inolvidable\/#1_Define_que_deberia_transmitir_el_aroma_de_tu_casa\" >1. Define qu\u00e9 deber\u00eda transmitir el aroma de tu casa<\/a><\/li><li class='ez-toc-page-1 ez-toc-heading-level-2'><a class=\"ez-toc-link ez-toc-heading-3\" href=\"https:\/\/mueblesdetena.es\/ru_ru\/aromas-para-hogar-7-claves-para-casa-inolvidable\/#2_Elige_una_fragancia_principal_en_lugar_de_mezclar_ambientadores\" >2. Elige una fragancia principal en lugar de mezclar ambientadores<\/a><\/li><li class='ez-toc-page-1 ez-toc-heading-level-2'><a class=\"ez-toc-link ez-toc-heading-4\" href=\"https:\/\/mueblesdetena.es\/ru_ru\/aromas-para-hogar-7-claves-para-casa-inolvidable\/#3_Crea_un_mapa_de_aromas_segun_el_uso_de_cada_estancia\" >3. Crea un mapa de aromas seg\u00fan el uso de cada estancia<\/a><\/li><li class='ez-toc-page-1 ez-toc-heading-level-2'><a class=\"ez-toc-link ez-toc-heading-5\" href=\"https:\/\/mueblesdetena.es\/ru_ru\/aromas-para-hogar-7-claves-para-casa-inolvidable\/#4_Haz_que_la_decoracion_confirme_lo_que_sugiere_el_aroma\" >4. Haz que la decoraci\u00f3n confirme lo que sugiere el aroma<\/a><\/li><li class='ez-toc-page-1 ez-toc-heading-level-2'><a class=\"ez-toc-link ez-toc-heading-6\" href=\"https:\/\/mueblesdetena.es\/ru_ru\/aromas-para-hogar-7-claves-para-casa-inolvidable\/#5_Escoge_el_formato_y_el_lugar_como_si_fueran_parte_del_mobiliario\" >5. Escoge el formato y el lugar como si fueran parte del mobiliario<\/a><\/li><li class='ez-toc-page-1 ez-toc-heading-level-2'><a class=\"ez-toc-link ez-toc-heading-7\" href=\"https:\/\/mueblesdetena.es\/ru_ru\/aromas-para-hogar-7-claves-para-casa-inolvidable\/#6_Controla_la_intensidad_antes_de_que_el_aroma_controle_la_habitacion\" >6. Controla la intensidad antes de que el aroma controle la habitaci\u00f3n<\/a><\/li><li class='ez-toc-page-1 ez-toc-heading-level-2'><a class=\"ez-toc-link ez-toc-heading-8\" href=\"https:\/\/mueblesdetena.es\/ru_ru\/aromas-para-hogar-7-claves-para-casa-inolvidable\/#7_Convierte_el_aroma_en_un_ritual_para_construir_recuerdos\" >7. Convierte el aroma en un ritual para construir recuerdos<\/a><\/li><li class='ez-toc-page-1 ez-toc-heading-level-2'><a class=\"ez-toc-link ez-toc-heading-9\" href=\"https:\/\/mueblesdetena.es\/ru_ru\/aromas-para-hogar-7-claves-para-casa-inolvidable\/#El_ultimo_detalle_de_una_casa_bien_pensada\" >El \u00faltimo detalle de una casa bien pensada<\/a><\/li><\/ul><\/nav><\/div>\n<h2 class=\"wp-block-heading\"><span class=\"ez-toc-section\" id=\"Lo_que_las_tiendas_de_ropa_saben_sobre_nuestra_memoria_olfativa\"><\/span>Lo que las tiendas de ropa saben sobre nuestra memoria olfativa<span class=\"ez-toc-section-end\"><\/span><\/h2>\n\n\n\n<p class=\"has-medium-font-size wp-block-paragraph\">Las tiendas de ropa conocen bien el poder evocador del olfato. Ciertos aromas pueden despertar recuerdos, emociones y asociaciones casi instant\u00e1neas porque su procesamiento est\u00e1 estrechamente relacionado con \u00e1reas cerebrales vinculadas a la memoria y la emoci\u00f3n, aunque su funcionamiento es m\u00e1s complejo que una conexi\u00f3n directa, simple y autom\u00e1tica.<\/p>\n\n\n\n<ul class=\"wp-block-list\">\n<li class=\"has-medium-font-size\">El primer aprendizaje es la <strong>coherencia<\/strong>. Un perfume ambiental no necesita ser sorprendente para resultar eficaz; debe encajar con la personalidad propia de cada espacio. En casa, las notas elegidas han de acompa\u00f1ar los muebles, los materiales y el estilo decorativo, reforzando una identidad reconocible sin competir con ella visualmente.<\/li>\n\n\n\n<li class=\"has-medium-font-size\">La <strong>intensidad<\/strong> tambi\u00e9n transforma la percepci\u00f3n. Los aromas suaves pueden aportar limpieza, calidez o serenidad, mientras que una concentraci\u00f3n excesiva termina saturando y vuelve inc\u00f3moda la estancia. Como sucede con una iluminaci\u00f3n demasiado fuerte, el equilibrio permite que la fragancia acompa\u00f1e el ambiente sin imponerse sobre quienes lo habitan diariamente.<\/li>\n\n\n\n<li class=\"has-medium-font-size\">El tercer principio consiste en <strong>entender la casa como una experiencia conjunta<\/strong>. Aroma, iluminaci\u00f3n, m\u00fasica, colores, tejidos y mobiliario se interpretan al mismo tiempo. Cuando todos transmiten una sensaci\u00f3n compatible, el espacio parece cuidado y arm\u00f3nico; si se contradicen, incluso una fragancia agradable puede sentirse artificial o fuera de lugar.<\/li>\n<\/ul>\n\n\n\n<p class=\"has-medium-font-size wp-block-paragraph\">Los estudios sobre ambientes comerciales confirman que la congruencia mejora la valoraci\u00f3n del entorno, pero el hogar persigue un objetivo distinto. Aqu\u00ed no se busca condicionar una compra, sino crear v\u00ednculos afectivos. Bien escogidos, los aromas pueden convertirse en una firma \u00edntima, capaz de hacer cada estancia familiar y memorable.<\/p>\n\n\n\n<div style=\"height:25px\" aria-hidden=\"true\" class=\"wp-block-spacer\"><\/div>\n\n\n\n<h2 class=\"wp-block-heading\"><span class=\"ez-toc-section\" id=\"1_Define_que_deberia_transmitir_el_aroma_de_tu_casa\"><\/span>1. Define qu\u00e9 deber\u00eda transmitir el aroma de tu casa<span class=\"ez-toc-section-end\"><\/span><\/h2>\n\n\n\n<p class=\"has-medium-font-size wp-block-paragraph\">Antes de elegir una fragancia, <strong>define qu\u00e9 quieres que cuente tu casa<\/strong>. \u00bfSerena, luminosa y natural? \u00bfC\u00e1lida, envolvente y elegante? \u00bfFresca, vital y mediterr\u00e1nea? \u00bfFamiliar, dulce y acogedora? Esos tres adjetivos act\u00faan como una br\u00fajula y ayudan a seleccionar aromas coherentes con la atm\u00f3sfera que realmente deseas crear cada d\u00eda.<\/p>\n\n\n\n<p class=\"has-medium-font-size wp-block-paragraph\">Ese peque\u00f1o ejercicio funciona como un briefing olfativo dom\u00e9stico. La fragancia no deber\u00eda seguir una tendencia ni reproducir el olor de moda, sino expresar la personalidad del hogar. <strong>Los mejores aromas son aquellos que parecen surgir de forma natural del espacio, de sus habitantes y de su manera de vivir<\/strong>.<\/p>\n\n\n\n<p class=\"has-medium-font-size wp-block-paragraph\"><strong>El estilo decorativo y los materiales predominantes ofrecen pistas valiosas<\/strong>. Las maderas claras, el lino y las fibras vegetales suelen armonizar con notas frescas o herbales; mientras que el terciopelo, el nogal y los tonos profundos admiten composiciones c\u00e1lidas. <strong>La luz tambi\u00e9n modifica c\u00f3mo percibimos cada ambiente y su perfume<\/strong>.<\/p>\n\n\n\n<p class=\"has-medium-font-size wp-block-paragraph\">Conviene observar adem\u00e1s el ritmo cotidiano de la familia. Una casa activa puede agradecer aromas limpios y estimulantes durante el d\u00eda, mientras que un hogar pensado como refugio pedir\u00e1 notas suaves y envolventes. <strong>La elecci\u00f3n debe acompa\u00f1ar las sensaciones que buscamos al volver<\/strong>: descanso, energ\u00eda, orden, intimidad o bienestar cotidiano.<\/p>\n\n\n\n<p class=\"has-medium-font-size wp-block-paragraph\">Imagina ahora qu\u00e9 deber\u00eda sentir una visita durante sus primeros diez segundos en el recibidor. Tal vez calma, frescura, elegancia o cercan\u00eda. <strong>Esa impresi\u00f3n inicial puede convertirse en el punto de partida del paisaje olfativo<\/strong>. No existe un aroma universalmente acogedor: cada asociaci\u00f3n depende de recuerdos, experiencias y preferencias personales.<\/p>\n\n\n\n<div style=\"height:25px\" aria-hidden=\"true\" class=\"wp-block-spacer\"><\/div>\n\n\n\n<h2 class=\"wp-block-heading\"><span class=\"ez-toc-section\" id=\"2_Elige_una_fragancia_principal_en_lugar_de_mezclar_ambientadores\"><\/span>2. Elige una fragancia principal en lugar de mezclar ambientadores<span class=\"ez-toc-section-end\"><\/span><\/h2>\n\n\n\n<p class=\"has-medium-font-size wp-block-paragraph\">La clave est\u00e1 en crear un aroma firma, una familia olfativa reconocible que acompa\u00f1e la casa con discreci\u00f3n. <strong>En lugar de acumular ambientadores distintos, conviene partir de una nota principal y completarla con una o dos secundarias<\/strong>, capaces de aportar profundidad sin romper la sensaci\u00f3n de unidad visual del conjunto.<\/p>\n\n\n\n<p class=\"has-medium-font-size wp-block-paragraph\"><strong>Esa combinaci\u00f3n puede adaptarse al estilo decorativo<\/strong>. T\u00e9 blanco, algod\u00f3n y madera clara encajan en interiores serenos; bergamota, romero y hojas verdes refuerzan un ambiente mediterr\u00e1neo; cedro, \u00e1mbar suave y especias ligeras aportan calidez, mientras azahar, almizcle limpio y flores blancas iluminan espacios frescos y delicados con naturalidad y elegancia.<\/p>\n\n\n\n<p class=\"has-medium-font-size wp-block-paragraph\">Recibidor, sal\u00f3n, comedor y pasillos deber\u00edan compartir una base com\u00fan, aunque los aromas adopten peque\u00f1os matices seg\u00fan la estancia o la estaci\u00f3n. <strong>No es necesario utilizar el mismo producto en toda la casa, pero s\u00ed evitar cambios abruptos<\/strong> entre vainilla, frutos rojos, lavanda y c\u00edtricos que desdibujen su personalidad olfativa.<\/p>\n\n\n\n<p class=\"has-medium-font-size wp-block-paragraph\">La repetici\u00f3n es un recurso que funciona bien en el marketing olfativo. Cuando una misma nota aparece de forma sutil cada vez que entramos en casa, empieza a resultar familiar. Con el tiempo, <strong>esos aromas dejan de ser simples perfumes ambientales y pasan a formar parte del recuerdo del hogar<\/strong>.<\/p>\n\n\n\n<div style=\"height:25px\" aria-hidden=\"true\" class=\"wp-block-spacer\"><\/div>\n\n\n\n<figure class=\"wp-block-image alignfull size-full\"><img fetchpriority=\"high\" decoding=\"async\" width=\"2560\" height=\"1440\" src=\"https:\/\/mueblesdetena.es\/wp-content\/uploads\/2026\/08\/aromas-2.jpg\" alt=\"\" class=\"wp-image-48282\" srcset=\"https:\/\/mueblesdetena.es\/wp-content\/uploads\/2026\/08\/aromas-2.jpg 2560w, https:\/\/mueblesdetena.es\/wp-content\/uploads\/2026\/08\/aromas-2-300x169.jpg 300w, https:\/\/mueblesdetena.es\/wp-content\/uploads\/2026\/08\/aromas-2-1024x576.jpg 1024w, https:\/\/mueblesdetena.es\/wp-content\/uploads\/2026\/08\/aromas-2-768x432.jpg 768w, https:\/\/mueblesdetena.es\/wp-content\/uploads\/2026\/08\/aromas-2-1536x864.jpg 1536w, https:\/\/mueblesdetena.es\/wp-content\/uploads\/2026\/08\/aromas-2-2048x1152.jpg 2048w, https:\/\/mueblesdetena.es\/wp-content\/uploads\/2026\/08\/aromas-2-600x338.jpg 600w\" sizes=\"(max-width: 2560px) 100vw, 2560px\" \/><\/figure>\n\n\n\n<div style=\"height:25px\" aria-hidden=\"true\" class=\"wp-block-spacer\"><\/div>\n\n\n\n<h2 class=\"wp-block-heading\"><span class=\"ez-toc-section\" id=\"3_Crea_un_mapa_de_aromas_segun_el_uso_de_cada_estancia\"><\/span>3. Crea un mapa de aromas seg\u00fan el uso de cada estancia<span class=\"ez-toc-section-end\"><\/span><\/h2>\n\n\n\n<p class=\"has-medium-font-size wp-block-paragraph\">El <strong>recibidor<\/strong> funciona como la carta de presentaci\u00f3n olfativa de la casa. Aqu\u00ed conviene utilizar el aroma firma con una presencia ligera, perceptible nada m\u00e1s entrar pero nunca dominante. Los aromas c\u00edtricos suaves, florales limpios o amaderados delicados pueden anticipar personalidad, orden y calidez sin resultar demasiado evidentes ni invasivos.<\/p>\n\n\n\n<p class=\"has-medium-font-size wp-block-paragraph\">\u0412 <strong>el sal\u00f3n y el comedor<\/strong> interesa mantener la continuidad con esa fragancia principal, introduciendo notas que acompa\u00f1en la conversaci\u00f3n y el descanso. Flores blancas, maderas suaves o c\u00edtricos elegantes funcionan bien. Cuando haya comida, conviene rebajar la intensidad para que los aromas ambientales no interfieran con los platos servidos.<\/p>\n\n\n\n<p class=\"has-medium-font-size wp-block-paragraph\">La <strong>cocina y la zona de trabajo<\/strong> agradecen una sensaci\u00f3n m\u00e1s fresca y activa, pero siempre despu\u00e9s de ventilar y eliminar cualquier olor acumulado. T\u00e9, caf\u00e9, c\u00edtricos, menta suave o hierbas arom\u00e1ticas pueden funcionar muy bien. El objetivo no es camuflar olores, sino devolver claridad y ligereza al ambiente cotidiano.<\/p>\n\n\n\n<p class=\"has-medium-font-size wp-block-paragraph\">\u0412 <strong>el dormitorio y los rincones de lectura<\/strong> conviene bajar el tono. Lavanda suave, cedro, s\u00e1ndalo, lino, iris o almizcles limpios crean una atm\u00f3sfera m\u00e1s pausada cuando se utilizan con moderaci\u00f3n. M\u00e1s que prometer efectos terap\u00e9uticos, estos aromas ayudan a reforzar una sensaci\u00f3n ambiental de calma, intimidad y recogimiento sereno.<\/p>\n\n\n\n<p class=\"has-medium-font-size wp-block-paragraph\">Ba\u00f1os y lavaderos admiten notas asociadas a limpieza y frescor, como lino, algod\u00f3n, eucalipto, acordes acu\u00e1ticos o hierbas verdes. Aun as\u00ed, conviene conservar alg\u00fan v\u00ednculo con el aroma general de la vivienda. As\u00ed, estas estancias se sienten integradas y no como espacios olfativamente desconectados del resto de la casa habitual.<\/p>\n\n\n\n<p class=\"has-medium-font-size wp-block-paragraph\"><strong>Armarios y cajones<\/strong> permiten introducir matices m\u00e1s personales mediante tarjetas perfumadas, maderas arom\u00e1ticas o peque\u00f1as bolsitas. Al quedar contenidos, estos aromas no compiten con los de otras estancias y pueden aportar una memoria m\u00e1s \u00edntima. La regla funciona siempre: base com\u00fan, peque\u00f1os matices y ning\u00fan cambio olfativo sin sentido aparente.<\/p>\n\n\n\n<div style=\"height:25px\" aria-hidden=\"true\" class=\"wp-block-spacer\"><\/div>\n\n\n\n<h2 class=\"wp-block-heading\"><span class=\"ez-toc-section\" id=\"4_Haz_que_la_decoracion_confirme_lo_que_sugiere_el_aroma\"><\/span>4. Haz que la decoraci\u00f3n confirme lo que sugiere el aroma<span class=\"ez-toc-section-end\"><\/span><\/h2>\n\n\n\n<p class=\"has-medium-font-size wp-block-paragraph\"><strong>La decoraci\u00f3n gana profundidad cuando todos los est\u00edmulos cuentan la misma historia<\/strong>. El cerebro no separa por completo lo que vemos, tocamos y olemos, de modo que los aromas resultan m\u00e1s cre\u00edbles cuando colores, materiales, formas e iluminaci\u00f3n acompa\u00f1an su car\u00e1cter y generan una atm\u00f3sfera sensorial coherente, equilibrada y envolvente.<\/p>\n\n\n\n<p class=\"has-medium-font-size wp-block-paragraph\"><strong><mark style=\"background-color:rgba(0, 0, 0, 0);color:#fcb900\" class=\"has-inline-color\">Los aromas c\u00edtricos y herbales encuentran su mejor aliado en interiores luminosos y naturales<\/mark><\/strong>. Maderas claras, fibras vegetales, lino lavado, cer\u00e1mica artesanal y plantas verdes refuerzan su frescura. Si adem\u00e1s predominan blancos rotos, verdes suaves y una entrada generosa de luz natural, la estancia transmite ligereza desde el primer momento.<\/p>\n\n\n\n<p class=\"has-medium-font-size wp-block-paragraph\"><strong><mark style=\"background-color:rgba(0, 0, 0, 0);color:#cf2e2e\" class=\"has-inline-color\">Las notas amaderadas, especiadas o de \u00e1mbar piden una decoraci\u00f3n m\u00e1s envolvente<\/mark><\/strong>. El nogal, el cuero, la lana y alfombras de textura densa aportan profundidad, mientras una iluminaci\u00f3n c\u00e1lida, sof\u00e1s generosos y tonos tierra construyen ese efecto refugio que hace que estos aromas se perciban todav\u00eda m\u00e1s ricos y sofisticados.<\/p>\n\n\n\n<p class=\"has-medium-font-size wp-block-paragraph\"><strong><mark style=\"background-color:rgba(0, 0, 0, 0);color:#f78da7\" class=\"has-inline-color\">Las fragancias florales o empolvadas funcionan especialmente bien en espacios de tacto amable y l\u00edneas delicadas<\/mark><\/strong>. Tapizados suaves, cabeceros textiles, formas curvas, cristal y peque\u00f1os detalles decorativos encuentran aqu\u00ed su lugar natural. Los colores desaturados, desde rosas apagados hasta grises c\u00e1lidos, aportan elegancia sin convertir el conjunto en excesivamente rom\u00e1ntico.<\/p>\n\n\n\n<p class=\"has-medium-font-size wp-block-paragraph\"><strong><mark style=\"background-color:rgba(0, 0, 0, 0);color:#abb8c3\" class=\"has-inline-color\">El t\u00e9 blanco, el algod\u00f3n y otros aromas asociados a limpieza encajan con interiores serenos y visualmente ordenados<\/mark><\/strong>. Muebles de l\u00edneas sencillas, roble claro, textiles lisos y una paleta neutra ayudan a crear esa sensaci\u00f3n de calma impecable, cuando las superficies permanecen despejadas y la decoraci\u00f3n evita cualquier ruido innecesario.<\/p>\n\n\n\n<p class=\"has-medium-font-size wp-block-paragraph\">Esta relaci\u00f3n no debe entenderse literalmente. Una casa perfumada con lim\u00f3n no necesita cojines amarillos, igual que un aroma de cedro no obliga a llenar el sal\u00f3n de madera. Lo verdaderamente interesante es compartir sensaciones: frescura, calidez, ligereza, sofisticaci\u00f3n o refugio, haciendo que decoraci\u00f3n y perfume hablen un lenguaje com\u00fan.<\/p>\n\n\n\n<div style=\"height:25px\" aria-hidden=\"true\" class=\"wp-block-spacer\"><\/div>\n\n\n\n<h2 class=\"wp-block-heading\"><span class=\"ez-toc-section\" id=\"5_Escoge_el_formato_y_el_lugar_como_si_fueran_parte_del_mobiliario\"><\/span>5. Escoge el formato y el lugar como si fueran parte del mobiliario<span class=\"ez-toc-section-end\"><\/span><\/h2>\n\n\n\n<p class=\"has-medium-font-size wp-block-paragraph\">Los <strong>mikados<\/strong> funcionan especialmente bien en recibidores, ba\u00f1os y zonas de paso, donde los aromas pueden percibirse de forma continua y discreta. Col\u00f3calos sobre una consola, c\u00f3moda o mueble auxiliar estable, alejados del sol directo y del calor. El recipiente importa: debe integrarse visualmente con el conjunto decorativo del espacio.<\/p>\n\n\n\n<p class=\"has-medium-font-size wp-block-paragraph\">Las <strong>velas arom\u00e1ticas<\/strong> encajan mejor en momentos concretos, especialmente en sal\u00f3n, comedor o dormitorio. Adem\u00e1s de perfumar, aportan una luz c\u00e1lida que transforma la atm\u00f3sfera. Sobre una bandeja, una mesa auxiliar o un aparador pueden convertirse en un detalle decorativo elegante, siempre encendidas con vigilancia y lejos de textiles cercanos.<\/p>\n\n\n\n<p class=\"has-medium-font-size wp-block-paragraph\">Los <strong>difusores el\u00e9ctricos<\/strong> resultan pr\u00e1cticos en salones amplios o dormitorios donde interesa mantener una presencia regular de aromas. Conviene elegir modelos discretos, capaces de convivir con l\u00e1mparas, estanter\u00edas y otros objetos sin introducir ruido visual. Los espr\u00e1is, en cambio, funcionan mejor para intervenciones puntuales despu\u00e9s de ventilar o recibir invitados.<\/p>\n\n\n\n<p class=\"has-medium-font-size wp-block-paragraph\">Los <strong>perfumes textiles<\/strong> permiten prolongar la sensaci\u00f3n sobre cortinas, cojines o ropa de cama, siempre con moderaci\u00f3n y probando antes en una zona poco visible. Para cajones, armarios y vestidores, las <strong>bolsitas o tarjetas<\/strong> perfumadas son m\u00e1s adecuadas. Tambi\u00e9n aqu\u00ed el envase debe acompa\u00f1ar al mobiliario, no competir con \u00e9l.<\/p>\n\n\n\n<div style=\"height:25px\" aria-hidden=\"true\" class=\"wp-block-spacer\"><\/div>\n\n\n\n<h2 class=\"wp-block-heading\"><span class=\"ez-toc-section\" id=\"6_Controla_la_intensidad_antes_de_que_el_aroma_controle_la_habitacion\"><\/span>6. Controla la intensidad antes de que el aroma controle la habitaci\u00f3n<span class=\"ez-toc-section-end\"><\/span><\/h2>\n\n\n\n<p class=\"has-medium-font-size wp-block-paragraph\">Una casa memorable no es la que huele m\u00e1s, sino aquella cuyo aroma se descubre de forma gradual. <strong>Antes de a\u00f1adir aromas, conviene ventilar, localizar y eliminar cualquier mal olor<\/strong> y, si hace falta, limpiar textiles, cortinas o tapicer\u00edas: perfumar sobre una base cargada solo multiplica la sensaci\u00f3n de saturaci\u00f3n.<\/p>\n\n\n\n<p class=\"has-medium-font-size wp-block-paragraph\">Despu\u00e9s, <strong>incorpora una \u00fanica fuente arom\u00e1tica y observa c\u00f3mo se comporta en la estancia antes de reforzarla<\/strong>. En un mikado, por ejemplo, basta con reducir el n\u00famero de varillas para suavizar la difusi\u00f3n. En habitaciones peque\u00f1as, resulta mucho m\u00e1s elegante un sistema discreto que sumar vela, spray y difusor simult\u00e1neamente.<\/p>\n\n\n\n<p class=\"has-medium-font-size wp-block-paragraph\">Tambi\u00e9n <strong>conviene recordar que el olfato se acostumbra<\/strong>. Quienes viven a diario en una casa pueden dejar de percibir determinados aromas aunque sigan presentes para una visita. A\u00f1adir m\u00e1s producto por ese motivo suele ser un error; funciona mejor introducir pausas, bajar la intensidad o reservar fragancias para ocasiones concretas.<\/p>\n\n\n\n<p class=\"has-medium-font-size wp-block-paragraph\"><strong>El equilibrio tambi\u00e9n debe tener en cuenta a quienes comparten la vivienda<\/strong>. Los aromas son profundamente personales y una fragancia agradable para alguien puede resultar intensa para otro. Adem\u00e1s, siempre conviene respetar las indicaciones del fabricante y extremar la prudencia cuando hay ni\u00f1os, animales o personas sensibles a perfumes ambientales.<\/p>\n\n\n\n<div style=\"height:25px\" aria-hidden=\"true\" class=\"wp-block-spacer\"><\/div>\n\n\n\n<figure class=\"wp-block-image alignfull size-full\"><img decoding=\"async\" width=\"2560\" height=\"1440\" src=\"https:\/\/mueblesdetena.es\/wp-content\/uploads\/2026\/08\/aromas-3.jpg\" alt=\"aromas\" class=\"wp-image-48281\" srcset=\"https:\/\/mueblesdetena.es\/wp-content\/uploads\/2026\/08\/aromas-3.jpg 2560w, https:\/\/mueblesdetena.es\/wp-content\/uploads\/2026\/08\/aromas-3-300x169.jpg 300w, https:\/\/mueblesdetena.es\/wp-content\/uploads\/2026\/08\/aromas-3-1024x576.jpg 1024w, https:\/\/mueblesdetena.es\/wp-content\/uploads\/2026\/08\/aromas-3-768x432.jpg 768w, https:\/\/mueblesdetena.es\/wp-content\/uploads\/2026\/08\/aromas-3-1536x864.jpg 1536w, https:\/\/mueblesdetena.es\/wp-content\/uploads\/2026\/08\/aromas-3-2048x1152.jpg 2048w, https:\/\/mueblesdetena.es\/wp-content\/uploads\/2026\/08\/aromas-3-600x338.jpg 600w\" sizes=\"(max-width: 2560px) 100vw, 2560px\" \/><\/figure>\n\n\n\n<div style=\"height:25px\" aria-hidden=\"true\" class=\"wp-block-spacer\"><\/div>\n\n\n\n<h2 class=\"wp-block-heading\"><span class=\"ez-toc-section\" id=\"7_Convierte_el_aroma_en_un_ritual_para_construir_recuerdos\"><\/span>7. Convierte el aroma en un ritual para construir recuerdos<span class=\"ez-toc-section-end\"><\/span><\/h2>\n\n\n\n<p class=\"has-medium-font-size wp-block-paragraph\"><strong>La memoria olfativa se construye por asociaci\u00f3n<\/strong>: cuando ciertos aromas aparecen una y otra vez junto a escenas concretas, terminan formando parte de ellas. Una fragancia puede quedar ligada a una sobremesa, a una tarde tranquila o al gesto cotidiano de volver a casa despu\u00e9s de un d\u00eda especialmente largo.<\/p>\n\n\n\n<p class=\"has-medium-font-size wp-block-paragraph\"><strong>Por eso funcionan tan bien los peque\u00f1os rituales<\/strong>. Encender siempre la misma vela en cenas con amigos, elegir una nota amaderada para leer o reservar azahar y c\u00edtricos para la primavera convierte el perfume en una se\u00f1al reconocible. Tambi\u00e9n puede acompa\u00f1ar visitas, ropa de cama o celebraciones familiares muy especiales.<\/p>\n\n\n\n<p class=\"has-medium-font-size wp-block-paragraph\"><strong>No hace falta mantener la casa perfumada durante todo el d\u00eda<\/strong>. De hecho, los aromas que aparecen en momentos concretos suelen conservar mejor su capacidad de sorprender. Un recibidor ligeramente perfumado antes de recibir invitados o una fragancia reservada para ocasiones se\u00f1aladas puede resultar m\u00e1s evocadora que una presencia continua.<\/p>\n\n\n\n<p class=\"has-medium-font-size wp-block-paragraph\">Con el tiempo, <strong>esa asociaci\u00f3n puede viajar fuera de casa<\/strong>. Basta reencontrar una nota similar en un hotel, una tienda o una calle para que reaparezcan el sal\u00f3n, una conversaci\u00f3n o determinada \u00e9poca familiar. Ah\u00ed est\u00e1 la diferencia entre ambientar un espacio y construir una identidad olfativa verdaderamente propia, memorable.<\/p>\n\n\n\n<div style=\"height:25px\" aria-hidden=\"true\" class=\"wp-block-spacer\"><\/div>\n\n\n\n<h2 class=\"wp-block-heading\"><span class=\"ez-toc-section\" id=\"El_ultimo_detalle_de_una_casa_bien_pensada\"><\/span>El \u00faltimo detalle de una casa bien pensada<span class=\"ez-toc-section-end\"><\/span><\/h2>\n\n\n\n<p class=\"has-medium-font-size wp-block-paragraph\">Una casa no termina de definirse cuando se coloca el \u00faltimo mueble. La luz que modela los vol\u00famenes, el sonido que acompa\u00f1a cada estancia, la riqueza de las texturas y los aromas que reciben al entrar completan una atm\u00f3sfera capaz de transmitir car\u00e1cter mucho antes de observar cada peque\u00f1o detalle.<\/p>\n\n\n\n<p class=\"has-medium-font-size wp-block-paragraph\">La clave est\u00e1 en evitar excesos y trabajar con una identidad reconocible. No es necesario perfumar cada habitaci\u00f3n ni recurrir a fragancias intensas: basta con mantener un hilo conductor que dialogue con materiales, colores, muebles auxiliares y actividades cotidianas, adapt\u00e1ndose siempre con sutileza a cada ambiente y a cada estaci\u00f3n.<\/p>\n\n\n\n<p class=\"has-medium-font-size wp-block-paragraph\">Cuando todos esos elementos conviven con naturalidad, la decoraci\u00f3n deja de ser \u00fanicamente visual. Los aromas, las superficies que invitamos a tocar y una iluminaci\u00f3n bien pensada construyen recuerdos dom\u00e9sticos reconocibles, de esos que permanecen ligados a una casa concreta y hacen que volver siempre resulte inmediatamente familiar y especial.<\/p>","protected":false},"excerpt":{"rendered":"<p>Hay casas que empiezan a contarnos qui\u00e9nes son antes incluso de que reparemos en el sof\u00e1, la l\u00e1mpara o el color de las paredes. Basta cruzar la puerta de una tienda, un hotel o una vivienda para que el olor marque, en segundos, nuestra primera impresi\u00f3n del espacio, sin avisar. Las firmas de moda lo [&hellip;]<\/p>\n","protected":false},"author":618,"featured_media":48277,"comment_status":"closed","ping_status":"closed","sticky":false,"template":"","format":"standard","meta":{"site-sidebar-layout":"default","site-content-layout":"","ast-site-content-layout":"default","site-content-style":"default","site-sidebar-style":"default","ast-global-header-display":"","ast-banner-title-visibility":"","ast-main-header-display":"","ast-hfb-above-header-display":"","ast-hfb-below-header-display":"","ast-hfb-mobile-header-display":"","site-post-title":"","ast-breadcrumbs-content":"","ast-featured-img":"","footer-sml-layout":"","ast-disable-related-posts":"","theme-transparent-header-meta":"","adv-header-id-meta":"","stick-header-meta":"","header-above-stick-meta":"","header-main-stick-meta":"","header-below-stick-meta":"","astra-migrate-meta-layouts":"set","ast-page-background-enabled":"default","ast-page-background-meta":{"desktop":{"background-color":"var(--ast-global-color-4)","background-image":"","background-repeat":"repeat","background-position":"center center","background-size":"auto","background-attachment":"scroll","background-type":"","background-media":"","overlay-type":"","overlay-color":"","overlay-opacity":"","overlay-gradient":""},"tablet":{"background-color":"","background-image":"","background-repeat":"repeat","background-position":"center center","background-size":"auto","background-attachment":"scroll","background-type":"","background-media":"","overlay-type":"","overlay-color":"","overlay-opacity":"","overlay-gradient":""},"mobile":{"background-color":"","background-image":"","background-repeat":"repeat","background-position":"center center","background-size":"auto","background-attachment":"scroll","background-type":"","background-media":"","overlay-type":"","overlay-color":"","overlay-opacity":"","overlay-gradient":""}},"ast-content-background-meta":{"desktop":{"background-color":"var(--ast-global-color-5)","background-image":"","background-repeat":"repeat","background-position":"center center","background-size":"auto","background-attachment":"scroll","background-type":"","background-media":"","overlay-type":"","overlay-color":"","overlay-opacity":"","overlay-gradient":""},"tablet":{"background-color":"var(--ast-global-color-5)","background-image":"","background-repeat":"repeat","background-position":"center center","background-size":"auto","background-attachment":"scroll","background-type":"","background-media":"","overlay-type":"","overlay-color":"","overlay-opacity":"","overlay-gradient":""},"mobile":{"background-color":"var(--ast-global-color-5)","background-image":"","background-repeat":"repeat","background-position":"center center","background-size":"auto","background-attachment":"scroll","background-type":"","background-media":"","overlay-type":"","overlay-color":"","overlay-opacity":"","overlay-gradient":""}},"_joinchat":[],"footnotes":""},"categories":[1],"tags":[],"class_list":["post-48186","post","type-post","status-publish","format-standard","has-post-thumbnail","hentry","category-sin-categoria"],"_links":{"self":[{"href":"https:\/\/mueblesdetena.es\/ru_ru\/wp-json\/wp\/v2\/posts\/48186","targetHints":{"allow":["GET"]}}],"collection":[{"href":"https:\/\/mueblesdetena.es\/ru_ru\/wp-json\/wp\/v2\/posts"}],"about":[{"href":"https:\/\/mueblesdetena.es\/ru_ru\/wp-json\/wp\/v2\/types\/post"}],"author":[{"embeddable":true,"href":"https:\/\/mueblesdetena.es\/ru_ru\/wp-json\/wp\/v2\/users\/618"}],"replies":[{"embeddable":true,"href":"https:\/\/mueblesdetena.es\/ru_ru\/wp-json\/wp\/v2\/comments?post=48186"}],"version-history":[{"count":2,"href":"https:\/\/mueblesdetena.es\/ru_ru\/wp-json\/wp\/v2\/posts\/48186\/revisions"}],"predecessor-version":[{"id":48283,"href":"https:\/\/mueblesdetena.es\/ru_ru\/wp-json\/wp\/v2\/posts\/48186\/revisions\/48283"}],"wp:featuredmedia":[{"embeddable":true,"href":"https:\/\/mueblesdetena.es\/ru_ru\/wp-json\/wp\/v2\/media\/48277"}],"wp:attachment":[{"href":"https:\/\/mueblesdetena.es\/ru_ru\/wp-json\/wp\/v2\/media?parent=48186"}],"wp:term":[{"taxonomy":"category","embeddable":true,"href":"https:\/\/mueblesdetena.es\/ru_ru\/wp-json\/wp\/v2\/categories?post=48186"},{"taxonomy":"post_tag","embeddable":true,"href":"https:\/\/mueblesdetena.es\/ru_ru\/wp-json\/wp\/v2\/tags?post=48186"}],"curies":[{"name":"wp","href":"https:\/\/api.w.org\/{rel}","templated":true}]}}