{"id":264,"count":16,"description":"\u0412 <strong>Muebles Detena<\/strong> encontrar\u00e1s <strong>literas abatibles de madera en Badalona y Barcelona<\/strong> para aprovechar al m\u00e1ximo habitaciones juveniles, dormitorios compartidos y espacios donde necesitas dos camas sin ocupar toda la estancia a diario. Trabajamos literas abatibles horizontales, verticales, con sof\u00e1, con escritorio y composiciones de madera pensadas para ganar espacio con seguridad y comodidad.\nDesde nuestra tienda en Badalona atendemos a clientes de Badalona, Barcelona y alrededores, con asesoramiento para elegir medidas, apertura, acabados, distribuci\u00f3n y sistema de litera abatible seg\u00fan la habitaci\u00f3n real.\n\nLiteras abatibles de madera para habitaciones juveniles\nLas literas abatibles de madera son una soluci\u00f3n muy pr\u00e1ctica cuando necesitas dos camas y quieres liberar espacio durante el d\u00eda. Permiten crear habitaciones m\u00e1s despejadas, c\u00f3modas para estudiar o jugar, y con una est\u00e9tica c\u00e1lida gracias a los acabados en madera o combinaciones modernas.\nSi quieres ver la secci\u00f3n general, puedes visitar nuestras <a href=\"https:\/\/mueblesdetena.es\/ru_ru\/literas-abatibles\/\">literas abatibles<\/a>. Tambi\u00e9n puedes revisar <a href=\"https:\/\/mueblesdetena.es\/ru_ru\/muebles-juveniles\/\">muebles juveniles<\/a> y <a href=\"https:\/\/mueblesdetena.es\/ru_ru\/composiciones-juveniles\/\">composiciones juveniles<\/a> para completar el dormitorio.\n\nModelos con sof\u00e1, escritorio o apertura vertical\nDisponemos de opciones con sof\u00e1 integrado, escritorio, cama vertical, cama horizontal y composiciones pensadas para habitaciones peque\u00f1as o dormitorios compartidos. La elecci\u00f3n depende del ancho de pared, altura disponible, zona de paso, necesidad de almacenaje y uso diario de la habitaci\u00f3n.\nPara otras soluciones de ahorro de espacio, puedes comparar con <a href=\"https:\/\/mueblesdetena.es\/ru_ru\/camas-abatibles\/\">camas abatibles<\/a>, <a href=\"https:\/\/mueblesdetena.es\/ru_ru\/camas-abatibles-matrimonio\/\">camas abatibles de matrimonio<\/a> o <a href=\"https:\/\/mueblesdetena.es\/ru_ru\/camas-abatibles-individuales-madera\/\">camas abatibles individuales de madera<\/a>.\n\nAsesoramiento para elegir litera abatible\nTe ayudamos a valorar medidas, tipo de apertura, altura del techo, seguridad, acabado, necesidad de sof\u00e1 o escritorio y compatibilidad con el resto de muebles de la habitaci\u00f3n. Tambi\u00e9n puedes consultar transporte y montaje opcional en Badalona, Barcelona y zonas cercanas seg\u00fan el producto elegido.\n\nPreguntas frecuentes sobre literas abatibles de madera\n\u00bfQu\u00e9 ventaja tiene una litera abatible de madera?\nPermite tener dos camas disponibles cuando hacen falta y liberar espacio durante el d\u00eda, con acabados c\u00e1lidos y combinables con muebles juveniles.\n\u00bfQu\u00e9 es mejor, apertura horizontal o vertical?\nDepende de la pared disponible, la altura del techo y la distribuci\u00f3n de la habitaci\u00f3n. La apertura horizontal suele encajar bien en paredes largas y la vertical en espacios con m\u00e1s altura.\n\u00bfHay literas abatibles con sof\u00e1 o escritorio?\nS\u00ed, existen modelos con sof\u00e1 integrado, escritorio o composiciones completas para aprovechar mejor habitaciones juveniles y dormitorios compartidos.\n\u00bfSon adecuadas para habitaciones peque\u00f1as?\nS\u00ed, son una de las soluciones m\u00e1s pr\u00e1cticas para habitaciones peque\u00f1as porque recogen las camas cuando no se usan y dejan m\u00e1s zona libre.\n\u00bfOfrec\u00e9is transporte y montaje en Badalona y Barcelona?\nS\u00ed, puedes consultar transporte y montaje opcional en Badalona, Barcelona y zonas cercanas seg\u00fan el producto elegido.","link":"https:\/\/mueblesdetena.es\/ru_ru\/estructura-madera-literas-abatibles\/","name":"Literas abatibles de madera en Badalona y Barcelona","slug":"estructura-madera-literas-abatibles","taxonomy":"product_cat","parent":254,"meta":[],"menu_order":0,"_links":{"self":[{"href":"https:\/\/mueblesdetena.es\/ru_ru\/wp-json\/wp\/v2\/product_cat\/264","targetHints":{"allow":["GET"]}}],"collection":[{"href":"https:\/\/mueblesdetena.es\/ru_ru\/wp-json\/wp\/v2\/product_cat"}],"about":[{"href":"https:\/\/mueblesdetena.es\/ru_ru\/wp-json\/wp\/v2\/taxonomies\/product_cat"}],"up":[{"embeddable":true,"href":"https:\/\/mueblesdetena.es\/ru_ru\/wp-json\/wp\/v2\/product_cat\/254"}],"wp:post_type":[{"href":"https:\/\/mueblesdetena.es\/ru_ru\/wp-json\/wp\/v2\/product?product_cat=264"}],"curies":[{"name":"wp","href":"https:\/\/api.w.org\/{rel}","templated":true}]}}