{"id":278,"count":21,"description":"<strong>Sof\u00e1s relax el\u00e9ctricos en Badalona<\/strong> para disfrutar de un descanso c\u00f3modo y pr\u00e1ctico en el sal\u00f3n. En Muebles Detena encontrar\u00e1s modelos motorizados de 2 y 3 plazas, opciones con relax individual, sistemas cardio, asientos deslizantes y diferentes tapizados para adaptar el sof\u00e1 a tu hogar.\r\n\r\nSof\u00e1s relax el\u00e9ctricos para mayor comodidad diaria\r\nUn sof\u00e1 relax el\u00e9ctrico permite reclinar el asiento con solo pulsar un bot\u00f3n, facilitando una postura m\u00e1s c\u00f3moda para ver la televisi\u00f3n, leer o descansar. Es una opci\u00f3n ideal para quienes buscan confort extra, facilidad de uso y un sof\u00e1 funcional para el d\u00eda a d\u00eda.\r\n\r\n\r\nSof\u00e1s relax el\u00e9ctricos de 2 y 3 plazas.\r\nModelos con uno o varios motores.\r\nOpciones con sistema cardio o elevaci\u00f3n seg\u00fan modelo.\r\nDiferentes tejidos, colores y acabados.\r\nAsesoramiento para elegir medida, firmeza y mecanismo.\r\nTransporte y montaje seg\u00fan zona.\r\n\r\n\r\nSi quieres comparar otros formatos, visita nuestra categor\u00eda principal de <a href=\"https:\/\/mueblesdetena.es\/ru_ru\/sofas-badalona\/\">sof\u00e1s en Badalona<\/a>. Tambi\u00e9n puedes ver <a href=\"https:\/\/mueblesdetena.es\/ru_ru\/sofas-con-chaise-longue\/\">sof\u00e1s con chaise longue<\/a>, <a href=\"https:\/\/mueblesdetena.es\/ru_ru\/sofas-sin-chaise-longue\/\">sof\u00e1s sin chaise longue<\/a> y <a href=\"https:\/\/mueblesdetena.es\/ru_ru\/relax-butacas\/\">butacas relax<\/a>.\r\n\r\nPreguntas frecuentes sobre sof\u00e1s relax el\u00e9ctricos\r\n\r\n\u00bfQu\u00e9 ventaja tiene un sof\u00e1 relax el\u00e9ctrico?\r\nLa principal ventaja es la comodidad de uso. Puedes reclinar el asiento de forma suave mediante motor, sin esfuerzo y ajustando la postura seg\u00fan el momento.\r\n\r\n\u00bfNecesita enchufe cerca?\r\nS\u00ed. Los modelos el\u00e9ctricos necesitan conexi\u00f3n a la corriente. Conviene revisar la ubicaci\u00f3n del enchufe antes de elegir el sof\u00e1 y su distribuci\u00f3n en el sal\u00f3n.\r\n\r\n\u00bfHay sof\u00e1s relax el\u00e9ctricos de 2 y 3 plazas?\r\nS\u00ed. Disponemos de opciones de diferentes medidas, desde sof\u00e1s compactos hasta modelos familiares con varias plazas y mecanismos relax.\r\n\r\n\u00bfPuedo elegir tapizado y color?\r\nS\u00ed. Muchos modelos permiten elegir tejido, color y acabado. Te asesoramos para escoger una opci\u00f3n c\u00f3moda, resistente y adecuada al uso diario.","link":"https:\/\/mueblesdetena.es\/ru_ru\/sofa-relax-electrico\/","name":"Sof\u00e1 relax el\u00e9ctrico","slug":"sofa-relax-electrico","taxonomy":"product_cat","parent":259,"meta":[],"menu_order":0,"_links":{"self":[{"href":"https:\/\/mueblesdetena.es\/ru_ru\/wp-json\/wp\/v2\/product_cat\/278","targetHints":{"allow":["GET"]}}],"collection":[{"href":"https:\/\/mueblesdetena.es\/ru_ru\/wp-json\/wp\/v2\/product_cat"}],"about":[{"href":"https:\/\/mueblesdetena.es\/ru_ru\/wp-json\/wp\/v2\/taxonomies\/product_cat"}],"up":[{"embeddable":true,"href":"https:\/\/mueblesdetena.es\/ru_ru\/wp-json\/wp\/v2\/product_cat\/259"}],"wp:post_type":[{"href":"https:\/\/mueblesdetena.es\/ru_ru\/wp-json\/wp\/v2\/product?product_cat=278"}],"curies":[{"name":"wp","href":"https:\/\/api.w.org\/{rel}","templated":true}]}}