{"id":280,"count":27,"description":"<strong>Sof\u00e1s sin chaise longue en Badalona<\/strong> para salones que necesitan comodidad sin ocupar demasiado espacio. En Muebles Detena encontrar\u00e1s sof\u00e1s lineales de 2 y 3 plazas, modelos con asientos deslizantes, respaldos multiposici\u00f3n, relax y diferentes tapizados para adaptar el sof\u00e1 a tu sal\u00f3n.\r\n\r\nSof\u00e1s lineales para salones peque\u00f1os y medianos\r\nUn sof\u00e1 sin chaise longue es una opci\u00f3n muy pr\u00e1ctica cuando quieres mantener una zona de paso amplia, aprovechar mejor la pared o combinar el sof\u00e1 con sillones, butacas o mesas auxiliares. Son modelos f\u00e1ciles de colocar y adecuados tanto para viviendas peque\u00f1as como para salones familiares.\r\n\r\n\r\nSof\u00e1s de 2 y 3 plazas.\r\nModelos con asientos deslizantes o relax.\r\nOpciones modernas, tapizadas y con diferentes colores.\r\nSof\u00e1s compactos para salones peque\u00f1os.\r\nAsesoramiento para elegir medida, tejido y firmeza.\r\nTransporte y montaje seg\u00fan zona.\r\n\r\n\r\nSi quieres comparar otros formatos, visita nuestra categor\u00eda principal de <a href=\"https:\/\/mueblesdetena.es\/ru_ru\/sofas-badalona\/\">sof\u00e1s en Badalona<\/a>. Tambi\u00e9n puedes ver <a href=\"https:\/\/mueblesdetena.es\/ru_ru\/sofas-con-chaise-longue\/\">sof\u00e1s con chaise longue<\/a>, <a href=\"https:\/\/mueblesdetena.es\/ru_ru\/sofa-relax-electrico\/\">sof\u00e1s relax el\u00e9ctricos<\/a> y <a href=\"https:\/\/mueblesdetena.es\/ru_ru\/relax-butacas\/\">butacas relax<\/a>.\r\n\r\nPreguntas frecuentes sobre sof\u00e1s sin chaise longue\r\n\r\n\u00bfCu\u00e1ndo conviene elegir un sof\u00e1 sin chaise longue?\r\nConviene cuando el sal\u00f3n es estrecho, necesitas dejar paso libre o prefieres una distribuci\u00f3n m\u00e1s flexible. Un sof\u00e1 lineal ocupa menos fondo y suele encajar mejor en paredes rectas.\r\n\r\n\u00bfHay sof\u00e1s sin chaise longue con relax?\r\nS\u00ed. Existen modelos lineales con relax manual o el\u00e9ctrico, asientos deslizantes y cabezales reclinables para mejorar la comodidad sin a\u00f1adir m\u00f3dulo chaise longue.\r\n\r\n\u00bfQu\u00e9 medida de sof\u00e1 necesito?\r\nDepende del espacio disponible y del n\u00famero de plazas. Lo ideal es medir la pared, revisar la zona de paso y dejar margen para abrir puertas, muebles o mecanismos relax.\r\n\r\n\u00bfPuedo elegir tapizado y color?\r\nS\u00ed. Muchos modelos permiten elegir tejido, color y acabado. Te asesoramos para encontrar una opci\u00f3n resistente, c\u00f3moda y adecuada al uso diario.","link":"https:\/\/mueblesdetena.es\/ru_ru\/sofas-sin-chaise-longue\/","name":"Sof\u00e1s sin chaise longue","slug":"sofas-sin-chaise-longue","taxonomy":"product_cat","parent":259,"meta":[],"menu_order":0,"_links":{"self":[{"href":"https:\/\/mueblesdetena.es\/ru_ru\/wp-json\/wp\/v2\/product_cat\/280","targetHints":{"allow":["GET"]}}],"collection":[{"href":"https:\/\/mueblesdetena.es\/ru_ru\/wp-json\/wp\/v2\/product_cat"}],"about":[{"href":"https:\/\/mueblesdetena.es\/ru_ru\/wp-json\/wp\/v2\/taxonomies\/product_cat"}],"up":[{"embeddable":true,"href":"https:\/\/mueblesdetena.es\/ru_ru\/wp-json\/wp\/v2\/product_cat\/259"}],"wp:post_type":[{"href":"https:\/\/mueblesdetena.es\/ru_ru\/wp-json\/wp\/v2\/product?product_cat=280"}],"curies":[{"name":"wp","href":"https:\/\/api.w.org\/{rel}","templated":true}]}}