{"id":288,"count":3,"description":"<strong>Canap\u00e9s el\u00e9ctricos articulados<\/strong> para quienes buscan una base de descanso c\u00f3moda, con apertura motorizada y espacio de almacenaje bajo el colch\u00f3n. En Muebles Detena trabajamos modelos pensados para mejorar el descanso diario y aprovechar mejor el dormitorio, especialmente cuando se necesita una cama pr\u00e1ctica, ordenada y f\u00e1cil de utilizar.\n\nCanap\u00e9s el\u00e9ctricos articulados con almacenaje\nUn canap\u00e9 el\u00e9ctrico articulado combina varias ventajas en un solo mueble: base firme, somier articulado, motor para elevar la zona de descanso y arc\u00f3n inferior para guardar ropa de cama, mantas o art\u00edculos de temporada. Es una opci\u00f3n muy interesante para dormitorios de matrimonio, habitaciones individuales y personas que quieren m\u00e1s comodidad al descansar o incorporarse.\nDentro de esta categor\u00eda puedes encontrar modelos como canap\u00e9s articulados el\u00e9ctricos con mando, sistemas de apertura asistida, bases con buena capacidad interior y acabados preparados para integrarse en dormitorios actuales. La elecci\u00f3n depender\u00e1 de la medida del colch\u00f3n, la altura deseada, el tipo de tapizado y la facilidad de acceso a la vivienda.\n\nVentajas de elegir un canap\u00e9 articulado el\u00e9ctrico\n\nPermite elevar la zona de cabeza o piernas de forma c\u00f3moda.\nA\u00f1ade almacenaje bajo la cama sin ocupar m\u00e1s espacio en la habitaci\u00f3n.\nPuede ayudar a leer, ver televisi\u00f3n o descansar en una posici\u00f3n m\u00e1s ergon\u00f3mica.\nEs \u00fatil en dormitorios donde se necesita orden y una base s\u00f3lida.\nHay opciones en diferentes medidas, acabados y colores.\nEl sistema motorizado facilita el uso diario frente a bases manuales.\n\n\nAsesoramiento en Badalona, Barcelona, Girona y Tarragona\nSi est\u00e1s valorando un canap\u00e9 el\u00e9ctrico articulado, te ayudamos a revisar medidas, altura, capacidad interior, tipo de colch\u00f3n compatible y condiciones de transporte o montaje. Atendemos clientes de Badalona y Barcelona, y tambi\u00e9n podemos valorar entregas o consultas para Girona y Tarragona seg\u00fan modelo y zona.\nTambi\u00e9n puedes revisar nuestra categor\u00eda principal de <a href=\"https:\/\/mueblesdetena.es\/canapes\/\">canap\u00e9s<\/a>, los <a href=\"https:\/\/mueblesdetena.es\/canapes-abatibles\/\">canap\u00e9s abatibles con almacenaje<\/a>, los <a href=\"https:\/\/mueblesdetena.es\/canapes-zapatero\/\">canap\u00e9s zapatero<\/a> o la secci\u00f3n de <a href=\"https:\/\/mueblesdetena.es\/somieres-bases-tapizadas\/\">somieres y bases tapizadas<\/a> si buscas una soluci\u00f3n m\u00e1s sencilla.\n\nQu\u00e9 revisar antes de comprar\nAntes de elegir, conviene confirmar la medida exacta del colch\u00f3n, el espacio libre alrededor de la cama, la altura total del conjunto y si necesitas montaje profesional. En los canap\u00e9s articulados el\u00e9ctricos tambi\u00e9n es importante valorar el acceso a un enchufe, el uso previsto y el tipo de colch\u00f3n que se utilizar\u00e1 con la base articulada.\nSon modelos muy valorados por clientes que buscan un dormitorio m\u00e1s c\u00f3modo, con buen aprovechamiento del espacio y una base preparada para el descanso diario.\n\n<!-- wp:rank-math\/faq-block {\"questions\":[{\"id\":\"faq-canapes-electricos-1\",\"title\":\"\u00bfQu\u00e9 es un canap\u00e9 el\u00e9ctrico articulado?\",\"content\":\"Es una base de cama con almacenaje inferior y sistema motorizado que permite articular el descanso, normalmente elevando la zona de cabeza o piernas mediante mando.\",\"visible\":true},{\"id\":\"faq-canapes-electricos-2\",\"title\":\"\u00bfSirve cualquier colch\u00f3n para un canap\u00e9 articulado el\u00e9ctrico?\",\"content\":\"No siempre. Conviene utilizar un colch\u00f3n compatible con somier articulado para que se adapte bien al movimiento de la base y no sufra deformaciones.\",\"visible\":true},{\"id\":\"faq-canapes-electricos-3\",\"title\":\"\u00bfTiene espacio de almacenaje?\",\"content\":\"S\u00ed. La principal ventaja frente a una base articulada convencional es que a\u00f1ade un arc\u00f3n inferior para guardar ropa de cama, mantas o art\u00edculos de temporada.\",\"visible\":true},{\"id\":\"faq-canapes-electricos-4\",\"title\":\"\u00bfOfrec\u00e9is montaje en Badalona y Barcelona?\",\"content\":\"Podemos informarte sobre transporte y montaje seg\u00fan modelo, medida y zona de entrega. Para Girona y Tarragona conviene consultar condiciones antes de confirmar el pedido.\",\"visible\":true}]} -->\n\n\u00bfQu\u00e9 es un canap\u00e9 el\u00e9ctrico articulado?Es una base de cama con almacenaje inferior y sistema motorizado que permite articular el descanso, normalmente elevando la zona de cabeza o piernas mediante mando.\n\u00bfSirve cualquier colch\u00f3n para un canap\u00e9 articulado el\u00e9ctrico?No siempre. Conviene utilizar un colch\u00f3n compatible con somier articulado para que se adapte bien al movimiento de la base y no sufra deformaciones.\n\u00bfTiene espacio de almacenaje?S\u00ed. La principal ventaja frente a una base articulada convencional es que a\u00f1ade un arc\u00f3n inferior para guardar ropa de cama, mantas o art\u00edculos de temporada.\n\u00bfOfrec\u00e9is montaje en Badalona y Barcelona?Podemos informarte sobre transporte y montaje seg\u00fan modelo, medida y zona de entrega. Para Girona y Tarragona conviene consultar condiciones antes de confirmar el pedido.\n\n<!-- \/wp:rank-math\/faq-block -->","link":"https:\/\/mueblesdetena.es\/ru_ru\/canapes-electricos-articulados\/","name":"Canap\u00e9s el\u00e9ctricos articulados en Badalona y Barcelona","slug":"canapes-electricos-articulados","taxonomy":"product_cat","parent":261,"meta":[],"menu_order":0,"_links":{"self":[{"href":"https:\/\/mueblesdetena.es\/ru_ru\/wp-json\/wp\/v2\/product_cat\/288","targetHints":{"allow":["GET"]}}],"collection":[{"href":"https:\/\/mueblesdetena.es\/ru_ru\/wp-json\/wp\/v2\/product_cat"}],"about":[{"href":"https:\/\/mueblesdetena.es\/ru_ru\/wp-json\/wp\/v2\/taxonomies\/product_cat"}],"up":[{"embeddable":true,"href":"https:\/\/mueblesdetena.es\/ru_ru\/wp-json\/wp\/v2\/product_cat\/261"}],"wp:post_type":[{"href":"https:\/\/mueblesdetena.es\/ru_ru\/wp-json\/wp\/v2\/product?product_cat=288"}],"curies":[{"name":"wp","href":"https:\/\/api.w.org\/{rel}","templated":true}]}}