{"id":290,"count":3,"description":"<strong>Somieres y bases tapizadas<\/strong> para mejorar el descanso y completar el dormitorio con una base firme, c\u00f3moda y adaptada al colch\u00f3n. En esta secci\u00f3n encontrar\u00e1s soluciones de descanso para diferentes necesidades: bases tapizadas, somieres, camas articuladas el\u00e9ctricas y modelos pensados para ganar comodidad en el d\u00eda a d\u00eda.\n\nBases de descanso para cada dormitorio\nLa base de la cama influye mucho en la sensaci\u00f3n de descanso. No es lo mismo colocar un colch\u00f3n sobre una base tapizada firme que sobre un somier articulado o una cama el\u00e9ctrica. Por eso conviene elegir seg\u00fan el tipo de colch\u00f3n, el uso diario, la medida de la cama y el nivel de comodidad que se busca.\nEn Muebles Detena trabajamos opciones para dormitorios individuales y de matrimonio, con modelos sencillos para uso diario y soluciones articuladas para quienes necesitan elevar la zona de cabeza o piernas con mayor comodidad.\n\nSomieres, bases tapizadas y camas articuladas\n\n<strong>Somieres:<\/strong> una soluci\u00f3n pr\u00e1ctica y transpirable para muchos tipos de colch\u00f3n.\n<strong>Bases tapizadas:<\/strong> aportan firmeza, estabilidad y una est\u00e9tica limpia en el dormitorio.\n<strong>Camas articuladas el\u00e9ctricas:<\/strong> permiten adaptar la postura de descanso mediante motor.\n<strong>Modelos individuales y dobles:<\/strong> seg\u00fan medida del colch\u00f3n y necesidades de uso.\n<strong>Opciones con diferentes acabados:<\/strong> para combinar mejor con el resto del dormitorio.\n\n\nC\u00f3mo elegir bien la base\nAntes de elegir un somier o base tapizada conviene revisar la medida exacta del colch\u00f3n, el tipo de descanso que buscas, la altura final de la cama y si necesitas una base fija o articulada. Las camas articuladas son una opci\u00f3n especialmente interesante si quieres leer, ver televisi\u00f3n o descansar con una postura m\u00e1s c\u00f3moda.\nSi buscas una soluci\u00f3n con almacenaje bajo la cama, quiz\u00e1 te interese visitar nuestra categor\u00eda de <a href=\"https:\/\/mueblesdetena.es\/canapes\/\">canap\u00e9s<\/a> o ver los <a href=\"https:\/\/mueblesdetena.es\/canapes-abatibles\/\">canap\u00e9s abatibles con almacenaje<\/a>. Si buscas una base con motor y mayor comodidad, revisa tambi\u00e9n las <a href=\"https:\/\/mueblesdetena.es\/camas-electricas\/\">camas el\u00e9ctricas articuladas<\/a>.\n\nDescanso en Badalona, Barcelona, Girona y Tarragona\nTe ayudamos a elegir somieres, bases tapizadas y camas articuladas en Badalona y Barcelona, y tambi\u00e9n podemos valorar consultas para Girona y Tarragona seg\u00fan modelo, medida y disponibilidad. Antes de confirmar el pedido conviene revisar acceso a la vivienda, montaje y compatibilidad con el colch\u00f3n.\nEsta secci\u00f3n forma parte de nuestra categor\u00eda de <a href=\"https:\/\/mueblesdetena.es\/camas-colchones-badalona\/\">camas, colchones y descanso<\/a>, pensada para completar el dormitorio con una base adecuada, un colch\u00f3n c\u00f3modo y un montaje correcto.\n\nVentajas de una buena base de descanso\nUna base estable ayuda a que el colch\u00f3n trabaje mejor, mejora la sensaci\u00f3n de apoyo y puede alargar la vida \u00fatil del equipo de descanso. En habitaciones peque\u00f1as, una base bien elegida tambi\u00e9n permite mantener una est\u00e9tica m\u00e1s ordenada y evitar soluciones improvisadas.\nSi tienes dudas entre base tapizada, somier o cama articulada, podemos orientarte seg\u00fan la medida de tu colch\u00f3n, el uso previsto y el presupuesto.\n\n<!-- wp:rank-math\/faq-block {\"questions\":[{\"id\":\"faq-somieres-1\",\"title\":\"\u00bfQu\u00e9 diferencia hay entre somier y base tapizada?\",\"content\":\"El somier suele ser m\u00e1s transpirable y flexible, mientras que la base tapizada ofrece una superficie m\u00e1s firme, estable y con una est\u00e9tica m\u00e1s compacta.\",\"visible\":true},{\"id\":\"faq-somieres-2\",\"title\":\"\u00bfPuedo usar cualquier colch\u00f3n en una cama articulada?\",\"content\":\"No siempre. Para camas articuladas conviene elegir un colch\u00f3n compatible con movimiento para que se adapte bien a las posiciones de la base.\",\"visible\":true},{\"id\":\"faq-somieres-3\",\"title\":\"\u00bfTen\u00e9is camas articuladas el\u00e9ctricas?\",\"content\":\"S\u00ed. En esta secci\u00f3n aparecen modelos articulados el\u00e9ctricos individuales y dobles, pensados para mejorar la comodidad y adaptar la postura de descanso.\",\"visible\":true},{\"id\":\"faq-somieres-4\",\"title\":\"\u00bfOfrec\u00e9is transporte y montaje?\",\"content\":\"Podemos informarte sobre transporte y montaje seg\u00fan modelo, medida y zona. Para Badalona y Barcelona es m\u00e1s habitual, y para Girona o Tarragona conviene consultar condiciones.\",\"visible\":true}]} -->\n\n\u00bfQu\u00e9 diferencia hay entre somier y base tapizada?El somier suele ser m\u00e1s transpirable y flexible, mientras que la base tapizada ofrece una superficie m\u00e1s firme, estable y con una est\u00e9tica m\u00e1s compacta.\n\u00bfPuedo usar cualquier colch\u00f3n en una cama articulada?No siempre. Para camas articuladas conviene elegir un colch\u00f3n compatible con movimiento para que se adapte bien a las posiciones de la base.\n\u00bfTen\u00e9is camas articuladas el\u00e9ctricas?S\u00ed. En esta secci\u00f3n aparecen modelos articulados el\u00e9ctricos individuales y dobles, pensados para mejorar la comodidad y adaptar la postura de descanso.\n\u00bfOfrec\u00e9is transporte y montaje?Podemos informarte sobre transporte y montaje seg\u00fan modelo, medida y zona. Para Badalona y Barcelona es m\u00e1s habitual, y para Girona o Tarragona conviene consultar condiciones.\n\n<!-- \/wp:rank-math\/faq-block -->","link":"https:\/\/mueblesdetena.es\/ru_ru\/somieres-bases-tapizadas\/","name":"Somieres y bases tapizadas en Badalona y Barcelona","slug":"somieres-bases-tapizadas","taxonomy":"product_cat","parent":275,"meta":[],"menu_order":0,"_links":{"self":[{"href":"https:\/\/mueblesdetena.es\/ru_ru\/wp-json\/wp\/v2\/product_cat\/290","targetHints":{"allow":["GET"]}}],"collection":[{"href":"https:\/\/mueblesdetena.es\/ru_ru\/wp-json\/wp\/v2\/product_cat"}],"about":[{"href":"https:\/\/mueblesdetena.es\/ru_ru\/wp-json\/wp\/v2\/taxonomies\/product_cat"}],"up":[{"embeddable":true,"href":"https:\/\/mueblesdetena.es\/ru_ru\/wp-json\/wp\/v2\/product_cat\/275"}],"wp:post_type":[{"href":"https:\/\/mueblesdetena.es\/ru_ru\/wp-json\/wp\/v2\/product?product_cat=290"}],"curies":[{"name":"wp","href":"https:\/\/api.w.org\/{rel}","templated":true}]}}