{"id":295,"count":16,"description":"<!-- wp:paragraph -->\nLas <strong>cunas para beb\u00e9 y convertibles<\/strong> son una pieza clave para crear un dormitorio infantil c\u00f3modo, seguro y bien aprovechado. En Muebles Detena encontrar\u00e1s cunas de 120x60, cunas de 140x70, modelos con caj\u00f3n, opciones de colecho y cunas convertibles pensadas para acompa\u00f1ar el crecimiento del beb\u00e9.\n<!-- \/wp:paragraph -->\n\n<!-- wp:paragraph -->\nEsta categor\u00eda est\u00e1 enfocada en cunas individuales y convertibles. Si quieres una habitaci\u00f3n infantil m\u00e1s completa con armario, c\u00f3moda, cambiador o m\u00f3dulos coordinados, tambi\u00e9n puedes revisar nuestras <a href=\"https:\/\/mueblesdetena.es\/composiciones-con-cuna\/\">composiciones con cuna en Badalona y Barcelona<\/a>.\n<!-- \/wp:paragraph -->\n\n<!-- wp:heading -->\nCunas de 120x60 y 140x70 para dormitorio infantil\n<!-- \/wp:heading -->\n\n<!-- wp:paragraph -->\nLas medidas m\u00e1s habituales son 120x60 y 140x70 cm. Las cunas de 120 suelen encajar muy bien en dormitorios peque\u00f1os o cuando quieres una soluci\u00f3n m\u00e1s compacta. Las cunas de 140 ofrecen m\u00e1s recorrido y pueden ser una opci\u00f3n interesante si buscas una cuna convertible o un modelo que acompa\u00f1e durante m\u00e1s tiempo.\n<!-- \/wp:paragraph -->\n\n<!-- wp:paragraph -->\nTambi\u00e9n hay modelos con caj\u00f3n inferior para guardar ropa de cama, mantas, pa\u00f1ales o peque\u00f1os accesorios. Esta opci\u00f3n es muy pr\u00e1ctica cuando el dormitorio infantil no dispone de mucho almacenaje o cuando quieres mantener todo lo necesario cerca de la cuna.\n<!-- \/wp:paragraph -->\n\n<!-- wp:heading -->\nCunas convertibles, colecho y dise\u00f1os coordinados\n<!-- \/wp:heading -->\n\n<!-- wp:paragraph -->\nLas cunas convertibles permiten alargar el uso del mueble y adaptarlo mejor al crecimiento del beb\u00e9. Seg\u00fan modelo, pueden integrarse con c\u00f3moda, escritorio, cama infantil o m\u00f3dulos auxiliares. Tambi\u00e9n contamos con cunas de colecho y dise\u00f1os con patas, acabados bicolor, tonos neutros y estilos modernos para combinar con el resto de la habitaci\u00f3n.\n<!-- \/wp:paragraph -->\n\n<!-- wp:paragraph -->\nSi est\u00e1s preparando todo el dormitorio, puedes visitar la categor\u00eda principal de <a href=\"https:\/\/mueblesdetena.es\/infantil-cunas\/\">muebles infantiles y cunas<\/a>. All\u00ed agrupamos soluciones m\u00e1s amplias para habitaciones infantiles, mientras que esta secci\u00f3n se centra en elegir la cuna adecuada.\n<!-- \/wp:paragraph -->\n\n<!-- wp:heading -->\nAsesoramiento en Badalona y Barcelona\n<!-- \/wp:heading -->\n\n<!-- wp:paragraph -->\nEn Muebles Detena te ayudamos a elegir la cuna seg\u00fan la medida del dormitorio, el estilo que buscas, el tipo de almacenaje, el acabado y la posibilidad de combinarla con otros muebles infantiles. Tambi\u00e9n puedes consultar transporte y montaje en Badalona, Barcelona y zonas cercanas.\n<!-- \/wp:paragraph -->\n\n<!-- wp:paragraph -->\nAl elegir una cuna conviene revisar la medida, el acceso a la habitaci\u00f3n, si necesitas caj\u00f3n inferior, si prefieres colecho y si m\u00e1s adelante querr\u00e1s ampliar el dormitorio con armario, c\u00f3moda o cama infantil. Te orientamos para que la compra sea pr\u00e1ctica desde el primer d\u00eda.\n<!-- \/wp:paragraph -->\n\n<!-- wp:heading -->\nPreguntas frecuentes\n<!-- \/wp:heading -->\n\n<!-- wp:rank-math\/faq-block {\"questions\":[{\"id\":\"faq-cunas-bebe-convertibles-1\",\"title\":\"\u00bfQu\u00e9 medida de cuna necesito para mi beb\u00e9?\",\"content\":\"Las medidas m\u00e1s habituales son 120x60 y 140x70 cm. La elecci\u00f3n depende del espacio disponible, la edad de uso prevista y si buscas una cuna sencilla o convertible.\",\"visible\":true},{\"id\":\"faq-cunas-bebe-convertibles-2\",\"title\":\"\u00bfQu\u00e9 diferencia hay entre una cuna normal y una convertible?\",\"content\":\"La cuna normal est\u00e1 pensada para la primera etapa del beb\u00e9. La cuna convertible puede transformarse o integrarse en una composici\u00f3n infantil para alargar su uso durante m\u00e1s tiempo.\",\"visible\":true},{\"id\":\"faq-cunas-bebe-convertibles-3\",\"title\":\"\u00bfHay cunas con caj\u00f3n o colecho?\",\"content\":\"S\u00ed. Hay modelos con caj\u00f3n inferior para ganar almacenaje y opciones de colecho o dise\u00f1os pensados para facilitar el acceso diario al beb\u00e9.\",\"visible\":true},{\"id\":\"faq-cunas-bebe-convertibles-4\",\"title\":\"\u00bfPuedo combinar la cuna con armario o c\u00f3moda?\",\"content\":\"S\u00ed. Puedes combinar la cuna con c\u00f3moda, armario, cambiador o una composici\u00f3n con cuna para crear un dormitorio infantil m\u00e1s completo y coordinado.\",\"visible\":true},{\"id\":\"faq-cunas-bebe-convertibles-5\",\"title\":\"\u00bfOfrec\u00e9is montaje en Badalona y Barcelona?\",\"content\":\"S\u00ed. Puedes consultar transporte y montaje opcional en Badalona, Barcelona y zonas cercanas. Te asesoramos para elegir medida, acabado y composici\u00f3n.\",\"visible\":true}]} -->\n\n\n\u00bfQu\u00e9 medida de cuna necesito para mi beb\u00e9?\nLas medidas m\u00e1s habituales son 120x60 y 140x70 cm. La elecci\u00f3n depende del espacio disponible, la edad de uso prevista y si buscas una cuna sencilla o convertible.\n\n\n\u00bfQu\u00e9 diferencia hay entre una cuna normal y una convertible?\nLa cuna normal est\u00e1 pensada para la primera etapa del beb\u00e9. La cuna convertible puede transformarse o integrarse en una composici\u00f3n infantil para alargar su uso durante m\u00e1s tiempo.\n\n\n\u00bfHay cunas con caj\u00f3n o colecho?\nS\u00ed. Hay modelos con caj\u00f3n inferior para ganar almacenaje y opciones de colecho o dise\u00f1os pensados para facilitar el acceso diario al beb\u00e9.\n\n\n\u00bfPuedo combinar la cuna con armario o c\u00f3moda?\nS\u00ed. Puedes combinar la cuna con c\u00f3moda, armario, cambiador o una composici\u00f3n con cuna para crear un dormitorio infantil m\u00e1s completo y coordinado.\n\n\n\u00bfOfrec\u00e9is montaje en Badalona y Barcelona?\nS\u00ed. Puedes consultar transporte y montaje opcional en Badalona, Barcelona y zonas cercanas. Te asesoramos para elegir medida, acabado y composici\u00f3n.\n\n\n<!-- \/wp:rank-math\/faq-block -->","link":"https:\/\/mueblesdetena.es\/ru_ru\/cunas\/","name":"Cunas para beb\u00e9 y convertibles","slug":"cunas","taxonomy":"product_cat","parent":291,"meta":[],"menu_order":0,"_links":{"self":[{"href":"https:\/\/mueblesdetena.es\/ru_ru\/wp-json\/wp\/v2\/product_cat\/295","targetHints":{"allow":["GET"]}}],"collection":[{"href":"https:\/\/mueblesdetena.es\/ru_ru\/wp-json\/wp\/v2\/product_cat"}],"about":[{"href":"https:\/\/mueblesdetena.es\/ru_ru\/wp-json\/wp\/v2\/taxonomies\/product_cat"}],"up":[{"embeddable":true,"href":"https:\/\/mueblesdetena.es\/ru_ru\/wp-json\/wp\/v2\/product_cat\/291"}],"wp:post_type":[{"href":"https:\/\/mueblesdetena.es\/ru_ru\/wp-json\/wp\/v2\/product?product_cat=295"}],"curies":[{"name":"wp","href":"https:\/\/api.w.org\/{rel}","templated":true}]}}